{"id":5500,"date":"2014-09-21T20:16:52","date_gmt":"2014-09-21T18:16:52","guid":{"rendered":"http:\/\/blogs.deia.com\/anasagasti\/?p=5500"},"modified":"2014-09-21T20:16:52","modified_gmt":"2014-09-21T18:16:52","slug":"los-dos-apotegmas-de-soraya","status":"publish","type":"post","link":"https:\/\/blogs.deia.eus\/anasagasti\/2014\/09\/21\/los-dos-apotegmas-de-soraya\/","title":{"rendered":"Los dos apotegmas de Soraya"},"content":{"rendered":"<p><strong><strong>Domingo 21 de septiembre de 2014<\/strong><\/strong><\/p>\n<p><a href=\"http:\/\/blogs.deia.com\/anasagasti\/files\/2014\/09\/Soraya.png\"><img loading=\"lazy\" decoding=\"async\" class=\"alignleft size-full wp-image-5501\" src=\"http:\/\/blogs.deia.com\/anasagasti\/files\/2014\/09\/Soraya.png\" alt=\"Soraya\" width=\"275\" height=\"183\" \/><\/a>Tras la desaparici\u00f3n en combate de Soraya Rodr\u00edguez (PSOE), ahora solo queda una Soraya. La m\u00e1s repipi e inaguantable, la que con aires de grandeza y una \u00a0prepotencia que produce alergia contesta los mi\u00e9rcoles en el Congreso al portavoz del\u00a0 PSOE. La Sra. \u00a0vicepresidenta de un gobierno que tiene un presidente con un jefe de gabinete que le pide a una ex novia del hijo de Pujol que\u00a0cuente cosas por el bien de Espa\u00f1a. Soraya S\u00e1enz de Santamar\u00eda, abogada del estado, de un estado centralista.<\/p>\n<p>Bueno, pues esta se\u00f1ora solt\u00f3 dos apotegmas\u00a0el s\u00e1bado. No al estilo de Cat\u00f3n, sino al estilo de Srta Rotemmayer. Y ya sabemos que un apotegma es una selecci\u00f3n breve y a veces graciosa en la que subyace un contenido moral aleccionador. Lo propio del PP. Consejos vendo que para m\u00ed no tengo.<\/p>\n<p>Dijo la buena Sra. \u00abEn estos d\u00edas, algunos (como si fueran los marcianos) firmar\u00e1n o no determinadas decisiones. Solo pido que piense que es el presidente\u00a0 de todos los que viven en esa comunidad. Y lo es por una Constituci\u00f3n que se\u00a0lo permite, le da esa potestad pero, sobre todo, es presidente para hacer la vida m\u00e1s f\u00e1cil\u00a0 y mejor a los que gobierna\u00bb.<\/p>\n<p>\u00bfQu\u00e9 es presidente de todos?. Pues si, como Rajoy. \u00bfY qu\u00e9 hace Rajoy para ser presidente de todos?.<\/p>\n<p>Una Constituci\u00f3n se lo permite. Ya estamos como los fariseos que cre\u00edan que el hombre se deb\u00eda al s\u00e1bado en lugar del s\u00e1bado para el hombre.<\/p>\n<p>Cualquier Constituci\u00f3n est\u00e1 hecha para el hombre y no el hombre para la Constituci\u00f3n. Salvo el caso de la espa\u00f1ola que est\u00e1 sacralizada y metida en un tabern\u00e1culo.<\/p>\n<p>Constituci\u00f3n sacralizada en algunas cosas, violanda todos los d\u00edas en otras.<\/p>\n<p>Pero ah\u00ed est\u00e1 esta se\u00f1ora desde su nacionalismo espa\u00f1ol impidiendo derechos con el NO a flor de labios.<\/p>\n<p>El derecho a decidir, que es el derecho a la autodeterminaci\u00f3n que es el derecho a poder ser independientes, es un derecho democr\u00e1tico. El negarlo para vascos, catalanes y espa\u00f1oles (Monarqu\u00eda\u00a0Rep\u00fablica) habla de la democracia de m\u00ednimos del PP. Un partido que solo sabe decir No, que solo sabe amenazar, que viniendo del franquismo nos quiere hacer creer que es m\u00e1s europeo que Schuman&#8230;..<\/p>\n<p>Y la se\u00f1ora vicepresidenta, con los ojos en blanco dando\u00a0 maternales consejos.<\/p>\n<p>\u00bfY \u00e9sta es la lista del gobierno?.<\/p>\n<p>Gallard\u00f3n no dimite, Ca\u00f1ete el machista, Comisario, y la Vice dando lecciones.<\/p>\n<p>Como dir\u00eda Romanones, !Jo&#8230;.que Tropa!.<\/p>\n<p>&nbsp;<\/p>\n<!-- AddThis Advanced Settings generic via filter on the_content --><!-- AddThis Share Buttons generic via filter on the_content -->","protected":false},"excerpt":{"rendered":"<p>Domingo 21 de septiembre de 2014 Tras la desaparici\u00f3n en combate de Soraya Rodr\u00edguez (PSOE), ahora solo queda una Soraya. La m\u00e1s repipi e inaguantable, la que con aires de grandeza y una \u00a0prepotencia que produce alergia contesta los mi\u00e9rcoles en el Congreso al portavoz del\u00a0 PSOE. La Sra. \u00a0vicepresidenta de un gobierno que tiene &hellip; <a href=\"https:\/\/blogs.deia.eus\/anasagasti\/2014\/09\/21\/los-dos-apotegmas-de-soraya\/\" class=\"more-link\">Sigue leyendo <span class=\"screen-reader-text\">Los dos apotegmas de Soraya<\/span><\/a><!-- AddThis Advanced Settings generic via filter on get_the_excerpt --><!-- AddThis Share Buttons generic via filter on get_the_excerpt --><\/p>\n","protected":false},"author":19,"featured_media":0,"comment_status":"open","ping_status":"open","sticky":false,"template":"","format":"standard","meta":{"footnotes":""},"categories":[1],"tags":[],"class_list":["post-5500","post","type-post","status-publish","format-standard","hentry","category-general"],"_links":{"self":[{"href":"https:\/\/blogs.deia.eus\/anasagasti\/wp-json\/wp\/v2\/posts\/5500","targetHints":{"allow":["GET"]}}],"collection":[{"href":"https:\/\/blogs.deia.eus\/anasagasti\/wp-json\/wp\/v2\/posts"}],"about":[{"href":"https:\/\/blogs.deia.eus\/anasagasti\/wp-json\/wp\/v2\/types\/post"}],"author":[{"embeddable":true,"href":"https:\/\/blogs.deia.eus\/anasagasti\/wp-json\/wp\/v2\/users\/19"}],"replies":[{"embeddable":true,"href":"https:\/\/blogs.deia.eus\/anasagasti\/wp-json\/wp\/v2\/comments?post=5500"}],"version-history":[{"count":1,"href":"https:\/\/blogs.deia.eus\/anasagasti\/wp-json\/wp\/v2\/posts\/5500\/revisions"}],"predecessor-version":[{"id":5502,"href":"https:\/\/blogs.deia.eus\/anasagasti\/wp-json\/wp\/v2\/posts\/5500\/revisions\/5502"}],"wp:attachment":[{"href":"https:\/\/blogs.deia.eus\/anasagasti\/wp-json\/wp\/v2\/media?parent=5500"}],"wp:term":[{"taxonomy":"category","embeddable":true,"href":"https:\/\/blogs.deia.eus\/anasagasti\/wp-json\/wp\/v2\/categories?post=5500"},{"taxonomy":"post_tag","embeddable":true,"href":"https:\/\/blogs.deia.eus\/anasagasti\/wp-json\/wp\/v2\/tags?post=5500"}],"curies":[{"name":"wp","href":"https:\/\/api.w.org\/{rel}","templated":true}]}}