{"id":5503,"date":"2014-09-22T20:53:24","date_gmt":"2014-09-22T18:53:24","guid":{"rendered":"http:\/\/blogs.deia.com\/anasagasti\/?p=5503"},"modified":"2014-09-22T20:53:24","modified_gmt":"2014-09-22T18:53:24","slug":"pedro-sanchez-viene-a-euzkadi-a-insultar-a-urkullu","status":"publish","type":"post","link":"https:\/\/blogs.deia.eus\/anasagasti\/2014\/09\/22\/pedro-sanchez-viene-a-euzkadi-a-insultar-a-urkullu\/","title":{"rendered":"Pedro S\u00e1nchez viene a Euzkadi a insultar a Urkullu"},"content":{"rendered":"<p><strong><strong>Lunes 22 de septiembre de 2014<\/strong><\/strong><\/p>\n<p><a href=\"http:\/\/blogs.deia.com\/anasagasti\/files\/2014\/09\/Pedro-Sanchez-en-Euskadi.jpg\"><img loading=\"lazy\" decoding=\"async\" class=\"alignleft size-full wp-image-5504\" src=\"http:\/\/blogs.deia.com\/anasagasti\/files\/2014\/09\/Pedro-Sanchez-en-Euskadi.jpg\" alt=\"Pedro Sanchez en Euskadi\" width=\"295\" height=\"171\" \/><\/a>Recuerdo la elecci\u00f3n de Patxi L\u00f3pez sustituyendo a Nicol\u00e1s Redondo. Fue en el Euskalduna y el EBB nos envi\u00f3 a aplaudir a aquel congreso a Josune Ariztondo y a m\u00ed. Y all\u00ed fuimos. Estuvimos a punto de salirnos cuando habl\u00f3 el ne\u00f3fito Jos\u00e9 Luis Rodr\u00edguez Zapatero. En su discurso nos puso pringando y se jact\u00f3 de no haber dado nunca la mano a Xabier Arzalluz como a Fidel Castro. Aplausos regocijados de los congresistas.<\/p>\n<p>Pasado el tiempo un d\u00eda en el Congreso se lo\u00a0 reclam\u00e9. Su respuesta fue decirme que no sab\u00eda que hab\u00eda una representaci\u00f3n del PNV en plan de cortes\u00eda en aquel congreso. Un insustancial. Como este Pedro S\u00e1nchez.<\/p>\n<p>Estuvo el domingo en el Euskalduna de Bilbao. Lleg\u00f3 mirando a la c\u00e1mara y dando besitos ante los arrebolados militantes. De pel\u00edcula de Walt Disney. Y\u00a0 todo muy rid\u00edculo y poco natural.<\/p>\n<p>Y tom\u00f3 la palabra.<\/p>\n<p><em>\u201cEl l\u00edder del PSOE se dirigi\u00f3 directamente al lehendakari I\u00f1igo Urkullu \u2013 con quien est\u00e1 previsto que se re\u00fana en pr\u00f3ximas fechas, al igual que con el presidente del PNV, Andoni Ortuzar- para asegurar, que pese a poner como lema de su ejecutivo Compromiso con las Personas, pretend\u00eda recortar diversas medidas del bienestar, que el PSE logr\u00f3 frenar. As\u00ed que sentiros orgullosos, porque, si fuese por Urkullu, har\u00eda lo mismo que Rajoy en el resto de Espa\u00f1a\u201d, manifest\u00f3 el m\u00e1ximo responsable del PSOE durante su visita de unas pocas horas a Euzkadi para arropar el relevo de Patxi L\u00f3pez por Idoia Mend\u00eda.<\/em><\/p>\n<p><em>Dijo m\u00e1s: \u201cA quienes afirman que Espa\u00f1a vuelve la espalda a Euskadi y que Euskadi nada tiene que ver con Espa\u00f1a, hay que decirles que aqu\u00ed se ha defendido la libertad con la sangre de los andaluces y se han levantado y abierto f\u00e1bricas con el sudor de gallegos y extreme\u00f1os\u201d.<\/em><\/p>\n<p>\u00bfA qu\u00e9 viene venir a Euzkadi, a insultar al personal?.<\/p>\n<p>Vengo diciendo que este\u00a0es un hombre sin sustancia. Puro aire y a veces maloliente.<\/p>\n<p>Patxi L\u00f3pez gobern\u00f3 gracias al PP y eso de que lograron que ETA desapareciera no est\u00e1 mal para que le aplaudan los suyos. \u00bfA que no lo dice delante de gentes que recuerdan que estaba en un tren en Estados Unidos y fue el \u00faltimo en enterarse del cese definitivo de ETA?.<\/p>\n<p>Y eso de que desaparece\u00a0 la presidencia del PSE y que amortizan el puesto de Egiguren, no deja de tener su aquel. Como el ap\u00e9ndice. \u00a1Zas! y fuera. A otra cosa. Todo el poder para la se\u00f1ora Mendia. \u00bfLo ha hecho tan mal Egiguren?.<\/p>\n<p>Ahora ya tienen solo una presidenta. La espa\u00f1ola.<\/p>\n<p>Es la antip\u00e1tica Micaela Navarro que es la presidenta del PSOE. Como la reina de Inglaterra que lo es para medio mundo.<\/p>\n<p>Y eso de que el PSE es el partido m\u00e1s antiguo de Euzkadi, \u00bfalguna vez lo hemos puesto en cuesti\u00f3n?.<\/p>\n<p>Y es que Sabino Arana\u00a0cre\u00f3 el PNV hace 120 a\u00f1os porque se di\u00f3 cuenta que aquel\u00a0 incipiente socialismo llevaba a Euzkadi a la ruina y que todos miraban a Madrid como locos.<\/p>\n<p>Como Patxi L\u00f3pez, que se nos va a Madrid, como se fueron\u00a0 antes Nicol\u00e1s Redondo, Eduardo Madina, Ram\u00f3n Jauregui y\u00a0 Txiki Benegas. La falta de implicaci\u00f3n de esta gente con el pa\u00eds es antol\u00f3gica.<\/p>\n<p>Es eso lo que denunciamos. La nula implicaci\u00f3n de esta gente con lo vasco.<\/p>\n<p>Pero vuelvo a S\u00e1nchez<\/p>\n<p>Decir eso de que Urkullu\u00a0 es como Rajoy es como para apuntarlo y repetirlo y restreg\u00e1rselo\u00a0 por la cara hasta la saciedad.<\/p>\n<p>Un insustancial. Un indocumentado. Un tipo lleno de aire mirando a la c\u00e1mara.<\/p>\n<p>Nada con sif\u00f3n.<\/p>\n<p>El pr\u00f3ximo perdedor.<\/p>\n<p>&nbsp;<\/p>\n<!-- AddThis Advanced Settings generic via filter on the_content --><!-- AddThis Share Buttons generic via filter on the_content -->","protected":false},"excerpt":{"rendered":"<p>Lunes 22 de septiembre de 2014 Recuerdo la elecci\u00f3n de Patxi L\u00f3pez sustituyendo a Nicol\u00e1s Redondo. Fue en el Euskalduna y el EBB nos envi\u00f3 a aplaudir a aquel congreso a Josune Ariztondo y a m\u00ed. Y all\u00ed fuimos. Estuvimos a punto de salirnos cuando habl\u00f3 el ne\u00f3fito Jos\u00e9 Luis Rodr\u00edguez Zapatero. En su discurso &hellip; <a href=\"https:\/\/blogs.deia.eus\/anasagasti\/2014\/09\/22\/pedro-sanchez-viene-a-euzkadi-a-insultar-a-urkullu\/\" class=\"more-link\">Sigue leyendo <span class=\"screen-reader-text\">Pedro S\u00e1nchez viene a Euzkadi a insultar a Urkullu<\/span><\/a><!-- AddThis Advanced Settings generic via filter on get_the_excerpt --><!-- AddThis Share Buttons generic via filter on get_the_excerpt --><\/p>\n","protected":false},"author":19,"featured_media":0,"comment_status":"open","ping_status":"open","sticky":false,"template":"","format":"standard","meta":{"footnotes":""},"categories":[1],"tags":[],"class_list":["post-5503","post","type-post","status-publish","format-standard","hentry","category-general"],"_links":{"self":[{"href":"https:\/\/blogs.deia.eus\/anasagasti\/wp-json\/wp\/v2\/posts\/5503","targetHints":{"allow":["GET"]}}],"collection":[{"href":"https:\/\/blogs.deia.eus\/anasagasti\/wp-json\/wp\/v2\/posts"}],"about":[{"href":"https:\/\/blogs.deia.eus\/anasagasti\/wp-json\/wp\/v2\/types\/post"}],"author":[{"embeddable":true,"href":"https:\/\/blogs.deia.eus\/anasagasti\/wp-json\/wp\/v2\/users\/19"}],"replies":[{"embeddable":true,"href":"https:\/\/blogs.deia.eus\/anasagasti\/wp-json\/wp\/v2\/comments?post=5503"}],"version-history":[{"count":1,"href":"https:\/\/blogs.deia.eus\/anasagasti\/wp-json\/wp\/v2\/posts\/5503\/revisions"}],"predecessor-version":[{"id":5505,"href":"https:\/\/blogs.deia.eus\/anasagasti\/wp-json\/wp\/v2\/posts\/5503\/revisions\/5505"}],"wp:attachment":[{"href":"https:\/\/blogs.deia.eus\/anasagasti\/wp-json\/wp\/v2\/media?parent=5503"}],"wp:term":[{"taxonomy":"category","embeddable":true,"href":"https:\/\/blogs.deia.eus\/anasagasti\/wp-json\/wp\/v2\/categories?post=5503"},{"taxonomy":"post_tag","embeddable":true,"href":"https:\/\/blogs.deia.eus\/anasagasti\/wp-json\/wp\/v2\/tags?post=5503"}],"curies":[{"name":"wp","href":"https:\/\/api.w.org\/{rel}","templated":true}]}}