{"id":5507,"date":"2014-09-23T20:42:47","date_gmt":"2014-09-23T18:42:47","guid":{"rendered":"http:\/\/blogs.deia.com\/anasagasti\/?p=5507"},"modified":"2014-09-23T20:42:47","modified_gmt":"2014-09-23T18:42:47","slug":"la-dimision-de-gallardon","status":"publish","type":"post","link":"https:\/\/blogs.deia.eus\/anasagasti\/2014\/09\/23\/la-dimision-de-gallardon\/","title":{"rendered":"La dimisi\u00f3n de Gallard\u00f3n"},"content":{"rendered":"<p><strong><strong>Martes 23 de septiembre de 2014<\/strong><\/strong><\/p>\n<p><a href=\"http:\/\/blogs.deia.com\/anasagasti\/files\/2014\/09\/Gallard\u00f3n.jpg\"><img loading=\"lazy\" decoding=\"async\" class=\"alignleft size-full wp-image-5508\" src=\"http:\/\/blogs.deia.com\/anasagasti\/files\/2014\/09\/Gallard\u00f3n.jpg\" alt=\"Gallard\u00f3n\" width=\"306\" height=\"165\" \/><\/a>He visto en directo la dimisi\u00f3n de Ruiz Gallard\u00f3n. Desde el punto de vista formal, ha sido impecable. Buen tono, no reprochar nada a nadie, ser una alfombra con el presidente, echarse \u00e9l la culpa de todo, abandonar la pol\u00edtica DE FORMA TOTAL, hablar de su hijo Ignacio all\u00ed presente. De nota.<\/p>\n<p>Pero todo muy falso. Me gustar\u00eda saber \u00a0de verdad lo que siente Gallard\u00f3n y su real \u00a0cabreo con los suyos al verse desautorizado tras meterse en un camino que no llevaba a ninguna parte. Camino encargado de transitar por Rajoy y su equipo.<\/p>\n<p>Pero \u00e9sto no quedar\u00e1 as\u00ed.<\/p>\n<p>Si por la izquierda ha habido una movilizaci\u00f3n en contra del proyecto, por la derecha se va a ver en la calle. Es una pelea que seguir\u00e1. Y veremos si el PP no sufre una seria desafecci\u00f3n por el tema. Y aunque no crea que Vox recoja este voto, el desistimiento hacia un Rajoy que les ha defraudado y al que van a criticar en p\u00fablico puede ser letal para el hoy partido de gobierno porque se demuestra que el m\u00e9todo Rajoy de dejar pudrir las cosas no lleva a ninguna parte. El presidente es vulnerable.<\/p>\n<p>Gallard\u00f3n, el hombre de Polanco y Cebri\u00e1n, el progre-carca, el brillante expositor de sus teor\u00edas, el elegante candidato a todo pasa a la historia y al gobierno se le pincha una rueda.<\/p>\n<p>Una crisis por todo lo alto.<\/p>\n<p>Y Arriola siguiendo haciendo encuestas.<\/p>\n<p>Esto empieza a oler a podrido.<\/p>\n<!-- AddThis Advanced Settings generic via filter on the_content --><!-- AddThis Share Buttons generic via filter on the_content -->","protected":false},"excerpt":{"rendered":"<p>Martes 23 de septiembre de 2014 He visto en directo la dimisi\u00f3n de Ruiz Gallard\u00f3n. Desde el punto de vista formal, ha sido impecable. Buen tono, no reprochar nada a nadie, ser una alfombra con el presidente, echarse \u00e9l la culpa de todo, abandonar la pol\u00edtica DE FORMA TOTAL, hablar de su hijo Ignacio all\u00ed &hellip; <a href=\"https:\/\/blogs.deia.eus\/anasagasti\/2014\/09\/23\/la-dimision-de-gallardon\/\" class=\"more-link\">Sigue leyendo <span class=\"screen-reader-text\">La dimisi\u00f3n de Gallard\u00f3n<\/span><\/a><!-- AddThis Advanced Settings generic via filter on get_the_excerpt --><!-- AddThis Share Buttons generic via filter on get_the_excerpt --><\/p>\n","protected":false},"author":19,"featured_media":0,"comment_status":"open","ping_status":"open","sticky":false,"template":"","format":"standard","meta":{"footnotes":""},"categories":[1],"tags":[],"class_list":["post-5507","post","type-post","status-publish","format-standard","hentry","category-general"],"_links":{"self":[{"href":"https:\/\/blogs.deia.eus\/anasagasti\/wp-json\/wp\/v2\/posts\/5507","targetHints":{"allow":["GET"]}}],"collection":[{"href":"https:\/\/blogs.deia.eus\/anasagasti\/wp-json\/wp\/v2\/posts"}],"about":[{"href":"https:\/\/blogs.deia.eus\/anasagasti\/wp-json\/wp\/v2\/types\/post"}],"author":[{"embeddable":true,"href":"https:\/\/blogs.deia.eus\/anasagasti\/wp-json\/wp\/v2\/users\/19"}],"replies":[{"embeddable":true,"href":"https:\/\/blogs.deia.eus\/anasagasti\/wp-json\/wp\/v2\/comments?post=5507"}],"version-history":[{"count":1,"href":"https:\/\/blogs.deia.eus\/anasagasti\/wp-json\/wp\/v2\/posts\/5507\/revisions"}],"predecessor-version":[{"id":5509,"href":"https:\/\/blogs.deia.eus\/anasagasti\/wp-json\/wp\/v2\/posts\/5507\/revisions\/5509"}],"wp:attachment":[{"href":"https:\/\/blogs.deia.eus\/anasagasti\/wp-json\/wp\/v2\/media?parent=5507"}],"wp:term":[{"taxonomy":"category","embeddable":true,"href":"https:\/\/blogs.deia.eus\/anasagasti\/wp-json\/wp\/v2\/categories?post=5507"},{"taxonomy":"post_tag","embeddable":true,"href":"https:\/\/blogs.deia.eus\/anasagasti\/wp-json\/wp\/v2\/tags?post=5507"}],"curies":[{"name":"wp","href":"https:\/\/api.w.org\/{rel}","templated":true}]}}