{"id":5511,"date":"2014-09-24T21:04:59","date_gmt":"2014-09-24T19:04:59","guid":{"rendered":"http:\/\/blogs.deia.com\/anasagasti\/?p=5511"},"modified":"2014-09-24T21:04:59","modified_gmt":"2014-09-24T19:04:59","slug":"como-nacio-el-alderdi-eguna","status":"publish","type":"post","link":"https:\/\/blogs.deia.eus\/anasagasti\/2014\/09\/24\/como-nacio-el-alderdi-eguna\/","title":{"rendered":"Como naci\u00f3 el Alderdi Eguna"},"content":{"rendered":"<p><strong><strong>Mi\u00e9rcoles 24 de septiembre de 2014<\/strong><\/strong><\/p>\n<p><a href=\"http:\/\/blogs.deia.com\/anasagasti\/files\/2014\/09\/Alderdi-Eguna.jpg\"><img loading=\"lazy\" decoding=\"async\" class=\"alignleft size-full wp-image-5512\" src=\"http:\/\/blogs.deia.com\/anasagasti\/files\/2014\/09\/Alderdi-Eguna.jpg\" alt=\"Alderdi Eguna\" width=\"264\" height=\"191\" \/><\/a>Franco hab\u00eda muerto en 1975. Desde mediados de 1976 y principios del 77, la calle ard\u00eda. \u00abLibertad, amnist\u00eda y estatuto de autonom\u00eda\u00bb era lo que m\u00e1s se o\u00eda en la calle. Al poco solo se gritaba \u00a1Amnist\u00eda! porque las c\u00e1rceles segu\u00edan llenas y los responsables de la dictadura tomando el vermouth en las terrazas. La amnist\u00eda era lo pol\u00edticamente m\u00e1s perentorio. El mundo de aquella Izquierda Abertzale y de ETA nos ped\u00eda que no fu\u00e9ramos a las elecciones mientras hubiera un solo preso en las c\u00e1rceles.<\/p>\n<p>No era asunto f\u00e1cil y si muy emocional.<\/p>\n<p>Nosotros les dec\u00edamos que hab\u00eda que ir a las elecciones para sacar los presos de las celdas.<\/p>\n<p>Y lleg\u00f3 el Aberri Eguna de 1977. Salvo HB todos lo celebramos juntos. Incluso el partido socialista. Y lo convocaba el Gobierno Vasco en el exilio. Y volvi\u00f3 a ser la Amnist\u00eda la frase m\u00e1s coreada. Y, nosotros, con la sopa de letras y el PSE, all\u00ed estuvimos. Con cierto cabreo. Nosotros pon\u00edamos la gente y ellos las pancartas y las fotos. Pero hab\u00eda que celebrarlo juntos. El PSE lo dej\u00f3 de hacer en 1979.<\/p>\n<p>Yo era miembro del EBB y del BBB.Y hab\u00eda visto en Venezuela como celebraban los partidos, AD y Copei, su fiesta anual. Mataban un ternero, ten\u00edan casetas por estados, hab\u00eda m\u00fasica criolla, acto pol\u00edtico donde hablaban dirigentes y al d\u00eda siguiente comentarios sobre lo dicho. Y, asimismo lo vi, de otra manera en Roma en 1975 con el partido comunista italiano. Y en Par\u00eds con el diario L\u00b4Humanit\u00e9.<\/p>\n<p>Y se me ocurri\u00f3 plantear hacer lo mismo en Euzkadi. Y lo propuse en el EBB. El presidente era Carlos Garaikoetxea al que le pareci\u00f3 buena la idea, aunque nos dijo que nos ocup\u00e1ramos nosotros de la organizaci\u00f3n.<\/p>\n<p>En Bizkaia hab\u00eda un organizador nato que era Txomin Saratxaga. Hab\u00eda sido un resistente activo y comprometido y segu\u00eda los temas hasta el final. Y adem\u00e1s daba ejemplo y no admit\u00eda bromas. Era el hombre ideal. Cuadriculado, mand\u00f3n y muy organizado.<\/p>\n<p>Con la aprobaci\u00f3n de la idea por parte \u00a0del EBB y en marcha la organizaci\u00f3n del d\u00eda en San Miguel de Aralar, por el valor simb\u00f3lico del lugar (patrono del PNV), lo pusimos en marcha. Cre\u00edamos iba a ser una concentraci\u00f3n de, como mucho, unas doscientas personas.<\/p>\n<p>Y, en eso, nos llam\u00f3 Juan de Ajuriaguerra. Era el gran Pope del partido. Ten\u00eda una peque\u00f1a empresa en la calle Dr. Areilza, de marcos met\u00e1licos \u00a0de ventanas. Y all\u00ed fuimos.<\/p>\n<p>Nos dijo que no estaba de acuerdo con la organizaci\u00f3n de aquel acto pues romp\u00eda la din\u00e1mica unitaria\u00a0 del Aberri Eguna y que nos interesaba\u00a0 como partido eje reivindicar la Amnist\u00eda de forma conjunta.<\/p>\n<p>Era dif\u00edcil rebatirle a don Juan. Le dijimos que ir juntos en el Aberri Eguna no imped\u00eda hacer una fiesta\u00a0 propia casi de tipo familiar como la que propon\u00edamos y que yo hab\u00eda visto que eso funcionaba en otros sitios. Nos dijo que no. Tragamos saliva. Nuestro gozo en un pozo.<\/p>\n<p>Y yo, un pipiolo, no s\u00e9 de d\u00f3nde saqu\u00e9 fuerzas y le repliqu\u00e9 respetuosamente:<\/p>\n<p>\u00abMire Don Juan. Usted nos ha ense\u00f1ado que en el partido mandan las organizaciones municipales, los afiliados y los burukides pero no los diputados. (\u00c9l hab\u00eda sido elegido en junio de aquel a\u00f1o diputado por Bizkaia).Y yo creo que si en otros pa\u00edses funciona, aqu\u00ed tambi\u00e9n va a funcionar\u00bb.<\/p>\n<p>Me mantuvo la mirada. Casi me licu\u00f3. Era una insolencia. Y me contest\u00f3: \u00abhacer lo que quer\u00e1is\u00bb.<\/p>\n<p>No le gustaba ni la idea, ni mi respuesta. Pero era, sobre todo, un hombre de partido.<\/p>\n<p>Y decidimos seguir organizando el d\u00eda. No sin temor.<\/p>\n<p>El lugar elegido fue el peor. Mucho simbolismo, pero con p\u00e9simos accesos. Paisaje precioso, pero lugar inadecuado para el gent\u00edo que iba a venir y que nosotros desconoc\u00edamos.<\/p>\n<p>Se pod\u00eda subir pero no bajar simult\u00e1neamente por la misma carretera. No reun\u00eda condiciones.<\/p>\n<p>Pero fue tal el entusiasmo que a pesar de que hubo autobuses que llegaron a las cuatro de la tarde, la gente estaba entusiasmada. Muchos se ve\u00edan tras cuarenta a\u00f1os de silencio, los gudaris se reun\u00edan por batallones y desfilaban saludando, los abuelos iban con sus hijos y nietos, los dirigentes del exilio saludaban como actores en el festival de Cine, las extraterritoriales iban con su letrerito y la comida fue por grupos, con acordeones, txistus e irrintzis.<\/p>\n<p>Fue un aldabonazo que sorprendi\u00f3 a propios y extra\u00f1os. Y nos dio fuerza de conjunto, pues era casi imposible saber cu\u00e1ntos est\u00e1bamos all\u00ed porque continuamente llegaba gente y aquel motroll\u00f3n fue noticia al d\u00eda siguiente.<\/p>\n<p>El viejo PNV estaba vivo y coleando como una lagartija.<\/p>\n<p>Aquel \u00e9xito fue la gasolina para hacerlo al a\u00f1o siguiente y as\u00ed hasta la actual edici\u00f3n\u00a0 37 a\u00f1os despu\u00e9s, sin faltar un a\u00f1o y pasando por todas las borrascas.<\/p>\n<p>Al bajar le vi a Ajuriaguerra.<\/p>\n<p>Seco, me mir\u00f3 y me dijo: \u00abha sido un acierto\u00bb. Fue todo.<\/p>\n<p>No necesit\u00e1bamos m\u00e1s.<\/p>\n<p>Al a\u00f1o siguiente falleci\u00f3. A los dos a\u00f1os, lo hac\u00edamos con la presencia del Lehendakari Leizaola que hab\u00eda vuelto del exilio.<\/p>\n<p>Y cada Alderdi Eguna ha tenido su aquel, su historia y su contexto.<\/p>\n<p>Esta es la simple historia de una decisi\u00f3n acertada y que no naci\u00f3 por generaci\u00f3n espont\u00e1nea.<\/p>\n<p>&nbsp;<\/p>\n<p>&nbsp;<\/p>\n<!-- AddThis Advanced Settings generic via filter on the_content --><!-- AddThis Share Buttons generic via filter on the_content -->","protected":false},"excerpt":{"rendered":"<p>Mi\u00e9rcoles 24 de septiembre de 2014 Franco hab\u00eda muerto en 1975. Desde mediados de 1976 y principios del 77, la calle ard\u00eda. \u00abLibertad, amnist\u00eda y estatuto de autonom\u00eda\u00bb era lo que m\u00e1s se o\u00eda en la calle. Al poco solo se gritaba \u00a1Amnist\u00eda! porque las c\u00e1rceles segu\u00edan llenas y los responsables de la dictadura tomando &hellip; <a href=\"https:\/\/blogs.deia.eus\/anasagasti\/2014\/09\/24\/como-nacio-el-alderdi-eguna\/\" class=\"more-link\">Sigue leyendo <span class=\"screen-reader-text\">Como naci\u00f3 el Alderdi Eguna<\/span><\/a><!-- AddThis Advanced Settings generic via filter on get_the_excerpt --><!-- AddThis Share Buttons generic via filter on get_the_excerpt --><\/p>\n","protected":false},"author":19,"featured_media":0,"comment_status":"open","ping_status":"open","sticky":false,"template":"","format":"standard","meta":{"footnotes":""},"categories":[1],"tags":[],"class_list":["post-5511","post","type-post","status-publish","format-standard","hentry","category-general"],"_links":{"self":[{"href":"https:\/\/blogs.deia.eus\/anasagasti\/wp-json\/wp\/v2\/posts\/5511","targetHints":{"allow":["GET"]}}],"collection":[{"href":"https:\/\/blogs.deia.eus\/anasagasti\/wp-json\/wp\/v2\/posts"}],"about":[{"href":"https:\/\/blogs.deia.eus\/anasagasti\/wp-json\/wp\/v2\/types\/post"}],"author":[{"embeddable":true,"href":"https:\/\/blogs.deia.eus\/anasagasti\/wp-json\/wp\/v2\/users\/19"}],"replies":[{"embeddable":true,"href":"https:\/\/blogs.deia.eus\/anasagasti\/wp-json\/wp\/v2\/comments?post=5511"}],"version-history":[{"count":1,"href":"https:\/\/blogs.deia.eus\/anasagasti\/wp-json\/wp\/v2\/posts\/5511\/revisions"}],"predecessor-version":[{"id":5513,"href":"https:\/\/blogs.deia.eus\/anasagasti\/wp-json\/wp\/v2\/posts\/5511\/revisions\/5513"}],"wp:attachment":[{"href":"https:\/\/blogs.deia.eus\/anasagasti\/wp-json\/wp\/v2\/media?parent=5511"}],"wp:term":[{"taxonomy":"category","embeddable":true,"href":"https:\/\/blogs.deia.eus\/anasagasti\/wp-json\/wp\/v2\/categories?post=5511"},{"taxonomy":"post_tag","embeddable":true,"href":"https:\/\/blogs.deia.eus\/anasagasti\/wp-json\/wp\/v2\/tags?post=5511"}],"curies":[{"name":"wp","href":"https:\/\/api.w.org\/{rel}","templated":true}]}}