{"id":5515,"date":"2014-09-26T15:50:28","date_gmt":"2014-09-26T13:50:28","guid":{"rendered":"http:\/\/blogs.deia.com\/anasagasti\/?p=5515"},"modified":"2014-09-26T15:50:28","modified_gmt":"2014-09-26T13:50:28","slug":"pelicula-lasa-y-zabala","status":"publish","type":"post","link":"https:\/\/blogs.deia.eus\/anasagasti\/2014\/09\/26\/pelicula-lasa-y-zabala\/","title":{"rendered":"Pel\u00edcula Lasa y Zabala"},"content":{"rendered":"<p><strong>Viernes 16 de septiembre de 2014<\/strong><\/p>\n<p><a href=\"http:\/\/blogs.deia.com\/anasagasti\/files\/2014\/09\/Lasa-y-Zabala.jpg\"><img loading=\"lazy\" decoding=\"async\" class=\"alignleft size-full wp-image-5516\" src=\"http:\/\/blogs.deia.com\/anasagasti\/files\/2014\/09\/Lasa-y-Zabala.jpg\" alt=\"Lasa y Zabala\" width=\"200\" height=\"105\" \/><\/a>Estuve viendo el jueves en el Kursaal la pel\u00edcula Lasa eta Zabala. La sala estaba repleta. Cogimos sitio, justo justo, en el gallinero. Pero se ve\u00eda bien y se pod\u00edan seguir los subt\u00edtulos en castellano e ingl\u00e9s ya que la pel\u00edcula es en euskera<\/p>\n<p>Es una buena pel\u00edcula que mantiene el inter\u00e9s. Buenos actores, buen gui\u00f3n, buena factura. Quiz\u00e1s la licencia hecha con Iruin y su ayudante, bombazo incluido, sobraba. No ocurri\u00f3. Pero el resto, vale la pena.<\/p>\n<p>Son muy duras las escenas de tortura en La Cumbre. Dur\u00edsimas.<\/p>\n<p>Al terminar de verla se capta el planteamiento inteligente de sus promotores. La historia est\u00e1 compensada. La justicia espa\u00f1ola sale bien parada, el Comisario de Alicante demostr\u00f3 ser un buen profesional y muri\u00f3 en el intento, y, asimismo se ve la s\u00f3rdida actuaci\u00f3n del coronel de la Guardia Civil Rodr\u00edguez Galindo un ser abyecto y un personaje detestable que hoy toma el sol tranquilamente y pasea como un honrado jubilado.<\/p>\n<p>Y el recuerdo de gentes del PSOE responsables, como Felipe Gonz\u00e1lez, Rafael Vera, Jos\u00e9 Barrionuevo, el gobernador Julen Elgorriaga, el delegado Ram\u00f3n Jauregui que no se enter\u00f3 de nada, el ministro de justicia Jos\u00e9 Alberto Belloch, actual alcalde de Zaragoza que condecor\u00f3 a Galindo y luego lo indult\u00f3. Este sujeto solo estuvo en la c\u00e1rcel cuatro a\u00f1os, tras aquellos dos asesinatos y un proceso de torturas incre\u00edbles.<\/p>\n<p>Queda bien cierta prensa por informar, la justicia por investigar, el Comisario por ser un profesional. Queda fatal la Guardia Civil y el gobierno indultador de Galindo, Bayo, Dorado y toda aquella recua de gentuza asesina.<\/p>\n<p>Una pel\u00edcula que hace cuatro a\u00f1os hubiera sido muy dif\u00edcil verla exhibida en el Festival y&#8230; veremos qu\u00e9 pasa cuando se exhiba en Madrid.<\/p>\n<p>\u00bfRecuerdan cuando se present\u00f3 La Pelota Vasca y la teniente de alcalde Mar\u00eda San Gil le pidi\u00f3 al alcalde Elorza que prohibiera su pase?.<\/p>\n<p>La sociedad se est\u00e1 normalizando y conviene no olvidar estas cosas. Ojal\u00e1 el Gobierno Vasco hubiera subvencionado estos a\u00f1os pel\u00edculas de este tipo, equilibradas e hist\u00f3ricas.<\/p>\n<p>Les recomiendo la vean.<\/p>\n<!-- AddThis Advanced Settings generic via filter on the_content --><!-- AddThis Share Buttons generic via filter on the_content -->","protected":false},"excerpt":{"rendered":"<p>Viernes 16 de septiembre de 2014 Estuve viendo el jueves en el Kursaal la pel\u00edcula Lasa eta Zabala. La sala estaba repleta. Cogimos sitio, justo justo, en el gallinero. Pero se ve\u00eda bien y se pod\u00edan seguir los subt\u00edtulos en castellano e ingl\u00e9s ya que la pel\u00edcula es en euskera Es una buena pel\u00edcula que &hellip; <a href=\"https:\/\/blogs.deia.eus\/anasagasti\/2014\/09\/26\/pelicula-lasa-y-zabala\/\" class=\"more-link\">Sigue leyendo <span class=\"screen-reader-text\">Pel\u00edcula Lasa y Zabala<\/span><\/a><!-- AddThis Advanced Settings generic via filter on get_the_excerpt --><!-- AddThis Share Buttons generic via filter on get_the_excerpt --><\/p>\n","protected":false},"author":19,"featured_media":0,"comment_status":"open","ping_status":"open","sticky":false,"template":"","format":"standard","meta":{"footnotes":""},"categories":[1],"tags":[],"class_list":["post-5515","post","type-post","status-publish","format-standard","hentry","category-general"],"_links":{"self":[{"href":"https:\/\/blogs.deia.eus\/anasagasti\/wp-json\/wp\/v2\/posts\/5515","targetHints":{"allow":["GET"]}}],"collection":[{"href":"https:\/\/blogs.deia.eus\/anasagasti\/wp-json\/wp\/v2\/posts"}],"about":[{"href":"https:\/\/blogs.deia.eus\/anasagasti\/wp-json\/wp\/v2\/types\/post"}],"author":[{"embeddable":true,"href":"https:\/\/blogs.deia.eus\/anasagasti\/wp-json\/wp\/v2\/users\/19"}],"replies":[{"embeddable":true,"href":"https:\/\/blogs.deia.eus\/anasagasti\/wp-json\/wp\/v2\/comments?post=5515"}],"version-history":[{"count":1,"href":"https:\/\/blogs.deia.eus\/anasagasti\/wp-json\/wp\/v2\/posts\/5515\/revisions"}],"predecessor-version":[{"id":5517,"href":"https:\/\/blogs.deia.eus\/anasagasti\/wp-json\/wp\/v2\/posts\/5515\/revisions\/5517"}],"wp:attachment":[{"href":"https:\/\/blogs.deia.eus\/anasagasti\/wp-json\/wp\/v2\/media?parent=5515"}],"wp:term":[{"taxonomy":"category","embeddable":true,"href":"https:\/\/blogs.deia.eus\/anasagasti\/wp-json\/wp\/v2\/categories?post=5515"},{"taxonomy":"post_tag","embeddable":true,"href":"https:\/\/blogs.deia.eus\/anasagasti\/wp-json\/wp\/v2\/tags?post=5515"}],"curies":[{"name":"wp","href":"https:\/\/api.w.org\/{rel}","templated":true}]}}