{"id":5518,"date":"2014-09-27T21:10:57","date_gmt":"2014-09-27T19:10:57","guid":{"rendered":"http:\/\/blogs.deia.com\/anasagasti\/?p=5518"},"modified":"2014-09-27T21:10:57","modified_gmt":"2014-09-27T19:10:57","slug":"los-unionistas-espanoles-fabrican-diariamente-cientos-de-independentistas","status":"publish","type":"post","link":"https:\/\/blogs.deia.eus\/anasagasti\/2014\/09\/27\/los-unionistas-espanoles-fabrican-diariamente-cientos-de-independentistas\/","title":{"rendered":"Los Unionistas Espa\u00f1oles fabrican diariamente cientos de Independentistas"},"content":{"rendered":"<p><strong><strong>S\u00e1bado 27 de septiembre de 2014<\/strong><\/strong><\/p>\n<p><a href=\"http:\/\/blogs.deia.com\/anasagasti\/files\/2014\/09\/Firmando-Mas.png\"><img loading=\"lazy\" decoding=\"async\" class=\"alignleft size-full wp-image-5520\" src=\"http:\/\/blogs.deia.com\/anasagasti\/files\/2014\/09\/Firmando-Mas.png\" alt=\"Firmando Mas\" width=\"275\" height=\"183\" \/><\/a>Artur Mas, presidente de la Generalit\u00e1, firm\u00f3 este s\u00e1bado la convocatoria electoral para que el pr\u00f3ximo 9 de noviembre se convoque una consulta en Catalunya con dos preguntas.<\/p>\n<p>Como bien lo ha dicho, es una consulta legal y leg\u00edtima seg\u00fan las competencias catalanas. Y adem\u00e1s, no es vinculante.<\/p>\n<p>La respuesta del unionismo carca, mayoritario,\u00a0ha sido inmediata.<\/p>\n<p>Con Rajoy en China, la insoportable vicepresidenta del Gobierno espa\u00f1ol, con aires de\u00a0 monja alf\u00e9rez les ha dicho que no va a haber refer\u00e9ndum, y que\u00a0 les importa un higo que no \u00a0sea vinculante, porque dividen la sociedad\u00a0 catalana y la alejan de Europa. Todo muy paternalista. Y muy amenazador.<\/p>\n<p>Y l\u00f3gicamente ha nombrado la Constituci\u00f3n espa\u00f1ola, esa que incumplen todos los d\u00edas en lo que quieren, para decir que la soberan\u00eda de Espa\u00f1a reside en todo el pueblo espa\u00f1ol. \u00bfY porque no en los pueblos que forman la Pen\u00ednsula?. As\u00ed fue en su d\u00eda.<\/p>\n<p>\u00bfDivide?<\/p>\n<p>\u00bfY, ahora, qu\u00e9?. En situaciones de divisi\u00f3n lo mejor es que dirima el pueblo con su voto y no un Tribunal como el Constitucional elegido entre el PP y el PSOE que act\u00faa con una celeridad que nunca esgrime a la hora de otros asuntos, por ejemplo el del aborto.<\/p>\n<p>\u00bfQu\u00e9 les alejar\u00eda de Europa?.<\/p>\n<p>\u00bfAlguien en su sano juicio cree que Catalunya es\u00a0 Kosovo?. Y, adem\u00e1s, ni Suiza, ni Noruega est\u00e1n en la Uni\u00f3n Europea, y viven tan tranquilos independientes. Menos lobos.<\/p>\n<p>Artur Mas ha\u00a0 dicho \u00a0tres cosas en positivo:<\/p>\n<ul>\n<li>Catalunya quiere hablar.<\/li>\n<li>Catalunya quiere ser escuchada.<\/li>\n<li>Catalunya quiere votar.<\/li>\n<\/ul>\n<p>Ante esto, la dura y excluyente espa\u00f1olidad, esa que cree que todo pasa por Madrid y por entender su manera de ser espa\u00f1ol ha dicho inmediatamente NO, sin preguntarse el por qu\u00e9 los catalanes no quieren ser espa\u00f1oles.<\/p>\n<p>Si el tema es tan fant\u00e1stico \u00bf a qu\u00e9 viene tanta guillotina?.<\/p>\n<p>Pero lo bueno es que escucharle a Alicia S\u00e1nchez Camacho, a Rosa Diez (insultando), a Albert Rivera y al incre\u00edblemente sumiso en su mayordom\u00eda, el socialista Antonio Hernando, uno, sin ser catal\u00e1n, se hace inmediatamente independentista catal\u00e1<\/p>\n<p>Me imagino lo que les ocurrir\u00e1 a los catalanes<\/p>\n<p>Que sigan as\u00ed.<\/p>\n<p>Y repito la argumentaci\u00f3n de Mas: es una consulta no vinculante, y, Catalunya quiere ser escuchada, quiere hablar y quiere votar.<\/p>\n<p>Pura democracia frente a pura autocracia.<\/p>\n<!-- AddThis Advanced Settings generic via filter on the_content --><!-- AddThis Share Buttons generic via filter on the_content -->","protected":false},"excerpt":{"rendered":"<p>S\u00e1bado 27 de septiembre de 2014 Artur Mas, presidente de la Generalit\u00e1, firm\u00f3 este s\u00e1bado la convocatoria electoral para que el pr\u00f3ximo 9 de noviembre se convoque una consulta en Catalunya con dos preguntas. Como bien lo ha dicho, es una consulta legal y leg\u00edtima seg\u00fan las competencias catalanas. Y adem\u00e1s, no es vinculante. La &hellip; <a href=\"https:\/\/blogs.deia.eus\/anasagasti\/2014\/09\/27\/los-unionistas-espanoles-fabrican-diariamente-cientos-de-independentistas\/\" class=\"more-link\">Sigue leyendo <span class=\"screen-reader-text\">Los Unionistas Espa\u00f1oles fabrican diariamente cientos de Independentistas<\/span><\/a><!-- AddThis Advanced Settings generic via filter on get_the_excerpt --><!-- AddThis Share Buttons generic via filter on get_the_excerpt --><\/p>\n","protected":false},"author":19,"featured_media":0,"comment_status":"open","ping_status":"open","sticky":false,"template":"","format":"standard","meta":{"footnotes":""},"categories":[1],"tags":[],"class_list":["post-5518","post","type-post","status-publish","format-standard","hentry","category-general"],"_links":{"self":[{"href":"https:\/\/blogs.deia.eus\/anasagasti\/wp-json\/wp\/v2\/posts\/5518","targetHints":{"allow":["GET"]}}],"collection":[{"href":"https:\/\/blogs.deia.eus\/anasagasti\/wp-json\/wp\/v2\/posts"}],"about":[{"href":"https:\/\/blogs.deia.eus\/anasagasti\/wp-json\/wp\/v2\/types\/post"}],"author":[{"embeddable":true,"href":"https:\/\/blogs.deia.eus\/anasagasti\/wp-json\/wp\/v2\/users\/19"}],"replies":[{"embeddable":true,"href":"https:\/\/blogs.deia.eus\/anasagasti\/wp-json\/wp\/v2\/comments?post=5518"}],"version-history":[{"count":1,"href":"https:\/\/blogs.deia.eus\/anasagasti\/wp-json\/wp\/v2\/posts\/5518\/revisions"}],"predecessor-version":[{"id":5521,"href":"https:\/\/blogs.deia.eus\/anasagasti\/wp-json\/wp\/v2\/posts\/5518\/revisions\/5521"}],"wp:attachment":[{"href":"https:\/\/blogs.deia.eus\/anasagasti\/wp-json\/wp\/v2\/media?parent=5518"}],"wp:term":[{"taxonomy":"category","embeddable":true,"href":"https:\/\/blogs.deia.eus\/anasagasti\/wp-json\/wp\/v2\/categories?post=5518"},{"taxonomy":"post_tag","embeddable":true,"href":"https:\/\/blogs.deia.eus\/anasagasti\/wp-json\/wp\/v2\/tags?post=5518"}],"curies":[{"name":"wp","href":"https:\/\/api.w.org\/{rel}","templated":true}]}}