{"id":5522,"date":"2014-09-28T21:57:50","date_gmt":"2014-09-28T19:57:50","guid":{"rendered":"http:\/\/blogs.deia.com\/anasagasti\/?p=5522"},"modified":"2014-09-28T22:00:35","modified_gmt":"2014-09-28T20:00:35","slug":"5-fotos-del-alderdi-eguna-2014","status":"publish","type":"post","link":"https:\/\/blogs.deia.eus\/anasagasti\/2014\/09\/28\/5-fotos-del-alderdi-eguna-2014\/","title":{"rendered":"5 Fotos del Alderdi Eguna 2014"},"content":{"rendered":"<p><strong><strong>Domingo 28 de septiembre de 2014<\/strong><\/strong><\/p>\n<p><a href=\"http:\/\/blogs.deia.com\/anasagasti\/files\/2014\/09\/IMG_2271.jpg\"><img loading=\"lazy\" decoding=\"async\" class=\"alignleft size-full wp-image-5526\" src=\"http:\/\/blogs.deia.com\/anasagasti\/files\/2014\/09\/IMG_2271.jpg\" alt=\"???????????????????????????????\" width=\"1024\" height=\"768\" srcset=\"https:\/\/blogs.deia.eus\/anasagasti\/files\/2014\/09\/IMG_2271.jpg 1024w, https:\/\/blogs.deia.eus\/anasagasti\/files\/2014\/09\/IMG_2271-580x435.jpg 580w, https:\/\/blogs.deia.eus\/anasagasti\/files\/2014\/09\/IMG_2271-940x705.jpg 940w\" sizes=\"auto, (max-width: 1024px) 100vw, 1024px\" \/><\/a>Alderdi Eguna 2014. Celebrado con \u00e9xito. Hab\u00eda su temor por el tiempo. Pero ha aguantado. Y ha habido gente. Algo m\u00e1s que el a\u00f1o pasado. Y muchas ausencias. Ha fallecido gente a manta. Una pena. Y otros no pueden ir por sus achaques. Y para ellos es casi la fiesta m\u00e1s importante del a\u00f1o. Sobre todo su desfile. Se ven y les ven. Y, poco a poco, llegan nuevos. Gente joven. Menos de los que har\u00eda falta para sustituir generaciones de mucha entrega.<\/p>\n<p>El mitin, bien. Algo largo para la gente que estaba \u00a0de pie. Y el mitin es un g\u00e9nero. Y buena idea la de los dos paracaidistas. Logrado.<\/p>\n<p>Y elijo cinco fotograf\u00edas que he sacado y que rompen con las convencionales.<\/p>\n<p>Ibarretxe, Ardanza, Zubia, Izaskun Bilbao, p\u00fablico. Fotos originales. Ah\u00ed van.<\/p>\n<p><a href=\"http:\/\/blogs.deia.com\/anasagasti\/files\/2014\/09\/IMG_2243.jpg\"><img loading=\"lazy\" decoding=\"async\" class=\"alignleft size-full wp-image-5523\" src=\"http:\/\/blogs.deia.com\/anasagasti\/files\/2014\/09\/IMG_2243.jpg\" alt=\"???????????????????????????????\" width=\"1024\" height=\"768\" srcset=\"https:\/\/blogs.deia.eus\/anasagasti\/files\/2014\/09\/IMG_2243.jpg 1024w, https:\/\/blogs.deia.eus\/anasagasti\/files\/2014\/09\/IMG_2243-580x435.jpg 580w, https:\/\/blogs.deia.eus\/anasagasti\/files\/2014\/09\/IMG_2243-940x705.jpg 940w\" sizes=\"auto, (max-width: 1024px) 100vw, 1024px\" \/><\/a><a href=\"http:\/\/blogs.deia.com\/anasagasti\/files\/2014\/09\/IMG_2277.jpg\"><img loading=\"lazy\" decoding=\"async\" class=\"alignleft size-full wp-image-5524\" src=\"http:\/\/blogs.deia.com\/anasagasti\/files\/2014\/09\/IMG_2277.jpg\" alt=\"???????????????????????????????\" width=\"1024\" height=\"768\" srcset=\"https:\/\/blogs.deia.eus\/anasagasti\/files\/2014\/09\/IMG_2277.jpg 1024w, https:\/\/blogs.deia.eus\/anasagasti\/files\/2014\/09\/IMG_2277-580x435.jpg 580w, https:\/\/blogs.deia.eus\/anasagasti\/files\/2014\/09\/IMG_2277-940x705.jpg 940w\" sizes=\"auto, (max-width: 1024px) 100vw, 1024px\" \/><\/a><a href=\"http:\/\/blogs.deia.com\/anasagasti\/files\/2014\/09\/IMG_2215.jpg\"><img loading=\"lazy\" decoding=\"async\" class=\"alignleft size-full wp-image-5525\" src=\"http:\/\/blogs.deia.com\/anasagasti\/files\/2014\/09\/IMG_2215.jpg\" alt=\"???????????????????????????????\" width=\"1024\" height=\"768\" srcset=\"https:\/\/blogs.deia.eus\/anasagasti\/files\/2014\/09\/IMG_2215.jpg 1024w, https:\/\/blogs.deia.eus\/anasagasti\/files\/2014\/09\/IMG_2215-580x435.jpg 580w, https:\/\/blogs.deia.eus\/anasagasti\/files\/2014\/09\/IMG_2215-940x705.jpg 940w\" sizes=\"auto, (max-width: 1024px) 100vw, 1024px\" \/><\/a><a href=\"http:\/\/blogs.deia.com\/anasagasti\/files\/2014\/09\/IMG_2301.jpg\"><img loading=\"lazy\" decoding=\"async\" class=\"alignleft size-full wp-image-5528\" src=\"http:\/\/blogs.deia.com\/anasagasti\/files\/2014\/09\/IMG_2301.jpg\" alt=\"???????????????????????????????\" width=\"1024\" height=\"768\" srcset=\"https:\/\/blogs.deia.eus\/anasagasti\/files\/2014\/09\/IMG_2301.jpg 1024w, https:\/\/blogs.deia.eus\/anasagasti\/files\/2014\/09\/IMG_2301-580x435.jpg 580w, https:\/\/blogs.deia.eus\/anasagasti\/files\/2014\/09\/IMG_2301-940x705.jpg 940w\" sizes=\"auto, (max-width: 1024px) 100vw, 1024px\" \/><\/a><a href=\"http:\/\/blogs.deia.com\/anasagasti\/files\/2014\/09\/IMG_2271.jpg\"><br \/>\n<\/a><\/p>\n<p>&nbsp;<\/p>\n<!-- AddThis Advanced Settings generic via filter on the_content --><!-- AddThis Share Buttons generic via filter on the_content -->","protected":false},"excerpt":{"rendered":"<p>Domingo 28 de septiembre de 2014 Alderdi Eguna 2014. Celebrado con \u00e9xito. Hab\u00eda su temor por el tiempo. Pero ha aguantado. Y ha habido gente. Algo m\u00e1s que el a\u00f1o pasado. Y muchas ausencias. Ha fallecido gente a manta. Una pena. Y otros no pueden ir por sus achaques. Y para ellos es casi la &hellip; <a href=\"https:\/\/blogs.deia.eus\/anasagasti\/2014\/09\/28\/5-fotos-del-alderdi-eguna-2014\/\" class=\"more-link\">Sigue leyendo <span class=\"screen-reader-text\">5 Fotos del Alderdi Eguna 2014<\/span><\/a><!-- AddThis Advanced Settings generic via filter on get_the_excerpt --><!-- AddThis Share Buttons generic via filter on get_the_excerpt --><\/p>\n","protected":false},"author":19,"featured_media":0,"comment_status":"open","ping_status":"open","sticky":false,"template":"","format":"standard","meta":{"footnotes":""},"categories":[1],"tags":[],"class_list":["post-5522","post","type-post","status-publish","format-standard","hentry","category-general"],"_links":{"self":[{"href":"https:\/\/blogs.deia.eus\/anasagasti\/wp-json\/wp\/v2\/posts\/5522","targetHints":{"allow":["GET"]}}],"collection":[{"href":"https:\/\/blogs.deia.eus\/anasagasti\/wp-json\/wp\/v2\/posts"}],"about":[{"href":"https:\/\/blogs.deia.eus\/anasagasti\/wp-json\/wp\/v2\/types\/post"}],"author":[{"embeddable":true,"href":"https:\/\/blogs.deia.eus\/anasagasti\/wp-json\/wp\/v2\/users\/19"}],"replies":[{"embeddable":true,"href":"https:\/\/blogs.deia.eus\/anasagasti\/wp-json\/wp\/v2\/comments?post=5522"}],"version-history":[{"count":3,"href":"https:\/\/blogs.deia.eus\/anasagasti\/wp-json\/wp\/v2\/posts\/5522\/revisions"}],"predecessor-version":[{"id":5530,"href":"https:\/\/blogs.deia.eus\/anasagasti\/wp-json\/wp\/v2\/posts\/5522\/revisions\/5530"}],"wp:attachment":[{"href":"https:\/\/blogs.deia.eus\/anasagasti\/wp-json\/wp\/v2\/media?parent=5522"}],"wp:term":[{"taxonomy":"category","embeddable":true,"href":"https:\/\/blogs.deia.eus\/anasagasti\/wp-json\/wp\/v2\/categories?post=5522"},{"taxonomy":"post_tag","embeddable":true,"href":"https:\/\/blogs.deia.eus\/anasagasti\/wp-json\/wp\/v2\/tags?post=5522"}],"curies":[{"name":"wp","href":"https:\/\/api.w.org\/{rel}","templated":true}]}}