{"id":5531,"date":"2014-09-29T19:41:48","date_gmt":"2014-09-29T17:41:48","guid":{"rendered":"http:\/\/blogs.deia.com\/anasagasti\/?p=5531"},"modified":"2014-09-29T19:41:48","modified_gmt":"2014-09-29T17:41:48","slug":"espana-es-una-democracia-de-baja-intensidad","status":"publish","type":"post","link":"https:\/\/blogs.deia.eus\/anasagasti\/2014\/09\/29\/espana-es-una-democracia-de-baja-intensidad\/","title":{"rendered":"Espa\u00f1a es una democracia de baja intensidad"},"content":{"rendered":"<p><strong><strong>Lunes 29 de septiembre de 2014<\/strong><\/strong><\/p>\n<p>Vi en directo la intervenci\u00f3n de Rajoy anunciando todas las penas del averno a Catalunya por haber osado poner en cuesti\u00f3n la espa\u00f1olidad de un trozo de Espa\u00f1a, que ese es en el fondo la cuesti\u00f3n.<\/p>\n<p>Espa\u00f1a Una, Grande y Libre. Espa\u00f1a Desunida, M\u00ednima y Controlada.<\/p>\n<p>Rajoy, a un tema pol\u00edtico como el catal\u00e1n, solo opone la Constituci\u00f3n espa\u00f1ola que ahora le interesa cumplir, pero solo en \u00e9sto y nos habla de la ley. Y Alicia S\u00e1nchez Camacho le anuncia a Mas \u00a0la c\u00e1rcel\u00a0\u00a0 como \u00a0Ciutadans y Manos Limpias.<\/p>\n<p>Y el apoyo de Pedro S\u00e1nchez, igual que si fuera un portavoz del PP.<\/p>\n<p>Hablan de la ley. \u00bfDe qu\u00e9 ley?.<\/p>\n<p>Pues de la ley hecha entre el PP y el PSOE, desconociendo que hace trescientos a\u00f1os un tal Felipe V les quit\u00f3 a los catalanes hasta los zapatos por haber apostado por el candidato de la dinast\u00eda de los Habsburgo. Estos daban juego. Los Borbones\u00a0 por su parte aprobaban el Decreto de Nueva Planta y lo asfixiaron todo. Les machacaron y expoliaron. Y el actual rey es Felipe VI, sucesor de aquel delincuente.<\/p>\n<p>Tambi\u00e9n las dictaduras tienen una LEY, pero esa Ley es injusta.<\/p>\n<p>Catalunya plante\u00f3 una mejor financiaci\u00f3n y un mejor trato. El NO fue la respuesta. Ahora a la iniciativa de Mas le llaman desaf\u00edo.<\/p>\n<p>A un problema pol\u00edtico le oponen los jueces y la posibilidad de encarcelar a los responsables. Pas\u00f3 con Ibarretxe.<\/p>\n<p>Y otro dato.<\/p>\n<p>Simultane\u00e9 los canales Cuatro y la Sexta. Tal para cual. En cuestiones de Unidad de la Patria, igualdad\u00a0 en los paneles opinadores sin una sola voz discrepante. Eso es el \u00a0Madrid pol\u00edtico \u00a0y la Espa\u00f1a eterna.<\/p>\n<p>Y en la Sexta, el responsable del programa cuya esposa es Ana Pastor, eleg\u00eda aquellos trozos m\u00e1s negativos para Mas de la entrevista hecha la v\u00edspera por su mujer. Y El Mundo, con un c\u00e1lculo asqueroso, sacaba ese mismo d\u00eda una noticia que trataba de perjudicar a Mas con una supuesta cuenta en Liechtenstein. Sin dar dato alguno. El mismo d\u00eda. Como Moragas que le pidi\u00f3 a la novia del hijo de Pujol que cantara pues la unidad de la patria estaba en peligro.<\/p>\n<p>Una Espa\u00f1a d\u00e9bil, con seis millones de parados, en la cola de Europa, pero, \u00a1como saca pecho!, \u00a1que fuerte es defendiendo su unidad!. Una unidad forjada por guerras y conquistas. No por voluntad popular alguna.<\/p>\n<p>Lo que quieren es aplastar las ansias catalanas de libertad. NO, frente a SI.<\/p>\n<p>Todo un choque de trenes.<\/p>\n<!-- AddThis Advanced Settings generic via filter on the_content --><!-- AddThis Share Buttons generic via filter on the_content -->","protected":false},"excerpt":{"rendered":"<p>Lunes 29 de septiembre de 2014 Vi en directo la intervenci\u00f3n de Rajoy anunciando todas las penas del averno a Catalunya por haber osado poner en cuesti\u00f3n la espa\u00f1olidad de un trozo de Espa\u00f1a, que ese es en el fondo la cuesti\u00f3n. Espa\u00f1a Una, Grande y Libre. Espa\u00f1a Desunida, M\u00ednima y Controlada. Rajoy, a un &hellip; <a href=\"https:\/\/blogs.deia.eus\/anasagasti\/2014\/09\/29\/espana-es-una-democracia-de-baja-intensidad\/\" class=\"more-link\">Sigue leyendo <span class=\"screen-reader-text\">Espa\u00f1a es una democracia de baja intensidad<\/span><\/a><!-- AddThis Advanced Settings generic via filter on get_the_excerpt --><!-- AddThis Share Buttons generic via filter on get_the_excerpt --><\/p>\n","protected":false},"author":19,"featured_media":0,"comment_status":"open","ping_status":"open","sticky":false,"template":"","format":"standard","meta":{"footnotes":""},"categories":[1],"tags":[],"class_list":["post-5531","post","type-post","status-publish","format-standard","hentry","category-general"],"_links":{"self":[{"href":"https:\/\/blogs.deia.eus\/anasagasti\/wp-json\/wp\/v2\/posts\/5531","targetHints":{"allow":["GET"]}}],"collection":[{"href":"https:\/\/blogs.deia.eus\/anasagasti\/wp-json\/wp\/v2\/posts"}],"about":[{"href":"https:\/\/blogs.deia.eus\/anasagasti\/wp-json\/wp\/v2\/types\/post"}],"author":[{"embeddable":true,"href":"https:\/\/blogs.deia.eus\/anasagasti\/wp-json\/wp\/v2\/users\/19"}],"replies":[{"embeddable":true,"href":"https:\/\/blogs.deia.eus\/anasagasti\/wp-json\/wp\/v2\/comments?post=5531"}],"version-history":[{"count":1,"href":"https:\/\/blogs.deia.eus\/anasagasti\/wp-json\/wp\/v2\/posts\/5531\/revisions"}],"predecessor-version":[{"id":5532,"href":"https:\/\/blogs.deia.eus\/anasagasti\/wp-json\/wp\/v2\/posts\/5531\/revisions\/5532"}],"wp:attachment":[{"href":"https:\/\/blogs.deia.eus\/anasagasti\/wp-json\/wp\/v2\/media?parent=5531"}],"wp:term":[{"taxonomy":"category","embeddable":true,"href":"https:\/\/blogs.deia.eus\/anasagasti\/wp-json\/wp\/v2\/categories?post=5531"},{"taxonomy":"post_tag","embeddable":true,"href":"https:\/\/blogs.deia.eus\/anasagasti\/wp-json\/wp\/v2\/tags?post=5531"}],"curies":[{"name":"wp","href":"https:\/\/api.w.org\/{rel}","templated":true}]}}