{"id":5533,"date":"2014-09-30T21:58:07","date_gmt":"2014-09-30T19:58:07","guid":{"rendered":"http:\/\/blogs.deia.com\/anasagasti\/?p=5533"},"modified":"2014-09-30T22:05:59","modified_gmt":"2014-09-30T20:05:59","slug":"desayuno-con-el-presidente-de-honduras","status":"publish","type":"post","link":"https:\/\/blogs.deia.eus\/anasagasti\/2014\/09\/30\/desayuno-con-el-presidente-de-honduras\/","title":{"rendered":"Desayuno con el Presidente de Honduras"},"content":{"rendered":"<p><strong><strong>Martes 30 de septiembre de 2014<\/strong><\/strong><\/p>\n<p><a href=\"http:\/\/blogs.deia.com\/anasagasti\/files\/2014\/09\/Presidente-de-Honduras.png\"><img loading=\"lazy\" decoding=\"async\" class=\"alignleft size-full wp-image-5534\" src=\"http:\/\/blogs.deia.com\/anasagasti\/files\/2014\/09\/Presidente-de-Honduras.png\" alt=\"Presidente de Honduras\" width=\"272\" height=\"185\" \/><\/a>Estuve en Honduras en marzo. Fuimos \u00a0con una ONG dedicada a los derechos humanos, coordinada por una entregada Beatriz Gil,\u00a0y con el senador del PP, Dionisio Garc\u00eda Carnero y el diputado de IU, Josep Nuet. El PSOE no se dign\u00f3\u00a0 viajar a\u00a0 pa\u00eds \u00a0de tan alto inter\u00e9s. Si hubi\u00e9semos ido a Nueva York seguramente se habr\u00edan apuntado.<\/p>\n<p>Fue un viaje duro. Vivimos de cerca testimonios de gentes cuyos derechos han sido conculcados, estuvimos con el\u00a0 ex-presidente destituido\u00a0\u00a0Celaya que nos invit\u00f3 a almorzar en su casa, nos recibieron en el Congreso y en la Defensor\u00eda de Derechos Humanos, nos atendi\u00f3 el embajador, hablamos con jueces y universitarios\u00a0 y mantuvimos una estrecha relaci\u00f3n con Do\u00f1a Berta, una activista referencia \u00a0a la que mataron a su marido en tiempos de la dictadura. Y editamos un comunicado que pasamos a los medios.<\/p>\n<p>Seis meses despu\u00e9s he estado en el desayuno organizado por Nueva Econom\u00eda F\u00f3rum en\u00a0 honor del presidente de Honduras en visita oficial \u00a0Juan Orlando Hern\u00e1ndez, sustituto de aquel Porfirio Lobro que a su vez sustituy\u00f3 al cuestionado Micheleti, que logr\u00f3 un boicot internacional a su pa\u00eds. Un desayuno en Madrid\u00a0 pol\u00edticamente correcto \u00a0con diplom\u00e1ticos, periodistas, empresarios y alg\u00fan que otro pol\u00edtico. Los pol\u00edticos espa\u00f1oles solo van a los desayunos de presidentes de grandes potencias.<\/p>\n<p>Al presidente de Honduras lo ha presentado el ministro de Exteriores Jos\u00e9 Manuel Garc\u00eda Margallo. Una presentaci\u00f3n ret\u00f3rica hablando, como siempre, de Espa\u00f1a como puerta para Europa de estos pa\u00edses. Pero con m\u00ednima inversi\u00f3n en Honduras, quiz\u00e1s \u00a0por su inseguridad jur\u00eddica y ciudadana y su alta volatilidad pol\u00edtica. El dinero es temeroso y busca seguridad.<\/p>\n<p>El presidente ha estado bien al vender su pa\u00eds en positivo\u00a0 aunque \u00a0repitiendo los t\u00f3picos al uso de la Madre Patria y de lo bien que nos cae el rey de Espa\u00f1a y que cuando fue el d\u00eda de su proclamaci\u00f3n y toma de posesi\u00f3n le aplaudieron al de Asturias m\u00e1s que a \u00e9l. El resto ha sido un discurso econ\u00f3mico. Aeropuertos, carreteras, segundo productor mundial de caf\u00e9, integraci\u00f3n centroamericana, golfo de Fonseca, camarones, habanos, lagos con gran calado, comercio con Asia, zona estrat\u00e9gica frente a los 5.000 kil\u00f3metros de costa a costa en USA, Tratado de Libre Comercio con Estados Unidos, cuarenta millones de consumidores en centroam\u00e9rica, ocho millones de hondure\u00f1os, poblaci\u00f3n muy joven, 600 kil\u00f3metros de playas casi v\u00edrgenes, y el gran invento tutelado por los coreanos de las Zonas\u00a0 de Empleo y Desarrollo Econ\u00f3mico, especie de Oasis en el territorio\u00a0 hondure\u00f1o \u00a0para favorecer la inversi\u00f3n internacional con riesgo de convertirse en un para\u00edso fiscal. Como lo que se pretend\u00eda hacer en Madrid con Eurovegas.<\/p>\n<p>Nos ha hablado maravillas de la construcci\u00f3n en Comayagua de un centro log\u00edstico\u00a0 de Transporte A\u00e9reo que va a revolucionar toda Centroam\u00e9rica y ha hecho mucho hincapi\u00e9 en el n\u00famero de j\u00f3venes hondure\u00f1os que est\u00e1n aprendiendo ingl\u00e9s como segunda lengua. Nada de las lenguas mayas, lengua que habla gran parte de la poblaci\u00f3n. El ingl\u00e9s como la f\u00f3rmula m\u00e1gica para ser los buenos chicos centroamericanos\u00a0 en el pa\u00eds al que se le conoci\u00f3 como Rep\u00fablica Bananera con una United que mandaba m\u00e1s que el propio gobierno. Y para ese sucio trabajo\u00a0 ven\u00edan bien los militares.<\/p>\n<p>Nos ha hablado maravillas de la construcci\u00f3n en Comayagua de un centro log\u00edstico\u00a0 de Transporte A\u00e9reo. De la importancia del ingl\u00e9s como segunda lengua. Nada de las lenguas mayas, lengua que habla gran parte de la poblaci\u00f3n. El ingl\u00e9s como la f\u00f3rmula m\u00e1gica para ser los buenos chicos centroamericanos\u00a0 en el pa\u00eds al que se le conoci\u00f3 como Rep\u00fablica Bananera con una United que mandaba m\u00e1s que el propio gobierno. Y para ese sucio trabajo\u00a0 ven\u00edan bien los militares.<\/p>\n<p>Le he preguntado sobre la inseguridad ciudadana, sobre las reformas policiales y sobre el respeto a los derechos humanos. Me ha contestado diciendo que han utilizado el ej\u00e9rcito ya que la polic\u00eda no era de fiar\u00a0 y en muchos estamentos era\u00a0 corrupta y que ahora los jueces han mandado a prisi\u00f3n a polic\u00edas, militares y gentes de\u00a0 mal vivir. Faena de ali\u00f1o pues no hab\u00eda mencionado los derechos humanos en ning\u00fan momento en su discurso fundamentalmente econ\u00f3mico y de\u00a0 las bondades de su pa\u00eds para las inversiones europeas.<\/p>\n<p>En un a\u00f1o he tenido dos fotos. La de la Honduras depauperada y perseguida y la de un presidente vendiendo bien su pa\u00eds en el hotel Ritz. Es la doble imagen\u00a0 de pa\u00edses que han estado casi siglos en manos de oligarqu\u00edas que han hecho de su capa un sayo y ahora apuestan por el crecimiento econ\u00f3mico sin demasiado \u00e9nfasis en la defensa\u00a0\u00a0 de los derechos humanos. Lo m\u00ednimo. Y como Europa y Espa\u00f1a tampoco les exigen ser respetuosos con ellos, lo tienen como servicios m\u00ednimos.<\/p>\n<!-- AddThis Advanced Settings generic via filter on the_content --><!-- AddThis Share Buttons generic via filter on the_content -->","protected":false},"excerpt":{"rendered":"<p>Martes 30 de septiembre de 2014 Estuve en Honduras en marzo. Fuimos \u00a0con una ONG dedicada a los derechos humanos, coordinada por una entregada Beatriz Gil,\u00a0y con el senador del PP, Dionisio Garc\u00eda Carnero y el diputado de IU, Josep Nuet. El PSOE no se dign\u00f3\u00a0 viajar a\u00a0 pa\u00eds \u00a0de tan alto inter\u00e9s. Si hubi\u00e9semos &hellip; <a href=\"https:\/\/blogs.deia.eus\/anasagasti\/2014\/09\/30\/desayuno-con-el-presidente-de-honduras\/\" class=\"more-link\">Sigue leyendo <span class=\"screen-reader-text\">Desayuno con el Presidente de Honduras<\/span><\/a><!-- AddThis Advanced Settings generic via filter on get_the_excerpt --><!-- AddThis Share Buttons generic via filter on get_the_excerpt --><\/p>\n","protected":false},"author":19,"featured_media":0,"comment_status":"open","ping_status":"open","sticky":false,"template":"","format":"standard","meta":{"footnotes":""},"categories":[1],"tags":[],"class_list":["post-5533","post","type-post","status-publish","format-standard","hentry","category-general"],"_links":{"self":[{"href":"https:\/\/blogs.deia.eus\/anasagasti\/wp-json\/wp\/v2\/posts\/5533","targetHints":{"allow":["GET"]}}],"collection":[{"href":"https:\/\/blogs.deia.eus\/anasagasti\/wp-json\/wp\/v2\/posts"}],"about":[{"href":"https:\/\/blogs.deia.eus\/anasagasti\/wp-json\/wp\/v2\/types\/post"}],"author":[{"embeddable":true,"href":"https:\/\/blogs.deia.eus\/anasagasti\/wp-json\/wp\/v2\/users\/19"}],"replies":[{"embeddable":true,"href":"https:\/\/blogs.deia.eus\/anasagasti\/wp-json\/wp\/v2\/comments?post=5533"}],"version-history":[{"count":4,"href":"https:\/\/blogs.deia.eus\/anasagasti\/wp-json\/wp\/v2\/posts\/5533\/revisions"}],"predecessor-version":[{"id":5538,"href":"https:\/\/blogs.deia.eus\/anasagasti\/wp-json\/wp\/v2\/posts\/5533\/revisions\/5538"}],"wp:attachment":[{"href":"https:\/\/blogs.deia.eus\/anasagasti\/wp-json\/wp\/v2\/media?parent=5533"}],"wp:term":[{"taxonomy":"category","embeddable":true,"href":"https:\/\/blogs.deia.eus\/anasagasti\/wp-json\/wp\/v2\/categories?post=5533"},{"taxonomy":"post_tag","embeddable":true,"href":"https:\/\/blogs.deia.eus\/anasagasti\/wp-json\/wp\/v2\/tags?post=5533"}],"curies":[{"name":"wp","href":"https:\/\/api.w.org\/{rel}","templated":true}]}}