{"id":5540,"date":"2014-10-01T21:36:54","date_gmt":"2014-10-01T19:36:54","guid":{"rendered":"http:\/\/blogs.deia.com\/anasagasti\/?p=5540"},"modified":"2014-10-01T21:36:54","modified_gmt":"2014-10-01T19:36:54","slug":"por-que-el-psoe-denuncia-solo-a-pujol-y-no-a-la-familia-borbon","status":"publish","type":"post","link":"https:\/\/blogs.deia.eus\/anasagasti\/2014\/10\/01\/por-que-el-psoe-denuncia-solo-a-pujol-y-no-a-la-familia-borbon\/","title":{"rendered":"\u00bfPor qu\u00e9 el PSOE denuncia solo a Pujol y no a la Familia Borb\u00f3n?"},"content":{"rendered":"<p><strong><strong>Jueves 2 de octubre de 2014<\/strong><\/strong><\/p>\n<p><a href=\"http:\/\/blogs.deia.com\/anasagasti\/files\/2014\/10\/Pedro-S\u00e1nchez.jpg\"><img loading=\"lazy\" decoding=\"async\" class=\"alignleft size-full wp-image-5541\" src=\"http:\/\/blogs.deia.com\/anasagasti\/files\/2014\/10\/Pedro-S\u00e1nchez.jpg\" alt=\"Pedro S\u00e1nchez\" width=\"164\" height=\"164\" srcset=\"https:\/\/blogs.deia.eus\/anasagasti\/files\/2014\/10\/Pedro-S\u00e1nchez.jpg 164w, https:\/\/blogs.deia.eus\/anasagasti\/files\/2014\/10\/Pedro-S\u00e1nchez-150x150.jpg 150w\" sizes=\"auto, (max-width: 164px) 100vw, 164px\" \/><\/a>El pasado martes, el Partido Socialista ha presentado en Madrid, no en Barcelona una demanda ante la Fiscal\u00eda General del estado contra Jordi Pujol por presuntos delitos\u00a0 de defraudaci\u00f3n tributaria y blanqueo de capitales cometidos, presuntamente durante su etapa al frente del gobierno catal\u00e1n.<\/p>\n<p>La demanda se produce tras la comparecencia del ex presidente catal\u00e1n en el Parlamento\u00a0 de Catalunya el pasado viernes.<\/p>\n<p>El texto incide en que a pesar de la existencia de indicios delictivos en la actuaci\u00f3n de Pujol \u00abno consta que el Ministerio Fiscal haya iniciado ning\u00fan tipo de acci\u00f3n en defensa de la legalidad y del inter\u00e9s p\u00fablico \u00bb lo que para el PSOE constituye el motivo de interposici\u00f3n de esta denuncia. \u00a1Caramba!. \u00bfLo har\u00e1n ahora con todos?.<\/p>\n<p>Ante esta iniciativa solo pensar en la cara que habr\u00e1 puesto Felipe Gonz\u00e1lez, el referente de Pedro S\u00e1nchez, al enterarse de la demanda cuando \u00e9l dijo p\u00fablicamente que no cre\u00eda en la culpabilidad de Pujol.<\/p>\n<p>Y una total extra\u00f1ez por la iniciativa de Ferraz porque de poner alg\u00fan tipo de demanda no la haya interpuesto el Partido Socialista de Catalunya y si el PSOE. Tiene miga la cosa.<\/p>\n<p>Y mucho m\u00e1s que este mismo partido socialista no haya puesto la misma demanda contra la Familia Borb\u00f3n al haberse enterado que Juan Carlos y familia hab\u00edan cobrado una millonaria herencia que Don Juan hab\u00eda depositado en Suiza como grandes patriotas y malversadores y no pagadores de impuestos.<\/p>\n<p>Estamos ante un Pedro S\u00e1nchez obsesionado por lo medi\u00e1tico, sin discurso trabado, sin respeto a unos m\u00ednimos principios \u00e9ticos, muy mon\u00e1rquico y extraordinariamente contradictorio. El jueves con lleno total, S\u00e1nchez ha estado desayunando en estos encuentros de Nueva Econom\u00eda F\u00f3rum y hablando y contestando preguntas sin ton ni son.<\/p>\n<p>Cada vez me convenzo m\u00e1s que es un pol\u00edtico inconsistente. Sin columna vertebral.<\/p>\n<p>Pero esta denuncia a Pujol, tiene su miga.<\/p>\n<!-- AddThis Advanced Settings generic via filter on the_content --><!-- AddThis Share Buttons generic via filter on the_content -->","protected":false},"excerpt":{"rendered":"<p>Jueves 2 de octubre de 2014 El pasado martes, el Partido Socialista ha presentado en Madrid, no en Barcelona una demanda ante la Fiscal\u00eda General del estado contra Jordi Pujol por presuntos delitos\u00a0 de defraudaci\u00f3n tributaria y blanqueo de capitales cometidos, presuntamente durante su etapa al frente del gobierno catal\u00e1n. La demanda se produce tras &hellip; <a href=\"https:\/\/blogs.deia.eus\/anasagasti\/2014\/10\/01\/por-que-el-psoe-denuncia-solo-a-pujol-y-no-a-la-familia-borbon\/\" class=\"more-link\">Sigue leyendo <span class=\"screen-reader-text\">\u00bfPor qu\u00e9 el PSOE denuncia solo a Pujol y no a la Familia Borb\u00f3n?<\/span><\/a><!-- AddThis Advanced Settings generic via filter on get_the_excerpt --><!-- AddThis Share Buttons generic via filter on get_the_excerpt --><\/p>\n","protected":false},"author":19,"featured_media":0,"comment_status":"open","ping_status":"open","sticky":false,"template":"","format":"standard","meta":{"footnotes":""},"categories":[1],"tags":[],"class_list":["post-5540","post","type-post","status-publish","format-standard","hentry","category-general"],"_links":{"self":[{"href":"https:\/\/blogs.deia.eus\/anasagasti\/wp-json\/wp\/v2\/posts\/5540","targetHints":{"allow":["GET"]}}],"collection":[{"href":"https:\/\/blogs.deia.eus\/anasagasti\/wp-json\/wp\/v2\/posts"}],"about":[{"href":"https:\/\/blogs.deia.eus\/anasagasti\/wp-json\/wp\/v2\/types\/post"}],"author":[{"embeddable":true,"href":"https:\/\/blogs.deia.eus\/anasagasti\/wp-json\/wp\/v2\/users\/19"}],"replies":[{"embeddable":true,"href":"https:\/\/blogs.deia.eus\/anasagasti\/wp-json\/wp\/v2\/comments?post=5540"}],"version-history":[{"count":1,"href":"https:\/\/blogs.deia.eus\/anasagasti\/wp-json\/wp\/v2\/posts\/5540\/revisions"}],"predecessor-version":[{"id":5542,"href":"https:\/\/blogs.deia.eus\/anasagasti\/wp-json\/wp\/v2\/posts\/5540\/revisions\/5542"}],"wp:attachment":[{"href":"https:\/\/blogs.deia.eus\/anasagasti\/wp-json\/wp\/v2\/media?parent=5540"}],"wp:term":[{"taxonomy":"category","embeddable":true,"href":"https:\/\/blogs.deia.eus\/anasagasti\/wp-json\/wp\/v2\/categories?post=5540"},{"taxonomy":"post_tag","embeddable":true,"href":"https:\/\/blogs.deia.eus\/anasagasti\/wp-json\/wp\/v2\/tags?post=5540"}],"curies":[{"name":"wp","href":"https:\/\/api.w.org\/{rel}","templated":true}]}}