{"id":5543,"date":"2014-10-02T20:03:24","date_gmt":"2014-10-02T18:03:24","guid":{"rendered":"http:\/\/blogs.deia.com\/anasagasti\/?p=5543"},"modified":"2014-10-02T20:03:24","modified_gmt":"2014-10-02T18:03:24","slug":"un-decepcionante-desayuno-con-pedro-sanchez","status":"publish","type":"post","link":"https:\/\/blogs.deia.eus\/anasagasti\/2014\/10\/02\/un-decepcionante-desayuno-con-pedro-sanchez\/","title":{"rendered":"Un decepcionante desayuno con Pedro S\u00e1nchez"},"content":{"rendered":"<p><strong><strong>Jueves 2 de octubre de 2014<\/strong><\/strong><\/p>\n<p><a href=\"http:\/\/blogs.deia.com\/anasagasti\/files\/2014\/10\/Pedro-S\u00e1nchez-Foro-Europa.jpg\"><img loading=\"lazy\" decoding=\"async\" class=\"alignleft size-full wp-image-5544\" src=\"http:\/\/blogs.deia.com\/anasagasti\/files\/2014\/10\/Pedro-S\u00e1nchez-Foro-Europa.jpg\" alt=\"Pedro S\u00e1nchez Foro Europa\" width=\"289\" height=\"174\" \/><\/a>El mi\u00e9rcoles por la noche estuvimos los senadores del PNV hablando de todo. Hab\u00edamos pasado una jornada de mucho tajo con una ley portaviones de un gobierno que no hab\u00eda admitido una sola enmienda y coment\u00e1bamos lo bloqueada que estaba la pol\u00edtica espa\u00f1ola.<\/p>\n<p>Dos de los senadores comentaron que iban a acudir este jueves al desayuno de Pedro S\u00e1nchez. Les coment\u00e9 que seguramente estar\u00eda muy concurrido pero ver\u00edan\u00a0 actuar a un dirigente sin consistencia.<\/p>\n<p>Efectivamente. Tras la cita me han comentado que las salas estaban llenas (hay mucho meritorio suelto), pero le han visto a S\u00e1nchez \u00a0sin reflejos y sobre todo sin liderazgo. T\u00f3picos, improvisaciones, y como \u00fanica novedad el que har\u00e1 trabajar a sus diputados y senadores de lunes a viernes. Magro bagaje para un pa\u00eds en crisis.<\/p>\n<p>\u00abEn lo formal ha estado correcto. Sabe expresarse, domina la escena, es agradable, pero carece de un mensaje nuevo y sobre todo en asuntos de nervio contesta como contestar\u00eda Rajoy. No hay diferencia en el tema catal\u00e1n m\u00e1s que una supuesta reforma constitucional que no explica en qu\u00e9 consiste ni como la har\u00eda, ni para qu\u00e9\u00bb.<\/p>\n<p>Ante las fuerzas emergentes surgidas tras las elecciones europeas el discurso se resume en \u00abm\u00e1s de lo mismo\u00bb.<\/p>\n<p>El PSOE durante cuarenta a\u00f1os ha tenido la patente de una izquierda civilizada pero eficaz. Pero el paso del tiempo y sus m\u00faltiples corrupciones, sus pactos con la derecha para ahormar una justicia sumisa, su monarquismo trasnochado, su falta de coraje ante los banqueros a los que indultan han convertido el socialismo del primer Pablo Iglesias en parte de una moneda con dos caras. Una, la del PP, la otra, la del actual PSOE.<\/p>\n<p>Mis compa\u00f1eros han salido decepcionados. Yo, como ya lo hab\u00eda advertido, no me he extra\u00f1ado de su inconsistencia. Lo vengo escribiendo.<\/p>\n<p>Cuando un dirigente f\u00eda su acci\u00f3n al marketing, se rodea de personajes inconsistentes como Antonio Hernando y Luena, repesca a Chac\u00f3n y a Trinidad Jim\u00e9nez, no incorpora a la gente de Madina y P\u00e9rez Tapias, despu\u00e9s de haberlo prometido en campa\u00f1a, cree que llamando a S\u00e1lvame se acerca al pueblo, es que apuesta por la mediocridad. Y la gente se da cuenta.<\/p>\n<p>All\u00e1 \u00e9l y los que llenaron el jueves las salas del Ritz. Otra cosa es que llenen las urnas.<\/p>\n<!-- AddThis Advanced Settings generic via filter on the_content --><!-- AddThis Share Buttons generic via filter on the_content -->","protected":false},"excerpt":{"rendered":"<p>Jueves 2 de octubre de 2014 El mi\u00e9rcoles por la noche estuvimos los senadores del PNV hablando de todo. Hab\u00edamos pasado una jornada de mucho tajo con una ley portaviones de un gobierno que no hab\u00eda admitido una sola enmienda y coment\u00e1bamos lo bloqueada que estaba la pol\u00edtica espa\u00f1ola. Dos de los senadores comentaron que &hellip; <a href=\"https:\/\/blogs.deia.eus\/anasagasti\/2014\/10\/02\/un-decepcionante-desayuno-con-pedro-sanchez\/\" class=\"more-link\">Sigue leyendo <span class=\"screen-reader-text\">Un decepcionante desayuno con Pedro S\u00e1nchez<\/span><\/a><!-- AddThis Advanced Settings generic via filter on get_the_excerpt --><!-- AddThis Share Buttons generic via filter on get_the_excerpt --><\/p>\n","protected":false},"author":19,"featured_media":0,"comment_status":"open","ping_status":"open","sticky":false,"template":"","format":"standard","meta":{"footnotes":""},"categories":[1],"tags":[],"class_list":["post-5543","post","type-post","status-publish","format-standard","hentry","category-general"],"_links":{"self":[{"href":"https:\/\/blogs.deia.eus\/anasagasti\/wp-json\/wp\/v2\/posts\/5543","targetHints":{"allow":["GET"]}}],"collection":[{"href":"https:\/\/blogs.deia.eus\/anasagasti\/wp-json\/wp\/v2\/posts"}],"about":[{"href":"https:\/\/blogs.deia.eus\/anasagasti\/wp-json\/wp\/v2\/types\/post"}],"author":[{"embeddable":true,"href":"https:\/\/blogs.deia.eus\/anasagasti\/wp-json\/wp\/v2\/users\/19"}],"replies":[{"embeddable":true,"href":"https:\/\/blogs.deia.eus\/anasagasti\/wp-json\/wp\/v2\/comments?post=5543"}],"version-history":[{"count":1,"href":"https:\/\/blogs.deia.eus\/anasagasti\/wp-json\/wp\/v2\/posts\/5543\/revisions"}],"predecessor-version":[{"id":5545,"href":"https:\/\/blogs.deia.eus\/anasagasti\/wp-json\/wp\/v2\/posts\/5543\/revisions\/5545"}],"wp:attachment":[{"href":"https:\/\/blogs.deia.eus\/anasagasti\/wp-json\/wp\/v2\/media?parent=5543"}],"wp:term":[{"taxonomy":"category","embeddable":true,"href":"https:\/\/blogs.deia.eus\/anasagasti\/wp-json\/wp\/v2\/categories?post=5543"},{"taxonomy":"post_tag","embeddable":true,"href":"https:\/\/blogs.deia.eus\/anasagasti\/wp-json\/wp\/v2\/tags?post=5543"}],"curies":[{"name":"wp","href":"https:\/\/api.w.org\/{rel}","templated":true}]}}