{"id":5546,"date":"2014-10-03T15:42:15","date_gmt":"2014-10-03T13:42:15","guid":{"rendered":"http:\/\/blogs.deia.com\/anasagasti\/?p=5546"},"modified":"2014-10-03T15:42:15","modified_gmt":"2014-10-03T13:42:15","slug":"la-brunete-mediatica-silencia-en-madrid-la-intervencion-de-rubio-llorente","status":"publish","type":"post","link":"https:\/\/blogs.deia.eus\/anasagasti\/2014\/10\/03\/la-brunete-mediatica-silencia-en-madrid-la-intervencion-de-rubio-llorente\/","title":{"rendered":"La Brunete medi\u00e1tica silencia en Madrid la intervenci\u00f3n de Rubio Llorente"},"content":{"rendered":"<p><strong><strong>Viernes 3 de octubre de 2014<\/strong><\/strong><\/p>\n<p><a href=\"http:\/\/blogs.deia.com\/anasagasti\/files\/2014\/10\/1116.141.jpg\"><img loading=\"lazy\" decoding=\"async\" class=\"alignleft size-full wp-image-5548\" src=\"http:\/\/blogs.deia.com\/anasagasti\/files\/2014\/10\/1116.141.jpg\" alt=\"1116.14\" width=\"354\" height=\"388\" \/><\/a>Rubio Llorente no es un cualquiera. Fue presidente del Consejo de Estado y Vicepresidente del Tribunal Constitucional. Y sabe de lo que habla. Es un jurista de reconocido prestigio.<\/p>\n<p>Y es un buen espa\u00f1ol, al estilo de Herrero de Mi\u00f1\u00f3n que quiere que vascos y catalanes sigamos dentro de la piel de toro, pero a gusto. Y con estas ideas compareci\u00f3 el mi\u00e9rcoles 1 de octubre en la ponencia que, sobre autogobierno, tiene el Parlamento Vasco.<\/p>\n<p>En cualquier pa\u00eds civilizado hubiera sido noticia. En Espa\u00f1a no. La Brunete medi\u00e1tica dispara diariamente y las opiniones de un buen espa\u00f1ol no interesan. Y menos cuando ha de contestar al portavoz de Bildu, Hasier Arraiz, a quien Rubio Llorente ten\u00eda delante.<\/p>\n<p>El magistrado, que vivi\u00f3 en Venezuela, dijo cosas interesantes. He aqu\u00ed el resumen de su paso por el Parlamento Vasco. Madrid lo seguir\u00e1 silenciando:<\/p>\n<p>El exvicepresidente del Tribunal Constitucional (TC) Francisco Rubio Llorente opin\u00f3 ayer que \u201cser\u00eda muy bueno\u201d que se reformara la ley org\u00e1nica que regula los referendos para que las comunidades aut\u00f3nomas pudieran celebrarlos, incluso sobre cuestiones que tuvieran incidencia sobre el resto del Estado. En este supuesto y en referencia al caso catal\u00e1n, el tambi\u00e9n expresidente del Consejo de Estado matiz\u00f3 en el Parlamento Vasco que cuando la pregunta sometida a referendo afectara al resto del Estado, la formulaci\u00f3n de la misma deber\u00eda \u201crequerir alg\u00fan acuerdo de voluntades\u201d entre las partes. Rubio Llorente compareci\u00f3 ayer en la Ponencia de Autogobierno de la C\u00e1mara de Gasteiz, donde argument\u00f3 que \u201ces bueno que los pueblos tengan la posibilidad de expresar su voluntad\u201d.<\/p>\n<p>Tambi\u00e9n apel\u00f3 a llamar a las cosas por su nombre, porque un referendo no es una consulta, y consider\u00f3 que cuando un \u00f3rgano representativo como el Govern consulta al pueblo cuya representaci\u00f3n ostenta es \u201cmuy dif\u00edcil\u201d que ese \u00f3rgano se \u201caparte\u201d de la opini\u00f3n expresada por los ciudadanos. Llorente abog\u00f3 tambi\u00e9n por una reforma de la Constituci\u00f3n para superar la \u201csituaci\u00f3n de crisis\u201d del Estado de las autonom\u00edas, defendi\u00f3 un Estado auton\u00f3mico \u201casim\u00e9trico\u201d y afirm\u00f3 que no cree que Espa\u00f1a deba ser \u201cconfederal\u201d. A su entender, ser\u00eda \u201cm\u00e1s f\u00e1cilmente gobernable\u201d con menos autonom\u00edas, por lo que \u201cser\u00eda bueno\u201d que se unieran aquellas donde el castellano es la \u00fanica lengua, aunque reconoci\u00f3 que ve dificultades para ello.<\/p>\n<p>Llorente a\u00f1adi\u00f3 que una reforma de la Carta Magna con \u201c\u00e9xito\u201d solo puede apoyarse en una concepci\u00f3n del Estado que \u201crechazan\u201d los nacionalistas \u201cradicales\u201d, tanto espa\u00f1oles como vascos o catalanes. As\u00ed, subray\u00f3 la necesidad de reducir el apoyo social que estos \u201cnacionalismos radicales\u201d tienen en la actualidad, y admiti\u00f3 que eso requiere de \u201cuna acci\u00f3n muy en\u00e9rgica\u201d de todos los partidos de \u00e1mbito nacional que no ve en la actualidad. Destac\u00f3 que en esa reforma de la Constituci\u00f3n que \u00e9l defiende no tiene cabida el derecho a decidir entendido como un derecho a la independencia \u201ccomo voluntad propia\u201d. \u201cCreo que es posible que el n\u00famero de vascos que se sienten identificados con usted -en alusi\u00f3n al parlamentario de EH Bildu, Hasier Arraiz- disminuya y de esa manera el problema de la independencia no se plantee\u201d, explic\u00f3.<\/p>\n<!-- AddThis Advanced Settings generic via filter on the_content --><!-- AddThis Share Buttons generic via filter on the_content -->","protected":false},"excerpt":{"rendered":"<p>Viernes 3 de octubre de 2014 Rubio Llorente no es un cualquiera. Fue presidente del Consejo de Estado y Vicepresidente del Tribunal Constitucional. Y sabe de lo que habla. Es un jurista de reconocido prestigio. Y es un buen espa\u00f1ol, al estilo de Herrero de Mi\u00f1\u00f3n que quiere que vascos y catalanes sigamos dentro de &hellip; <a href=\"https:\/\/blogs.deia.eus\/anasagasti\/2014\/10\/03\/la-brunete-mediatica-silencia-en-madrid-la-intervencion-de-rubio-llorente\/\" class=\"more-link\">Sigue leyendo <span class=\"screen-reader-text\">La Brunete medi\u00e1tica silencia en Madrid la intervenci\u00f3n de Rubio Llorente<\/span><\/a><!-- AddThis Advanced Settings generic via filter on get_the_excerpt --><!-- AddThis Share Buttons generic via filter on get_the_excerpt --><\/p>\n","protected":false},"author":19,"featured_media":0,"comment_status":"open","ping_status":"open","sticky":false,"template":"","format":"standard","meta":{"footnotes":""},"categories":[1],"tags":[],"class_list":["post-5546","post","type-post","status-publish","format-standard","hentry","category-general"],"_links":{"self":[{"href":"https:\/\/blogs.deia.eus\/anasagasti\/wp-json\/wp\/v2\/posts\/5546","targetHints":{"allow":["GET"]}}],"collection":[{"href":"https:\/\/blogs.deia.eus\/anasagasti\/wp-json\/wp\/v2\/posts"}],"about":[{"href":"https:\/\/blogs.deia.eus\/anasagasti\/wp-json\/wp\/v2\/types\/post"}],"author":[{"embeddable":true,"href":"https:\/\/blogs.deia.eus\/anasagasti\/wp-json\/wp\/v2\/users\/19"}],"replies":[{"embeddable":true,"href":"https:\/\/blogs.deia.eus\/anasagasti\/wp-json\/wp\/v2\/comments?post=5546"}],"version-history":[{"count":1,"href":"https:\/\/blogs.deia.eus\/anasagasti\/wp-json\/wp\/v2\/posts\/5546\/revisions"}],"predecessor-version":[{"id":5549,"href":"https:\/\/blogs.deia.eus\/anasagasti\/wp-json\/wp\/v2\/posts\/5546\/revisions\/5549"}],"wp:attachment":[{"href":"https:\/\/blogs.deia.eus\/anasagasti\/wp-json\/wp\/v2\/media?parent=5546"}],"wp:term":[{"taxonomy":"category","embeddable":true,"href":"https:\/\/blogs.deia.eus\/anasagasti\/wp-json\/wp\/v2\/categories?post=5546"},{"taxonomy":"post_tag","embeddable":true,"href":"https:\/\/blogs.deia.eus\/anasagasti\/wp-json\/wp\/v2\/tags?post=5546"}],"curies":[{"name":"wp","href":"https:\/\/api.w.org\/{rel}","templated":true}]}}