{"id":5550,"date":"2014-10-05T21:28:51","date_gmt":"2014-10-05T19:28:51","guid":{"rendered":"http:\/\/blogs.deia.com\/anasagasti\/?p=5550"},"modified":"2014-10-05T21:28:51","modified_gmt":"2014-10-05T19:28:51","slug":"a-los-vascos-y-a-los-catalanes-como-en-san-fermin","status":"publish","type":"post","link":"https:\/\/blogs.deia.eus\/anasagasti\/2014\/10\/05\/a-los-vascos-y-a-los-catalanes-como-en-san-fermin\/","title":{"rendered":"A los Vascos y a los Catalanes, como en San Ferm\u00edn"},"content":{"rendered":"<p><strong><strong>Domingo 4 de octubre de 2014<\/strong><\/strong><\/p>\n<p>Sim\u00f3n S\u00e1nchez Montero, dirigente comunista\u00a0 estaba siendo torturado durante la dictadura de Franco y ya sangraba. Entonces el esbirro policial, irritado le grit\u00f3:\u201d\u00bfY porque co\u00f1o luch\u00e1is vosotros?\u201d. Y Sim\u00f3n\u00a0 le dijo: \u201dPor una sociedad\u00a0 donde a usted no le puedan hacer\u00a0 lo que me est\u00e1 haciendo a m\u00ed\u201d.<\/p>\n<p>Record\u00e9 a S\u00e1nchez Montero al ver la pel\u00edcula \u201cLasa eta Zabala\u201d. Las escenas de las torturas son impresionantes y me dicen\u00a0 se deben quedar cortas. Recomiendo la pel\u00edcula. Est\u00e1 bien hecha, se sigue de principio a fin, y no desequilibra el relato. Y me gustar\u00eda que la vieran Rodr\u00edguez Galindo, Barrionuevo, Vera, Garc\u00eda Damborenea, Julen Elgorriaga, San Crist\u00f3bal, y, sobre todo, Felipe Gonz\u00e1lez que se enter\u00f3 de la existencia del Gal por la prensa, Ram\u00f3n Jauregui, delegado del gobierno, y con un elevado concepto de s\u00ed mismo, que ni se enter\u00f3 y Juan Alberto Belloch, actual alcalde de Zaragoza y ex ministro de Justicia e Interior, que condecor\u00f3 a Galindo as\u00ed como el gobierno socialista de Zapatero, que lo indult\u00f3 a los cinco a\u00f1os, de los 75 de c\u00e1rcel que deb\u00eda cumplir.<\/p>\n<p>Y es que al \u00fanico socialista que le he o\u00eddo hablar de \u00e9sto es a Denis Itxaso que reconoci\u00f3 p\u00fablicamente que el PSOE y el PSE tienen una deuda con esta sociedad a cuenta del Gal y mientras no lo reconozcan, no se podr\u00e1 pasar p\u00e1gina.<\/p>\n<p>No fue eso lo que hizo \u00a0en septiembre Patxi L\u00f3pez en el Congreso de su despedida. Antes se hab\u00edan ido a Madrid, estaci\u00f3n T\u00e9rmini, Benegas, Jauregui, Redondo, Madina\u00a0 y ahora \u00e9l.<\/p>\n<p>L\u00f3pez hizo todo lo contrario. Los males de este pa\u00eds se resumen en una sigla: PNV. Pero lo curioso de ese acto fue el capote\u00a0 absurdo que el nuevo secretario general\u00a0 Pedro S\u00e1nchez, que pod\u00eda \u00a0haber actuado \u00a0por elevaci\u00f3n, le lanz\u00f3\u00a0 a nuestro Patxi arremetiendo contra I\u00f1igo Urkullu, precisamente donde menos le puede criticar. Dirigi\u00e9ndose al Lehendakari, escupi\u00f3: \u201dPese a tener como lema \u00a0de su gobierno \u201cCompromiso con las personas\u201d ha pretendido recortar diversas medidas del estado de bienestar que el PSE logr\u00f3 frenar\u201d. \u201dAs\u00ed que\u00a0 sent\u00edos orgullosos, porque si fuese por Urkullu, har\u00eda lo mismo que Rajoy en el resto de Espa\u00f1a\u201d. Grandes aplausos socialistas.<\/p>\n<p>Venir a Bilbao, a arropar el relevo de Patxi L\u00f3pez por Idoia Mend\u00eda y\u00a0\u00a0 pronunciar semejante rebuzno, tiene bemoles. S\u00ed, todo un rebuzno, que lo define como un pol\u00edtico superficial y sin columna vertebral.<\/p>\n<p>Algo as\u00ed ocurri\u00f3 asimismo en el relevo de Nicol\u00e1s Redondo. En esa oportunidad el secretario general era Rodr\u00edguez Zapatero\u00a0 y no se le ocurri\u00f3 mejor cosa que decir que nunca le hab\u00eda dado la mano a Xabier Arzalluz, presidente \u00a0del EBB, ni a Fidel Castro y nunca se la dar\u00eda. Ariztondo y yo que est\u00e1bamos all\u00ed en representaci\u00f3n del PNV estuvimos en un tris de marcharnos.<\/p>\n<p>A los d\u00edas le vi en el Congreso de los Diputados y le abord\u00e9 y reclam\u00e9 lo dicho. \u201dNo sab\u00eda que hab\u00eda invitados del PNV\u201d me contest\u00f3 como \u00fanica explicaci\u00f3n. \u201dPues t\u00fa te lo pierdes -le dije- Arzalluz te hubiera dado una buena clase de pol\u00edtica\u201d, le dije enfadado. Y a este S\u00e1nchez, si le veo en pasillos pienso reclam\u00e1rselo. Le conozco de la Comisi\u00f3n Mixta. Un tipo, hasta ahora, serio y tranquilo, reconvertido por alg\u00fan cham\u00e1n de la comunicaci\u00f3n en una chisgarab\u00eds, que lo mismo llama al programa de Jos\u00e9 Javier V\u00e1zquez y al d\u00eda siguiente rectifica, que compara a Urkullu con Rajoy en ayudas sociales. \u00a1Por favor!.<\/p>\n<p>\u00a1Y luego preguntan qu\u00e9 les pasa!.<\/p>\n<p>Y es que \u00a0el problema de esta gente es que no tienen\u00a0 en la cabeza \u00a0un proyecto \u00a0sobre \u00a0nada. Hablan \u00a0del federalismo como del b\u00e1lsamo de Fierabr\u00e1s, sin saber que dicen. Por lo menos Maragall hablaba del federalismo asim\u00e9trico, que es lo que consagra la Constituci\u00f3n con sus Nacionalidades y Regiones. En el fondo, un planteamiento confederal.<\/p>\n<p>En ese mismo Congreso socialista \u00a0celebrado en Bilbao\u00a0 el 20 de septiembre\u00a0 dijo S\u00e1nchez\u00a0 dirigi\u00e9ndose a los catalanes: \u201ddesde Euzkadi y desde\u00a0 cualquier punto de Espa\u00f1a\u00a0 les decimos a los catalanes\u00a0 que les queremos y que queremos\u00a0 vivir con ellos\u201d. T\u00edpico comentario de una reina de belleza, no de un l\u00edder serio y s\u00f3lido.<\/p>\n<p>\u00bfEs este el programa de un l\u00edder y de un partido serio ante un problema de tanta enjundia? Y la cosa indigna pues cuando la vicepresidenta \u00a0S\u00e1enz de Santamar\u00eda anuncia todas las penas del infierno si se lleva a cabo \u00a0la consulta convocada por Artur Mas, sale el portavoz del PSOE, Antonio Hernando y dice exactamente lo mismo que ella. \u00bfD\u00f3nde qued\u00f3 tanto amor socialista a los catalanes?.<\/p>\n<p>Le recomendar\u00eda a Pedro S\u00e1nchez la lectura del libro \u201cLa Comunidad Ib\u00e9rica de Naciones\u201d escrito al alim\u00f3n en sus exilios londinenses por Manuel de Irujo, Cortesao (ex primer ministro de Portugal), Castelao (l\u00edder de Galiza), y los catalanes Batista i Roca y Pi Sunyer. Plantean una Confederaci\u00f3n\u00a0 Ib\u00e9rica partiendo de la base de cinco naciones: Portugal, Galicia, Euzkadi, Catalunya y Espa\u00f1a y donde la soberan\u00eda reside en los distintos pueblos que conviven en la Pen\u00ednsula y no en el pueblo espa\u00f1ol. Tan leg\u00edtimo para Europa un planteamiento, como otro. Pero me da que este S\u00e1nchez, es hombre de pocas lecturas y de pocos contrastes. Ser de Madrid y del Real Madrid, imprime car\u00e1cter.<\/p>\n<p>Y es que no debemos olvidar que el PP y el PSOE son los art\u00edfices del caf\u00e9 para todos. El binomio mon\u00e1rquico que nos ha llevado a la actual situaci\u00f3n. No hay que olvidar que al inicio de la transici\u00f3n solo hab\u00eda dos demandas de autogobierno, la vasca y la catalana y que uno de los ponentes constitucionales, Gabriel Cisneros dijo algo muy gr\u00e1fico que sigue en vigor.<\/p>\n<p>Estaban configurando en la Constituci\u00f3n\u00a0 del estado lo auton\u00f3mico \u00a0y ante la gran pregunta \u201c\u00bfQu\u00e9 hacer con Catalunya y el Pa\u00eds Vasco?\u201d, uno de los ponentes constitucionales de UCD, el azul Cisneros tuvo la genial idea. Pregunt\u00f3:<\/p>\n<p>\u201dSab\u00e9is como se controla en los sanfermines\u00a0 a los toros bravos?. \u00a0Muy sencillo. Rode\u00e1ndolos de cabestros. Pues hagamos eso\u201d. Y lo hicieron. Y ah\u00ed est\u00e1 Madrid, tan comunidad aut\u00f3noma, junto a Murcia,\u00a0 como Catalunya o Euzkadi.<\/p>\n<p>Y de aquellos polvos, estos lodos.<\/p>\n<p>En el Reino Unido, Gales, Escocia, Irlanda del Norte e Inglaterra son los \u00a0cinco territorios hist\u00f3ricos. Tres con derecho a jugar con su selecci\u00f3n de f\u00fatbol. Aqu\u00ed son 17 y solo con una Roja. Y no quieren en Espa\u00f1a \u00a0echar marcha atr\u00e1s al Frankestein que montaron por presi\u00f3n militar.<\/p>\n<p>Y S\u00e1nchez quiere resolver la cuesti\u00f3n a besos y Rajoy con el NO a todo, y algunos queriendo encarcelar a Mas, mandar el ej\u00e9rcito o suspender la autonom\u00eda.<\/p>\n<p>Celtiberia show. Lo que dec\u00eda Ortuzar en el Alderdi Eguna, \u201dconfunden las gulas con las angulas\u201d.<\/p>\n<p>En el fondo, me alegro del c\u00famulo de errores que est\u00e1n cometiendo neg\u00e1ndose a todo en Catalunya. Es la mejor manera de hacer independentistas que tiene ahora Madrid. De un escu\u00e1lido 23%, han pasado a 108 parlamentarios en el Parlamento catal\u00e1n pidiendo la independencia y si siguen hablando Rosa Diez, Alicia S\u00e1nchez Camacho, Soraya S\u00e1enz de Santamar\u00eda, Antonio Hernando, Albert Rivera, Albert Boadella, Arcadi Espada\u00a0 as\u00ed como\u00a0 las tertulias de ambos Gatos las noches madrile\u00f1as, el 60% de voto independentista en Catalunya est\u00e1 garantizado. No nos olvidemos que fue Aznar el mejor propagandista de Carod Rovira. Se meti\u00f3 tan salvajemente con \u00e9l que ERC pas\u00f3 de uno a ocho diputados. Y \u00e9sto lleva el mismo camino.<\/p>\n<p>Que le dejen a S\u00e1enz de Santamar\u00eda con ese inaguantable tono repipi\u00a0 de monja alf\u00e9rez hablar de las bondades de una Constituci\u00f3n que son ellos los que no la cumplen, o de un Tribunal Constitucional elegido entre el PP y el PSOE, o del alejamiento de una Europa que jam\u00e1s podr\u00e1 decir que Catalunya no es Europa .Pero, \u00bfpor qu\u00e9 no se preguntan el por qu\u00e9 los catalanes no quieren ser espa\u00f1oles y que adem\u00e1s est\u00e1n hartos de ellos?. \u00bfNo hay un solo tipo inteligente en el Madrid de los Borbones?.<\/p>\n<p>Parece que ya es tarde para arreglo alguno y es que \u00a0\u00a0a los toros bravos ya no se les controla ni con cabestros.<\/p>\n<p>Ni con el ej\u00e9rcito.<\/p>\n<p>&nbsp;<\/p>\n<!-- AddThis Advanced Settings generic via filter on the_content --><!-- AddThis Share Buttons generic via filter on the_content -->","protected":false},"excerpt":{"rendered":"<p>Domingo 4 de octubre de 2014 Sim\u00f3n S\u00e1nchez Montero, dirigente comunista\u00a0 estaba siendo torturado durante la dictadura de Franco y ya sangraba. Entonces el esbirro policial, irritado le grit\u00f3:\u201d\u00bfY porque co\u00f1o luch\u00e1is vosotros?\u201d. Y Sim\u00f3n\u00a0 le dijo: \u201dPor una sociedad\u00a0 donde a usted no le puedan hacer\u00a0 lo que me est\u00e1 haciendo a m\u00ed\u201d. Record\u00e9 &hellip; <a href=\"https:\/\/blogs.deia.eus\/anasagasti\/2014\/10\/05\/a-los-vascos-y-a-los-catalanes-como-en-san-fermin\/\" class=\"more-link\">Sigue leyendo <span class=\"screen-reader-text\">A los Vascos y a los Catalanes, como en San Ferm\u00edn<\/span><\/a><!-- AddThis Advanced Settings generic via filter on get_the_excerpt --><!-- AddThis Share Buttons generic via filter on get_the_excerpt --><\/p>\n","protected":false},"author":19,"featured_media":0,"comment_status":"open","ping_status":"open","sticky":false,"template":"","format":"standard","meta":{"footnotes":""},"categories":[1],"tags":[],"class_list":["post-5550","post","type-post","status-publish","format-standard","hentry","category-general"],"_links":{"self":[{"href":"https:\/\/blogs.deia.eus\/anasagasti\/wp-json\/wp\/v2\/posts\/5550","targetHints":{"allow":["GET"]}}],"collection":[{"href":"https:\/\/blogs.deia.eus\/anasagasti\/wp-json\/wp\/v2\/posts"}],"about":[{"href":"https:\/\/blogs.deia.eus\/anasagasti\/wp-json\/wp\/v2\/types\/post"}],"author":[{"embeddable":true,"href":"https:\/\/blogs.deia.eus\/anasagasti\/wp-json\/wp\/v2\/users\/19"}],"replies":[{"embeddable":true,"href":"https:\/\/blogs.deia.eus\/anasagasti\/wp-json\/wp\/v2\/comments?post=5550"}],"version-history":[{"count":1,"href":"https:\/\/blogs.deia.eus\/anasagasti\/wp-json\/wp\/v2\/posts\/5550\/revisions"}],"predecessor-version":[{"id":5551,"href":"https:\/\/blogs.deia.eus\/anasagasti\/wp-json\/wp\/v2\/posts\/5550\/revisions\/5551"}],"wp:attachment":[{"href":"https:\/\/blogs.deia.eus\/anasagasti\/wp-json\/wp\/v2\/media?parent=5550"}],"wp:term":[{"taxonomy":"category","embeddable":true,"href":"https:\/\/blogs.deia.eus\/anasagasti\/wp-json\/wp\/v2\/categories?post=5550"},{"taxonomy":"post_tag","embeddable":true,"href":"https:\/\/blogs.deia.eus\/anasagasti\/wp-json\/wp\/v2\/tags?post=5550"}],"curies":[{"name":"wp","href":"https:\/\/api.w.org\/{rel}","templated":true}]}}