{"id":5552,"date":"2014-10-06T20:51:36","date_gmt":"2014-10-06T18:51:36","guid":{"rendered":"http:\/\/blogs.deia.com\/anasagasti\/?p=5552"},"modified":"2014-10-06T20:51:36","modified_gmt":"2014-10-06T18:51:36","slug":"pedro-sanchez-tres-rectificaciones-de-peso-en-un-mes","status":"publish","type":"post","link":"https:\/\/blogs.deia.eus\/anasagasti\/2014\/10\/06\/pedro-sanchez-tres-rectificaciones-de-peso-en-un-mes\/","title":{"rendered":"Pedro S\u00e1nchez: Tres rectificaciones de peso en un mes"},"content":{"rendered":"<p><strong><strong>Lunes 6 de octubre de 2014<\/strong><\/strong><\/p>\n<p>Pedro S\u00e1nchez est\u00e1 que se sale. Me recuerda a lo que le llamaban a Carlos Andr\u00e9s P\u00e9rez en Venezuela: el pollito, porque cada paso era una cagadita.<\/p>\n<p>En tiempos de la abdicaci\u00f3n de Juan Carlos se declar\u00f3 republicano y critic\u00f3 que su partido avalara el tr\u00e1mite y la forma\u00a0como lo hizo. Elegido secretario general del PSOE se entrevist\u00f3 con Felipe VI en La Zarzuela, antes de estar con cualquier dirigente de su partido o\u00a0 de la oposici\u00f3n o incluso de visitar la tumba de Pablo Iglesias como hecho simb\u00f3lico \u00a0y sali\u00f3 de la entrevista risue\u00f1o y encantado de haber estado con alguien de su generaci\u00f3n que era el Jefe del Estado, sin cuestionarlo para nada. \u00a1F\u00edjense que argumentaci\u00f3n utiliz\u00f3 para enmendar a la totalidad todo lo que hab\u00eda dicho y hecho\u00a0 en el reciente pasado!.<\/p>\n<p>Como si ser parte de una generaci\u00f3n\u00a0 explicara el hecho de un sistema de privilegio nacido de una dictadura.<\/p>\n<p>Al poco, y obsesionado con el otro Pablo Iglesias, llam\u00f3 al programa de Jordi Evole a cuenta de los excesos que se hacen en Tordesillas al Toro de la Vega y dijo que con \u00e9l, nada de eso se producir\u00eda y que no le gustan los toros y que jam\u00e1s le veremos en una corrida.<\/p>\n<p>Pero daba la casualidad que el alcalde de Tordesillas es socialista y hay mucho andaluz y extreme\u00f1o a los que les gusta y viven de la lidia. Y volvi\u00f3 a rectificar.<\/p>\n<p>Y la \u00faltima y la m\u00e1s sonada fue el s\u00e1bado\u00a0 4 de octubre apareciendo en la contraportada de El Mundo diciendo que hab\u00eda que eliminar el Ministerio de Defensa. Tremendo foll\u00f3n en los Bonos, militares, soldados y dem\u00e1s. Y vuelta a rectificar.<\/p>\n<p>Y todo eso sin que se le vea la menor idea original para tratar de encauzar la situaci\u00f3n catalana salvo apoyar a Rajoy en su NO.<\/p>\n<p>Nada, que lo mejor es llamarle a este hombre \u00a0como a Carlos Andr\u00e9s P\u00e9rez: el pollito porque, cada pasito es \u00a0una cagadita.<\/p>\n<p>&nbsp;<\/p>\n<!-- AddThis Advanced Settings generic via filter on the_content --><!-- AddThis Share Buttons generic via filter on the_content -->","protected":false},"excerpt":{"rendered":"<p>Lunes 6 de octubre de 2014 Pedro S\u00e1nchez est\u00e1 que se sale. Me recuerda a lo que le llamaban a Carlos Andr\u00e9s P\u00e9rez en Venezuela: el pollito, porque cada paso era una cagadita. En tiempos de la abdicaci\u00f3n de Juan Carlos se declar\u00f3 republicano y critic\u00f3 que su partido avalara el tr\u00e1mite y la forma\u00a0como &hellip; <a href=\"https:\/\/blogs.deia.eus\/anasagasti\/2014\/10\/06\/pedro-sanchez-tres-rectificaciones-de-peso-en-un-mes\/\" class=\"more-link\">Sigue leyendo <span class=\"screen-reader-text\">Pedro S\u00e1nchez: Tres rectificaciones de peso en un mes<\/span><\/a><!-- AddThis Advanced Settings generic via filter on get_the_excerpt --><!-- AddThis Share Buttons generic via filter on get_the_excerpt --><\/p>\n","protected":false},"author":19,"featured_media":0,"comment_status":"open","ping_status":"open","sticky":false,"template":"","format":"standard","meta":{"footnotes":""},"categories":[1],"tags":[],"class_list":["post-5552","post","type-post","status-publish","format-standard","hentry","category-general"],"_links":{"self":[{"href":"https:\/\/blogs.deia.eus\/anasagasti\/wp-json\/wp\/v2\/posts\/5552","targetHints":{"allow":["GET"]}}],"collection":[{"href":"https:\/\/blogs.deia.eus\/anasagasti\/wp-json\/wp\/v2\/posts"}],"about":[{"href":"https:\/\/blogs.deia.eus\/anasagasti\/wp-json\/wp\/v2\/types\/post"}],"author":[{"embeddable":true,"href":"https:\/\/blogs.deia.eus\/anasagasti\/wp-json\/wp\/v2\/users\/19"}],"replies":[{"embeddable":true,"href":"https:\/\/blogs.deia.eus\/anasagasti\/wp-json\/wp\/v2\/comments?post=5552"}],"version-history":[{"count":1,"href":"https:\/\/blogs.deia.eus\/anasagasti\/wp-json\/wp\/v2\/posts\/5552\/revisions"}],"predecessor-version":[{"id":5553,"href":"https:\/\/blogs.deia.eus\/anasagasti\/wp-json\/wp\/v2\/posts\/5552\/revisions\/5553"}],"wp:attachment":[{"href":"https:\/\/blogs.deia.eus\/anasagasti\/wp-json\/wp\/v2\/media?parent=5552"}],"wp:term":[{"taxonomy":"category","embeddable":true,"href":"https:\/\/blogs.deia.eus\/anasagasti\/wp-json\/wp\/v2\/categories?post=5552"},{"taxonomy":"post_tag","embeddable":true,"href":"https:\/\/blogs.deia.eus\/anasagasti\/wp-json\/wp\/v2\/tags?post=5552"}],"curies":[{"name":"wp","href":"https:\/\/api.w.org\/{rel}","templated":true}]}}