{"id":5554,"date":"2014-10-07T21:08:08","date_gmt":"2014-10-07T19:08:08","guid":{"rendered":"http:\/\/blogs.deia.com\/anasagasti\/?p=5554"},"modified":"2014-10-07T21:08:08","modified_gmt":"2014-10-07T19:08:08","slug":"menuda-marca-espana","status":"publish","type":"post","link":"https:\/\/blogs.deia.eus\/anasagasti\/2014\/10\/07\/menuda-marca-espana\/","title":{"rendered":"\u00a1Menuda Marca Espa\u00f1a!."},"content":{"rendered":"<p><strong><strong>Martes 7 de octubre de 2014<\/strong><\/strong><\/p>\n<p><a href=\"http:\/\/blogs.deia.com\/anasagasti\/files\/2014\/10\/Ana-Mato.jpg\"><img loading=\"lazy\" decoding=\"async\" class=\"alignleft size-full wp-image-5555\" src=\"http:\/\/blogs.deia.com\/anasagasti\/files\/2014\/10\/Ana-Mato.jpg\" alt=\"Ana Mato\" width=\"657\" height=\"449\" srcset=\"https:\/\/blogs.deia.eus\/anasagasti\/files\/2014\/10\/Ana-Mato.jpg 657w, https:\/\/blogs.deia.eus\/anasagasti\/files\/2014\/10\/Ana-Mato-580x396.jpg 580w\" sizes=\"auto, (max-width: 657px) 100vw, 657px\" \/><\/a>Esto empieza a oler a podrido. Por algo ser\u00e1 que dicen que el pescado empieza a pudrirse por la cabeza. Y es que los estertores del fin \u00a0de la mayor\u00eda absoluta del PP est\u00e1n siendo\u00a0de traca: \u00cbbola, juez Elpidio, retirado el proyecto de ley del aborto, dimisi\u00f3n de Gallard\u00f3n, dimisi\u00f3n del Director General de RTVE, tarjetas negras, Blesa, B\u00e1rcenas, Ca\u00f1ete, y&#8230;..hasta Casillas. El Dontancredismo de Don Mariano produce monstruos dif\u00edciles de calmar.<\/p>\n<p>Y no es que la sanidad espa\u00f1ola no tenga magn\u00edficos profesionales. Los tiene. Pero\u00a0 tambi\u00e9n posee al frente de Sanidad una ministra \u00a0inadecuada que pidi\u00f3 la dimisi\u00f3n de la ministra Chac\u00f3n a cuenta de la \u00a0gripe aviar en los cuarteles y cuando le toca a ella y puede dar ejemplo de coherencia a la hora de las \u00a0dimisiones, nada. Si, ya s\u00e9 que no es el momento para ello, pero pod\u00eda hacernos alg\u00fan tipo de anuncio \u00a0tranquilizador porque no se ha podido hacer peor.<\/p>\n<p>No fue buena idea la de \u00a0traer a los dos misioneros. No dudo que la intenci\u00f3n fue la mejor y adem\u00e1s, de alguna manera\u00a0 se trataba\u00a0 de \u00a0reconocer el trabajo por los dem\u00e1s de toda una vida. Pero no fue buena idea porque se acaba de demostrar que Espa\u00f1a no estaba preparada para ello a pesar de las im\u00e1genes informativas \u00a0de trajes, ambulancias y motoristas. Mucho aparato y mucho ruido para una sanidad recortada y desmotivada\u00a0 con unos protocolos que \u00a0no se cumplieron a rajatabla y, al parecer usando unos trajes que se ha debido demostrar\u00a0 que dejaban mucho que desear. Total: dos misioneros fallecidos, una enfermera infectada y varios m\u00e1s en cuarentena. Y la ministra dando nerviosamente \u00a0la palabra a sus colaboradores, sin responder a casi nada. As\u00ed cualquiera. Y es que con las cosas de la salud no se juega. Y se ha jugado e incluso se ha pretendido hacer negocio con ella.<\/p>\n<p>Y lo malo es que solo con lo que ha costado \u00a0el rescate de Bankia se pod\u00eda haber tenido el mejor servicio sanitario del mundo.<\/p>\n<p>Y ah\u00ed est\u00e1 \u00a0asimismo el juez Elpidio Silva con una inhabilitaci\u00f3n \u00a0de 17\u00a0 a\u00f1os hecha con sa\u00f1a en momentos en los que se ha demostrado que la petici\u00f3n \u00a0que hizo de los sms\u00a0 de Blesa eran fundamentales para averiguar toda un trama de saqueo a una Caja Madrid \u00a0que tuvo que ser rescatada teniendo al frente al ex Vicepresidente Rodrigo Rato y al actual asesor del rey y ex jefe de la casa Real, Rafael Spottorno, gentes al parecer muy respetables pero que met\u00edan la mano en la caja con la misma habilidad que un raterillo, aunque sin inmutarse y creyendo encima que no eran ladrones de guante blanco, sino gentes a los que hab\u00eda que rendir pleites\u00eda.<\/p>\n<p>Le he escuchado al juez Silva \u00a0decir que estaba encantado con la sentencia para que se viera lo podrida que est\u00e1 la Justicia en Espa\u00f1a. Pues s\u00ed.<\/p>\n<p>Y para completar la Marca Espa\u00f1a ah\u00ed tenemos la exportaci\u00f3n al Colegio de Comisarios de un se\u00f1or como Arias Ca\u00f1ete que cambia sus declaraciones, que minusvalora a la mujer, que tiene a su cu\u00f1ado\u00a0 de administrador\u00a0 de sus negocios petroleros y \u00e9l tratando de ser Comisario de Energ\u00eda. El zorro al frente del gallinero.<\/p>\n<p>Y para colmo demostrando \u00a0cada d\u00eda una supina cerraz\u00f3n pol\u00edtica de libro en el caso catal\u00e1n, al que han dejado pudrir hasta l\u00edmites de un enfrentamiento total. Cepillaron el estatuto, lo denunciaron ante el Constitucional y ahora hablan de que hay que cumplir la ley.<\/p>\n<p>Lo dicho. El que ide\u00f3 la campa\u00f1a de la Marca Espa\u00f1a se luci\u00f3. Con estos mimbres no hay forma de que hagan un cesto m\u00ednimamente presentable. Todo lo contrario. Todos los informativos mundiales hablan del \u00e9bola en Espa\u00f1a y de c\u00f3mo en un pa\u00eds europeo ha podido pasar algo as\u00ed.<\/p>\n<p>En este momento el enfermo de Europa se llama Espa\u00f1a.<\/p>\n<p>La Marca Espa\u00f1a, como sin\u00f3nimo de gran chapuza.<\/p>\n<p>&nbsp;<\/p>\n<!-- AddThis Advanced Settings generic via filter on the_content --><!-- AddThis Share Buttons generic via filter on the_content -->","protected":false},"excerpt":{"rendered":"<p>Martes 7 de octubre de 2014 Esto empieza a oler a podrido. Por algo ser\u00e1 que dicen que el pescado empieza a pudrirse por la cabeza. Y es que los estertores del fin \u00a0de la mayor\u00eda absoluta del PP est\u00e1n siendo\u00a0de traca: \u00cbbola, juez Elpidio, retirado el proyecto de ley del aborto, dimisi\u00f3n de Gallard\u00f3n, &hellip; <a href=\"https:\/\/blogs.deia.eus\/anasagasti\/2014\/10\/07\/menuda-marca-espana\/\" class=\"more-link\">Sigue leyendo <span class=\"screen-reader-text\">\u00a1Menuda Marca Espa\u00f1a!.<\/span><\/a><!-- AddThis Advanced Settings generic via filter on get_the_excerpt --><!-- AddThis Share Buttons generic via filter on get_the_excerpt --><\/p>\n","protected":false},"author":19,"featured_media":0,"comment_status":"open","ping_status":"open","sticky":false,"template":"","format":"standard","meta":{"footnotes":""},"categories":[1],"tags":[],"class_list":["post-5554","post","type-post","status-publish","format-standard","hentry","category-general"],"_links":{"self":[{"href":"https:\/\/blogs.deia.eus\/anasagasti\/wp-json\/wp\/v2\/posts\/5554","targetHints":{"allow":["GET"]}}],"collection":[{"href":"https:\/\/blogs.deia.eus\/anasagasti\/wp-json\/wp\/v2\/posts"}],"about":[{"href":"https:\/\/blogs.deia.eus\/anasagasti\/wp-json\/wp\/v2\/types\/post"}],"author":[{"embeddable":true,"href":"https:\/\/blogs.deia.eus\/anasagasti\/wp-json\/wp\/v2\/users\/19"}],"replies":[{"embeddable":true,"href":"https:\/\/blogs.deia.eus\/anasagasti\/wp-json\/wp\/v2\/comments?post=5554"}],"version-history":[{"count":1,"href":"https:\/\/blogs.deia.eus\/anasagasti\/wp-json\/wp\/v2\/posts\/5554\/revisions"}],"predecessor-version":[{"id":5556,"href":"https:\/\/blogs.deia.eus\/anasagasti\/wp-json\/wp\/v2\/posts\/5554\/revisions\/5556"}],"wp:attachment":[{"href":"https:\/\/blogs.deia.eus\/anasagasti\/wp-json\/wp\/v2\/media?parent=5554"}],"wp:term":[{"taxonomy":"category","embeddable":true,"href":"https:\/\/blogs.deia.eus\/anasagasti\/wp-json\/wp\/v2\/categories?post=5554"},{"taxonomy":"post_tag","embeddable":true,"href":"https:\/\/blogs.deia.eus\/anasagasti\/wp-json\/wp\/v2\/tags?post=5554"}],"curies":[{"name":"wp","href":"https:\/\/api.w.org\/{rel}","templated":true}]}}