{"id":5557,"date":"2014-10-08T20:40:07","date_gmt":"2014-10-08T18:40:07","guid":{"rendered":"http:\/\/blogs.deia.com\/anasagasti\/?p=5557"},"modified":"2014-10-08T20:40:07","modified_gmt":"2014-10-08T18:40:07","slug":"rafael-spottorno-tarde-piaste-pajarito","status":"publish","type":"post","link":"https:\/\/blogs.deia.eus\/anasagasti\/2014\/10\/08\/rafael-spottorno-tarde-piaste-pajarito\/","title":{"rendered":"Rafael Spottorno: \u00a1Tarde piaste pajarito!"},"content":{"rendered":"<p><strong><strong>Mi\u00e9rcoles 8 de octubre de 2014<\/strong><\/strong><\/p>\n<p><a href=\"http:\/\/blogs.deia.com\/anasagasti\/files\/2014\/10\/1134.14.png\"><img loading=\"lazy\" decoding=\"async\" class=\"alignleft size-full wp-image-5558\" src=\"http:\/\/blogs.deia.com\/anasagasti\/files\/2014\/10\/1134.14.png\" alt=\"1134.14\" width=\"241\" height=\"209\" \/><\/a>Rafael Spottorno, el ex jefe de la Casa Real, ha tardado demasiado tiempo en realizar lo que el martes a la noche hizo ante Felipe VI: dimitir de su cargo de asesor del Rey con el argumento de que esta bronca \u00abpuede afectar al prestigio de la Corona\u00bb a cuenta de su utilizaci\u00f3n de las tarjetas opacas. \u00bfS\u00ed? \u00bfY c\u00f3mo le puede afectar?. Ser\u00eda bueno nos lo dijera.<\/p>\n<p>Este se\u00f1or, diplom\u00e1tico \u00e9l, fue segundo de la Casa Real con Juan Carlos de 1993 al a\u00f1o 2002. Casi diez a\u00f1os. \u00a1Lo que no habr\u00e1 hecho y lo que no habr\u00e1 encubierto de su dilecto Jefe!.<\/p>\n<p>Posteriormente lo fue, pero en este caso ya como, Jefe de la Casa Real, desde septiembre de 2011 a la abdicaci\u00f3n del monarca. Le toc\u00f3 toda la marejada de la crisis de Bostwana, la operaci\u00f3n del rey, el caso Urdangarin y la abdicaci\u00f3n del Juan Carlos. Solo con que escriba un libro de Memorias tiene asegurada su jubilaci\u00f3n.<\/p>\n<p>La gente se olvida que presidi\u00f3 bajo Rodrigo Rato la Fundaci\u00f3n Caja Madrid, con todo lo que \u00e9sto supone .Y cuando fue Director de esta canonj\u00eda dimiti\u00f3 con cajas destempladas porque le hab\u00edan quitado los bonus del que era beneficiario porque el muy caradura consider\u00f3 injusto el tratamiento al que fue sometido. El caso de Spottorno fue uno de los m\u00e1s cuestionados porque protest\u00f3 al considerar que un incentivo a largo plazo\u00a0 deb\u00eda ser concedido a una instituci\u00f3n de gasto y no de ingreso como es la Fundaci\u00f3n Caja Madrid. Del entorno del delincuente Miguel Blesa dijeron que har\u00edan todo lo posible para tratar de cobrar el bono. Es decir, tarjetas opacas y bonus. Saqueo a mill\u00f3n de Caja Madrid.<\/p>\n<p>Spottorno ha sido el gran apoyo del Rey estos a\u00f1os. Un se\u00f1or que gast\u00f3 223.900 euros gratis et amore de los depositantes de\u00a0 Caja Madrid y que encima se quejaba por el asunto de los Bonus. Y luego va por la vida de probo funcionario. Y es que el saber estos datos nos van dibujando la cala\u00f1a que ha habitado estos a\u00f1os en el Palacio de la Zarzuela empezando por el Gran Jefe.<\/p>\n<p>El hombre, Don Rafael, con toda su cara ha dicho que no us\u00f3 indebidamente nada sino que meti\u00f3 la mano en la caja siguiendo las instrucciones recibidas de que pod\u00eda utilizar el dinero para y en los t\u00e9rminos y con los l\u00edmites que se le fijaron. Esos l\u00edmites los fij\u00f3 el g\u00e1ngster Blesa. Y a \u00e9l, como le conven\u00eda, contest\u00f3: \u00abSi Bwana\u00bb.<\/p>\n<p>Como se ve, \u00abhombres de estado\u00bb.<\/p>\n<p>Lo extra\u00f1o de todo \u00e9sto es el silencio que hay sobre Spottorno en la prensa espa\u00f1ola y en los comentarios y en los comentaristas para salvaguardar el buen nombre de la Instituci\u00f3n, cuando deb\u00eda ser al rev\u00e9s. Que se sepa la catadura moral de esta gentuza al servicio de una Instituci\u00f3n decimon\u00f3nica y asentada en el privilegio y en meter la mano en la Caja.<\/p>\n<p>\u00a1Tarde piaste Pajarito!<\/p>\n<p>&nbsp;<\/p>\n<!-- AddThis Advanced Settings generic via filter on the_content --><!-- AddThis Share Buttons generic via filter on the_content -->","protected":false},"excerpt":{"rendered":"<p>Mi\u00e9rcoles 8 de octubre de 2014 Rafael Spottorno, el ex jefe de la Casa Real, ha tardado demasiado tiempo en realizar lo que el martes a la noche hizo ante Felipe VI: dimitir de su cargo de asesor del Rey con el argumento de que esta bronca \u00abpuede afectar al prestigio de la Corona\u00bb a &hellip; <a href=\"https:\/\/blogs.deia.eus\/anasagasti\/2014\/10\/08\/rafael-spottorno-tarde-piaste-pajarito\/\" class=\"more-link\">Sigue leyendo <span class=\"screen-reader-text\">Rafael Spottorno: \u00a1Tarde piaste pajarito!<\/span><\/a><!-- AddThis Advanced Settings generic via filter on get_the_excerpt --><!-- AddThis Share Buttons generic via filter on get_the_excerpt --><\/p>\n","protected":false},"author":19,"featured_media":0,"comment_status":"open","ping_status":"open","sticky":false,"template":"","format":"standard","meta":{"footnotes":""},"categories":[1],"tags":[],"class_list":["post-5557","post","type-post","status-publish","format-standard","hentry","category-general"],"_links":{"self":[{"href":"https:\/\/blogs.deia.eus\/anasagasti\/wp-json\/wp\/v2\/posts\/5557","targetHints":{"allow":["GET"]}}],"collection":[{"href":"https:\/\/blogs.deia.eus\/anasagasti\/wp-json\/wp\/v2\/posts"}],"about":[{"href":"https:\/\/blogs.deia.eus\/anasagasti\/wp-json\/wp\/v2\/types\/post"}],"author":[{"embeddable":true,"href":"https:\/\/blogs.deia.eus\/anasagasti\/wp-json\/wp\/v2\/users\/19"}],"replies":[{"embeddable":true,"href":"https:\/\/blogs.deia.eus\/anasagasti\/wp-json\/wp\/v2\/comments?post=5557"}],"version-history":[{"count":1,"href":"https:\/\/blogs.deia.eus\/anasagasti\/wp-json\/wp\/v2\/posts\/5557\/revisions"}],"predecessor-version":[{"id":5559,"href":"https:\/\/blogs.deia.eus\/anasagasti\/wp-json\/wp\/v2\/posts\/5557\/revisions\/5559"}],"wp:attachment":[{"href":"https:\/\/blogs.deia.eus\/anasagasti\/wp-json\/wp\/v2\/media?parent=5557"}],"wp:term":[{"taxonomy":"category","embeddable":true,"href":"https:\/\/blogs.deia.eus\/anasagasti\/wp-json\/wp\/v2\/categories?post=5557"},{"taxonomy":"post_tag","embeddable":true,"href":"https:\/\/blogs.deia.eus\/anasagasti\/wp-json\/wp\/v2\/tags?post=5557"}],"curies":[{"name":"wp","href":"https:\/\/api.w.org\/{rel}","templated":true}]}}