{"id":5560,"date":"2014-10-09T20:31:36","date_gmt":"2014-10-09T18:31:36","guid":{"rendered":"http:\/\/blogs.deia.com\/anasagasti\/?p=5560"},"modified":"2014-10-09T20:31:36","modified_gmt":"2014-10-09T18:31:36","slug":"margallo-nos-presenta-su-plan-para-una-estrategia-exterior","status":"publish","type":"post","link":"https:\/\/blogs.deia.eus\/anasagasti\/2014\/10\/09\/margallo-nos-presenta-su-plan-para-una-estrategia-exterior\/","title":{"rendered":"Margallo nos presenta su Plan para una Estrategia Exterior."},"content":{"rendered":"<p><strong><strong>Jueves 9 de octubre de 2014<\/strong><\/strong><\/p>\n<p><a href=\"http:\/\/blogs.deia.com\/anasagasti\/files\/2014\/10\/1142.1.jpg\"><img loading=\"lazy\" decoding=\"async\" class=\"alignleft size-full wp-image-5561\" src=\"http:\/\/blogs.deia.com\/anasagasti\/files\/2014\/10\/1142.1.jpg\" alt=\"1142.1\" width=\"1024\" height=\"768\" srcset=\"https:\/\/blogs.deia.eus\/anasagasti\/files\/2014\/10\/1142.1.jpg 1024w, https:\/\/blogs.deia.eus\/anasagasti\/files\/2014\/10\/1142.1-580x435.jpg 580w, https:\/\/blogs.deia.eus\/anasagasti\/files\/2014\/10\/1142.1-940x705.jpg 940w\" sizes=\"auto, (max-width: 1024px) 100vw, 1024px\" \/><\/a>El pasado mi\u00e9rcoles, el ministro Jos\u00e9 Manuel Garc\u00eda Margallo y su equipo nos presentaron en el Palacio de Viana un documento de 138 p\u00e1ginas titulado ESTRATEGIA DE ACCION EXTERIOR, coordinado por\u00a0 Enrique Mora y con aportes reflexivos del Instituto Elcano. Nunca la pol\u00edtica espa\u00f1ola ha tenido una estrategia escrita en pol\u00edtica exterior y es la primera vez que se pone negro sobre blanco. La idea no es mala. Pero \u00a0no nos \u00a0presentaron \u00a0un borrador, sino un guiso ya cocinado.<\/p>\n<p>Estuvimos \u00a0en la larga sala los miembros de las comisiones de exteriores del Congreso y del Senado y altos cargos del ministerio. Nos han servido un caf\u00e9 y ten\u00edamos delante\u00a0 una botella de agua.<\/p>\n<p>El ministro ha estado escueto y como improvisando ya que no se trata de un proyecto de ley sino de un escrito del gobierno que est\u00e1 abierto a aportaciones y sobre eso ha girado la reuni\u00f3n, tras un breve speech de Margallo resumiendo el trabajo.<\/p>\n<p>Al terminar ha abierto una ronda de preguntas. Pocos lo han hecho. El presidente de Exteriores del Senado Mu\u00f1oz Alonso, Trinidad Jim\u00e9nez que fue ministra en esa misma casa, el Palacio de Viana, ha comentado algo sobre el procedimiento para que se escuchen nuestras propuestas, el portavoz del PP en el Senado Jose Mari Chiquillo, el portavoz de CIU en la Comisi\u00f3n de Exteriores Jordi Xucl\u00e1, Aitor Esteban, portavoz del PNV en el Congreso que le ha preguntado al ministro si hab\u00eda consultado previamente\u00a0 con las Comunidades Aut\u00f3nomas. Obviamente no lo ha hecho. Y yo, al rebote le he preguntado si adem\u00e1s de escuchar va a aceptar nuestras recomendaciones. Me ha contestado que \u00abdepende\u00bb y ante la pregunta sobre el Foro parlamentario Iberoamericano y de la conversaci\u00f3n que mantuvimos en la Casa de Am\u00e9rica con Ricardo Lagos y la ex canciller mexicana, Espinosa, le he inquirido si nos hab\u00edan hecho caso en algo. No conoc\u00eda este extremo y eso que en aquella\u00a0 reuni\u00f3n hab\u00eda estado el secretario de estado Jes\u00fas Gracia, pero que atender\u00eda con inter\u00e9s nuestras indicaciones. Se le ha pedido que tenga en cuenta tambi\u00e9n a la Comisi\u00f3n de Asuntos Iberoamericanos.<\/p>\n<p>Y se ha levantado la sesi\u00f3n. Trinidad Jim\u00e9nez muy en clave de ex ministra y de candidata a ministra con Pedro S\u00e1nchez se ha ido antes porque ten\u00eda no se qu\u00e9. Siempre hay gente que tiene cosas m\u00e1s importantes que hacer en otro lugar. A la entrada le he recordado la invitaci\u00f3n que nos hizo cuando era Secretaria de Estado de Iberoam\u00e9rica para hablar de los bicentenarios\u00a0 americanos\u00a0 de independencia con Felipe Gonz\u00e1lez que coincidi\u00f3 era su cumplea\u00f1os y le llev\u00f3 a la mesa una torta con una velita. Y su obsesi\u00f3n era ponerse al lado del ministro. La de codazos que se da la gente para estar en el centro de la foto con lo confortable que son las esquinas. Y, adem\u00e1s, recordando a Ajuriaguerra que dec\u00eda con humor, \u00a0\u201dla presidencia est\u00e1, donde se sienta mi culo\u201d.<\/p>\n<p>Estaba el diputado de IU, Josep Nuet con quien estuve en marzo en Honduras en un viaje para denunciar en ese pa\u00eds la conculcaci\u00f3n de derechos humanos. El a\u00f1o anterior hab\u00edamos estado en Guatemala y asistido a la apertura del Juicio al ex dictador Efra\u00edn R\u00edos Mont. \u00abJosep, le he preguntado. \u00bfC\u00f3mo te va la vida?\u00bb. Ir\u00f3nico me ha respondido: \u00abDesde el Politbur\u00f3 gestionando\u00a0 las crisis diarias\u00bb. Es hombre de fino humor.<\/p>\n<p>Y tambi\u00e9n estaba Salvador Sed\u00f3, ex eurodiputado y ahora senador y por sobre todo hombre de Dur\u00e1n para asuntos exteriores. Me ha comentado que estuvo en Barcelona con Ortuzar y Goikoetxeta y yo le he recordado a su padre, que fue diputado en el Congreso y se ocupaba de Infraestructuras. Y un paparazi\u00a0 le hizo una mala faena. Durante un pleno se fue al Sal\u00f3n de los Pasos Perdidos a echar una siesta, con tan mala suerte que un fot\u00f3grafo le sac\u00f3\u00a0 en tal confortable postura y el hombre que se la pasaba trabajando y no paraba tuvo que andar justificando que no era eso lo que hac\u00eda habitualmente.<\/p>\n<p>Y estaban Juan Moscoso, el portavoz del PSOE, y Alejandro Mu\u00f1oz Alonso, presidente de la Comisi\u00f3n de Exteriores que llevaba una corbata tipo Bot\u00f3n. Al lado Urko Aiartza\u00a0 nos ha comentado que su corbata era un regalo del alcalde de Belfast. Urko, sabe mucho de pol\u00edtica exterior. Si Bildu gobernara estoy seguro que ser\u00eda su ministro de Asuntos Exteriores.<\/p>\n<p>La foto que reproduzco de \u00e9l la he sacado en el sal\u00f3n rojo del Palacio y la que aparece en el cuadro es Isabel de Farnesio, esposa de Felipe V y una se\u00f1ora muy mandona y salsera. Madre de Carlos III quiso colocar a todos sus hijos en reinos y mont\u00f3 varios patines. Yo llev\u00e9 una\u00a0 corbata azul Bilbao que nos regal\u00f3 Ibarretxe en una comida.<\/p>\n<p>A la entrada el ministro me ha dicho: \u00abEgunon\u00bb. \u00abQue no ministro, que por la tarde es Arratsaldeon\u00bb. Y al salir me ha comentado que va mucho por Donosti habida cuenta que su padre nonagenario necesita presencia filial y que pronto iba a inaugurar no se qu\u00e9 Congreso en San Sebasti\u00e1n. Para fastidiarle le he dicho que Moratinos nos invitaba m\u00e1s a esa casa para contarnos cosas que lo que hace \u00e9l. Le he comentado que este s\u00e1bado voy a Donosti ya que mi promoci\u00f3n en Marianistas celebra su aniversario. No digo cuantos a\u00f1os.<\/p>\n<p>Y a la espera, veremos el grado de aceptaci\u00f3n de recomendaciones tras consultar nosotros con el Gobierno Vasco, Universidad, sindicatos, y expertos. Desde luego no es la estrategia de pol\u00edtica exterior del Gobierno Vasco. Ni se ha consultado previamente con \u00e9l.<\/p>\n<p>Total que tenemos el documento. Que habr\u00e1 que estudiarlo y mandarlo a la Universidad, a los sindicatos, a los empresarios, a departamentos de cultura, a gentes expertas y que nos digan algo sobre un trabajo profundamente espa\u00f1ol, como no pod\u00eda ser menos, y que por no poner no escribe la palabra euskera, castellano y catal\u00e1n para no herir a los valencianos.<\/p>\n<p>&nbsp;<\/p>\n<!-- AddThis Advanced Settings generic via filter on the_content --><!-- AddThis Share Buttons generic via filter on the_content -->","protected":false},"excerpt":{"rendered":"<p>Jueves 9 de octubre de 2014 El pasado mi\u00e9rcoles, el ministro Jos\u00e9 Manuel Garc\u00eda Margallo y su equipo nos presentaron en el Palacio de Viana un documento de 138 p\u00e1ginas titulado ESTRATEGIA DE ACCION EXTERIOR, coordinado por\u00a0 Enrique Mora y con aportes reflexivos del Instituto Elcano. Nunca la pol\u00edtica espa\u00f1ola ha tenido una estrategia escrita &hellip; <a href=\"https:\/\/blogs.deia.eus\/anasagasti\/2014\/10\/09\/margallo-nos-presenta-su-plan-para-una-estrategia-exterior\/\" class=\"more-link\">Sigue leyendo <span class=\"screen-reader-text\">Margallo nos presenta su Plan para una Estrategia Exterior.<\/span><\/a><!-- AddThis Advanced Settings generic via filter on get_the_excerpt --><!-- AddThis Share Buttons generic via filter on get_the_excerpt --><\/p>\n","protected":false},"author":19,"featured_media":0,"comment_status":"open","ping_status":"open","sticky":false,"template":"","format":"standard","meta":{"footnotes":""},"categories":[1],"tags":[],"class_list":["post-5560","post","type-post","status-publish","format-standard","hentry","category-general"],"_links":{"self":[{"href":"https:\/\/blogs.deia.eus\/anasagasti\/wp-json\/wp\/v2\/posts\/5560","targetHints":{"allow":["GET"]}}],"collection":[{"href":"https:\/\/blogs.deia.eus\/anasagasti\/wp-json\/wp\/v2\/posts"}],"about":[{"href":"https:\/\/blogs.deia.eus\/anasagasti\/wp-json\/wp\/v2\/types\/post"}],"author":[{"embeddable":true,"href":"https:\/\/blogs.deia.eus\/anasagasti\/wp-json\/wp\/v2\/users\/19"}],"replies":[{"embeddable":true,"href":"https:\/\/blogs.deia.eus\/anasagasti\/wp-json\/wp\/v2\/comments?post=5560"}],"version-history":[{"count":1,"href":"https:\/\/blogs.deia.eus\/anasagasti\/wp-json\/wp\/v2\/posts\/5560\/revisions"}],"predecessor-version":[{"id":5562,"href":"https:\/\/blogs.deia.eus\/anasagasti\/wp-json\/wp\/v2\/posts\/5560\/revisions\/5562"}],"wp:attachment":[{"href":"https:\/\/blogs.deia.eus\/anasagasti\/wp-json\/wp\/v2\/media?parent=5560"}],"wp:term":[{"taxonomy":"category","embeddable":true,"href":"https:\/\/blogs.deia.eus\/anasagasti\/wp-json\/wp\/v2\/categories?post=5560"},{"taxonomy":"post_tag","embeddable":true,"href":"https:\/\/blogs.deia.eus\/anasagasti\/wp-json\/wp\/v2\/tags?post=5560"}],"curies":[{"name":"wp","href":"https:\/\/api.w.org\/{rel}","templated":true}]}}