{"id":5569,"date":"2014-10-12T20:15:35","date_gmt":"2014-10-12T18:15:35","guid":{"rendered":"http:\/\/blogs.deia.com\/anasagasti\/?p=5569"},"modified":"2014-10-12T20:15:35","modified_gmt":"2014-10-12T18:15:35","slug":"un-desfile-para-celebrar-una-fiesta-civica","status":"publish","type":"post","link":"https:\/\/blogs.deia.eus\/anasagasti\/2014\/10\/12\/un-desfile-para-celebrar-una-fiesta-civica\/","title":{"rendered":"Un desfile para celebrar una fiesta c\u00edvica"},"content":{"rendered":"<p><strong><strong>Domingo 12 de octubre de 2014<\/strong><\/strong><\/p>\n<p><a href=\"http:\/\/blogs.deia.com\/anasagasti\/files\/2014\/10\/1162.14.jpg\"><img loading=\"lazy\" decoding=\"async\" class=\"alignleft size-full wp-image-5570\" src=\"http:\/\/blogs.deia.com\/anasagasti\/files\/2014\/10\/1162.14.jpg\" alt=\"1162.14\" width=\"958\" height=\"541\" srcset=\"https:\/\/blogs.deia.eus\/anasagasti\/files\/2014\/10\/1162.14.jpg 958w, https:\/\/blogs.deia.eus\/anasagasti\/files\/2014\/10\/1162.14-580x327.jpg 580w, https:\/\/blogs.deia.eus\/anasagasti\/files\/2014\/10\/1162.14-940x530.jpg 940w\" sizes=\"auto, (max-width: 958px) 100vw, 958px\" \/><\/a>En primer lugar habr\u00e1 que decir que Col\u00f3n no descubri\u00f3 Am\u00e9rica. Este continente ya estaba descubierto por sus pobladores. Y no hubo un \u00abEncuentro con Europa\u00bb sino una conquista y una colonizaci\u00f3n.<\/p>\n<p>Pero el 12 de octubre \u00a0es la Fiesta Nacional de Espa\u00f1a. Y se celebra con un desfile militar. Tambi\u00e9n lo hace Francia, pero\u00a0 la celebraci\u00f3n del 12 de octubre en Espa\u00f1a, es de anteayer. Pod\u00edan haber innovado algo. Por ejemplo actividades c\u00edvicas de todo tipo.<\/p>\n<p>Pues no. Se han gastado casi un mill\u00f3n de euros en el citado desfile, sin contar\u00a0 los aviones. Pod\u00edan haber destinado ese dinero a combatir el \u00e9bola en Sierra Leona o en Liberia. Pues no. Hab\u00eda que mostrar fuerza. Y lo han hecho y lo seguir\u00e1n haciendo.<\/p>\n<p>Tambi\u00e9n se van a mandar\u00a0 200 soldados a Irak para entrenar soldados y polic\u00edas. No est\u00e1 mal. Pero Espa\u00f1a no es una potencia ni militar, ni industrial, ni pol\u00edtica. Eso lo deber\u00edan hacer los norteamericanos que tienen una econom\u00eda desahogada. Pero tambi\u00e9n en esto hay\u00a0 que mostrar m\u00fasculo.<\/p>\n<p>Y el \u00ednclito \u00a0Pedro S\u00e1nchez, que ha estado muy modosito en el desfile, pod\u00eda haber dicho estas cosas, pero el hombre no puede ya decir nada sobre el ej\u00e9rcito despu\u00e9s de\u00a0 contestar\u00a0 que sobraba\u00a0 en su entrevista en El Mundo. La en\u00e9sima rectificaci\u00f3n.<\/p>\n<p>A nosotros, diputados y senadores del PNV, nos han invitado al desfile y al Palacio Real. No hemos ido. No nos gustan las celebraciones militares. Nunca hemos ido. Pero s\u00ed lo han hecho las Infantas. \u00a1Qu\u00e9 monas viendo pasar soldados, armas y hasta una cabra!. Y sin embargo a cualquier ni\u00f1a de esa edad no se les deja salir ni en las fotos. Les ponen una tira en la cara. \u00bfPor qu\u00e9 estas ni\u00f1as tienen bula y les llevan a ver espect\u00e1culos militares?.<\/p>\n<p>Y siguen las reverencias. Le he visto a la que se pasa por dura, Mar\u00eda Dolores de Cospedal tocar con su trasero el suelo, junto a la ministra de Agricultura, la Sra. Tejerina. \u00a1Qu\u00e9 asqueroso vasallaje para unos representante p\u00fablicos democr\u00e1ticos ante personas que no han sido elegidas por nadie!.<\/p>\n<p>En fin. Lo de todos los a\u00f1os. La Espa\u00f1a Una, Grande y Libre.<\/p>\n<!-- AddThis Advanced Settings generic via filter on the_content --><!-- AddThis Share Buttons generic via filter on the_content -->","protected":false},"excerpt":{"rendered":"<p>Domingo 12 de octubre de 2014 En primer lugar habr\u00e1 que decir que Col\u00f3n no descubri\u00f3 Am\u00e9rica. Este continente ya estaba descubierto por sus pobladores. Y no hubo un \u00abEncuentro con Europa\u00bb sino una conquista y una colonizaci\u00f3n. Pero el 12 de octubre \u00a0es la Fiesta Nacional de Espa\u00f1a. Y se celebra con un desfile &hellip; <a href=\"https:\/\/blogs.deia.eus\/anasagasti\/2014\/10\/12\/un-desfile-para-celebrar-una-fiesta-civica\/\" class=\"more-link\">Sigue leyendo <span class=\"screen-reader-text\">Un desfile para celebrar una fiesta c\u00edvica<\/span><\/a><!-- AddThis Advanced Settings generic via filter on get_the_excerpt --><!-- AddThis Share Buttons generic via filter on get_the_excerpt --><\/p>\n","protected":false},"author":19,"featured_media":0,"comment_status":"open","ping_status":"open","sticky":false,"template":"","format":"standard","meta":{"footnotes":""},"categories":[1],"tags":[],"class_list":["post-5569","post","type-post","status-publish","format-standard","hentry","category-general"],"_links":{"self":[{"href":"https:\/\/blogs.deia.eus\/anasagasti\/wp-json\/wp\/v2\/posts\/5569","targetHints":{"allow":["GET"]}}],"collection":[{"href":"https:\/\/blogs.deia.eus\/anasagasti\/wp-json\/wp\/v2\/posts"}],"about":[{"href":"https:\/\/blogs.deia.eus\/anasagasti\/wp-json\/wp\/v2\/types\/post"}],"author":[{"embeddable":true,"href":"https:\/\/blogs.deia.eus\/anasagasti\/wp-json\/wp\/v2\/users\/19"}],"replies":[{"embeddable":true,"href":"https:\/\/blogs.deia.eus\/anasagasti\/wp-json\/wp\/v2\/comments?post=5569"}],"version-history":[{"count":1,"href":"https:\/\/blogs.deia.eus\/anasagasti\/wp-json\/wp\/v2\/posts\/5569\/revisions"}],"predecessor-version":[{"id":5571,"href":"https:\/\/blogs.deia.eus\/anasagasti\/wp-json\/wp\/v2\/posts\/5569\/revisions\/5571"}],"wp:attachment":[{"href":"https:\/\/blogs.deia.eus\/anasagasti\/wp-json\/wp\/v2\/media?parent=5569"}],"wp:term":[{"taxonomy":"category","embeddable":true,"href":"https:\/\/blogs.deia.eus\/anasagasti\/wp-json\/wp\/v2\/categories?post=5569"},{"taxonomy":"post_tag","embeddable":true,"href":"https:\/\/blogs.deia.eus\/anasagasti\/wp-json\/wp\/v2\/tags?post=5569"}],"curies":[{"name":"wp","href":"https:\/\/api.w.org\/{rel}","templated":true}]}}