{"id":5572,"date":"2014-10-13T21:37:35","date_gmt":"2014-10-13T19:37:35","guid":{"rendered":"http:\/\/blogs.deia.com\/anasagasti\/?p=5572"},"modified":"2014-10-13T21:37:35","modified_gmt":"2014-10-13T19:37:35","slug":"viaje-a-los-marianistas-de-hace-cincuenta-anos-i","status":"publish","type":"post","link":"https:\/\/blogs.deia.eus\/anasagasti\/2014\/10\/13\/viaje-a-los-marianistas-de-hace-cincuenta-anos-i\/","title":{"rendered":"Viaje a los Marianistas de hace cincuenta a\u00f1os (I)."},"content":{"rendered":"<p><strong><strong>Lunes 13 de octubre de 2014<\/strong><\/strong><\/p>\n<p><a href=\"http:\/\/blogs.deia.com\/anasagasti\/files\/2014\/10\/Marianistas.png\"><img loading=\"lazy\" decoding=\"async\" class=\"alignleft size-full wp-image-5573\" src=\"http:\/\/blogs.deia.com\/anasagasti\/files\/2014\/10\/Marianistas.png\" alt=\"Marianistas\" width=\"240\" height=\"156\" \/><\/a>Hace dos semanas recib\u00ed la llamada de Jos\u00e9 Manuel Aizpurua. Le conozco del colegio y en tiempos del primer\u00a0 Aznar \u00a0fue autoridad portuaria de Pasaia cuatro a\u00f1os. Y me dijo \u00abI\u00f1aki, estamos tratando de reunirnos los que hace cincuenta a\u00f1os empezamos en el Colegio Marianistas. No lo hemos hecho nunca. Yo me ocupo de llamar a los de la letra A y Juan de los Mozos a los de la B y otro a los de la C. Y hemos organizado una visita al Colegio, una misa, fotos en el patio y comida en Gaztelubide. \u00bfVienes?\u00bb. \u00abS\u00ed\u00bb, le contest\u00e9. Volver a la infancia siempre es bueno, aunque desanimante. Pero Donosti siempre vale la pena. Lo malo es pasar de un equipo de chavalitos\u00a0 con \u00a0una vida por delante, todos con sus corbatas, algunas estirable,\u00a0y\u00a0 cara de buenos, a una reuni\u00f3n de sesentones, calvos, resabiados, hablando de enfermedades y nietos, con una remesa de bajas de treinta fallecidos\u00a0 y \u00a0\u00a0con una vida hecha. Y es que, como dice mi suegro, \u00abno hay peor \u00f3xido que el tiempo\u00bb. Pero la amistad\u00a0 y los recuerdos se imponen. Y en aquel curso hab\u00eda gente que luego vol\u00f3 alto. Fernando Fern\u00e1ndez Savater, compa\u00f1ero de pupitre, el soci\u00f3logo Echeverria, Joaqu\u00edn Arango director del CIS, Abascal\u00a0 m\u00e9dico pat\u00f3logo en Zaragoza, Berraondo profesor de \u00e9tica, Aristi, Director de Feve, Bustamante en Turismo Mu\u00f1oz Baroja en Cultura \u00a0y muchos m\u00e1s. Cada uno en lo suyo.<\/p>\n<p>Y fui este s\u00e1bado 11 a Donosti.<\/p>\n<p>Lo hice en el autob\u00fas Pesa.11,75 ida y 11,75 vuelta y hora y cuarto de viaje. Un trayecto c\u00f3modo. Y de Termib\u00fas a la parada del Hotel Astoria en la Plaza P\u00edo XII.<\/p>\n<p>Hac\u00eda d\u00e9cadas no pisaba esas calles. Enfil\u00e9 por la Avenida Sancho el Sabio. Vi el lugar donde hab\u00eda estado el Cine Astoria. Me acord\u00e9 de la \u00faltima pel\u00edcula que vi all\u00ed con mi aita y hermanos. Fue El \u00c1lamo. Y me\u00a0 suena\u00a0 todav\u00eda\u00a0 su nost\u00e1lgica m\u00fasica. Y pas\u00e9 por delante de un edificio que hab\u00eda sustituido a otro que se hab\u00eda derrumbado por la poca calidad de los materiales. Y me acord\u00e9 del portal donde viv\u00eda Jose Joaqu\u00edn Azurza, un donostiarra, ingeniero electr\u00f3nico que fue el alma t\u00e9cnica de la clandestina Radio Euzkadi. Y vi el lugar donde estuvo el cine Rex Avenida, cerca de la casa donde viv\u00ed con mi ama y hermanos antes de ir a Bilbao. Sancho El Sabio 16, 7\u00ba n\u00famero 2. \u00c9ramos vecinos de los Carrera. Ram\u00f3n y Alberto, compa\u00f1eros de colegio. Alberto ha debido ser un crack en hockey. La siguiente manzana \u00a0era donde viv\u00edan los militares\u00a0 al comienzo de una Amara que conoc\u00ed casi despoblada.<\/p>\n<p>Pasar frente al parque me record\u00f3 la pista de patines que hab\u00eda y que ya no existe. Hoy es un parque muy\u00a0 arbolado y completo para ni\u00f1os y jubilados con bancos ingleses, de esa madera de tejo dura e impudrible, y en un recodo la estatua en homenaje de la Reina Regente, Mar\u00eda Cristina de Habsburgo y Lorena que apost\u00f3 por convertir Donosti en lugar de\u00a0 las vacaciones de la Familia Real. Era austriaca y le llamaban Do\u00f1a Virtudes. Nada que ver con los Borbones aunque tuvo que aguantar a su marido Alfonso XII. Tiene una estatua blanca \u00a0all\u00ed, en la plaza del Centenario y otra en Ondarreta. Y vi que le hab\u00edan cambiado el nombre al Paseo de los Fueros por Paseo del \u00c1rbol de Gernika. No s\u00e9 quien lo hizo pero andaba algo despistado.<\/p>\n<p>Y llegu\u00e9 a la confluencia de la calle Prim con la calle Urbieta. En el n\u00famero 59, en el piso primero centro, viv\u00ed cuatro a\u00f1os con mis aitonas frente al Bellas Artes y encima del garaje Arcos. Hoy es una jugueter\u00eda y en el piso\u00a0 donde viv\u00edamos hay un estudio de arquitectura. Me dieron ganas de tocar el timbre y pedirles me dejaran ver aquella casa\u00a0 en forma de T con un tel\u00e9fono en el pasillo, el 16905, una terraza\u00a0 que daba al Paseo de los Fueros, ventanas con balcones a la calle Pedro Ega\u00f1a\u00a0 llena de geranios de mi amona, donde enfrente hab\u00eda una ikastola y\u00a0 el piso\u00a0 donde \u00a0estuve con mi hermana recibiendo clases de euskera.<\/p>\n<p>Vi al Bellas Artes enjaulado. Ser\u00eda un crimen lo derruyeran. Es la est\u00e9tica y el paisaje \u00a0de la ciudad. Y recuerdo haber visto decenas de pel\u00edculas en sesi\u00f3n continua, una de ellas, \u00abEl Puente sobre el R\u00edo Kwai\u00bb e Historias de la Radio. Y no\u00a0 me desvi\u00e9, por falta de tiempo,\u00a0para ir\u00a0 a los Carmelitas. Mi amona era feligresa de esta iglesia\u00a0\u00a0 y del Ni\u00f1o Jes\u00fas de Praga que me enter\u00e9 exist\u00eda en Praga. Y el cura que andaba con todas las se\u00f1oras era el Padre El\u00edas. Mis hermanos fueron monaguillos\u00a0 y les pagaban cinco pesetas por\u00a0 ayudar a misa. Hab\u00eda un local donde proyectaban pel\u00edculas autorizadas. No exist\u00edan los rombos sino una clasificaci\u00f3n que imped\u00eda a los menores de 18 a\u00f1os ir a las pel\u00edculas 3R.<\/p>\n<p>Y enfil\u00e9 la calle Urbieta. Todos los comercios han cambiado de destino. La droguer\u00eda, la tienda de ultramarinos, un peque\u00f1o bazar\u00a0 Carrasquedo donde compraba figuritas para el portal de Bel\u00e9n, la tienda Mart\u00ednez donde compr\u00e1bamos el vino, la sastrer\u00eda Arrieta donde me\u00a0 hicieron un traje con pantalones cortos. Y ya no estaba el letrero de la Academia Edwards donde mi aita me llev\u00f3 a aprender ingl\u00e9s. Ten\u00edan unos compartimentos con aud\u00edfonos. Lo m\u00e1s de la \u00e9poca.<\/p>\n<p>Hice un quiebro y me met\u00ed por la calle Reyes Cat\u00f3licos que tiene ahora su nombre en euskera. Y vi que continuaba la tienda de festejos, m\u00e1scaras y bromas. Antes se llamaba Krinda. Y segu\u00eda la librer\u00eda donde compr\u00e1bamos Pumby y Haza\u00f1as B\u00e9licas.<\/p>\n<p>Poco a poco llegu\u00e9 a la calle San Bartolom\u00e9. Ya no estaba la joyer\u00eda donde, tras la Primera Comuni\u00f3n, me compraron un reloj Festina\u00a0 por \u00a0790 pesetas. Ni la peque\u00f1a tienda de Chuches\u00a0 Trini donde \u00e9sta hac\u00eda unas tortas a peseta que eran una delicia.<\/p>\n<p>Y ante m\u00ed, la cuesta de Aldapeta. Seis a\u00f1os subi\u00e9ndola y baj\u00e1ndola. Pero ya no estaban las cesteras, se\u00f1oras que te vend\u00eda regaliz, matigocho, dulces, bombas y chicles.<\/p>\n<p>Y fui subiendo. Y le recuerdo a Benegas bajar de Ayete donde viv\u00eda para ir al colegio de\u00a0los jesuitas. Y en mitad de la cuesta, una casa donde viv\u00edan los Estorn\u00e9s, de los pocos nacionalistas militantes \u00a0de la \u00e9poca. Uno de los hijos, hermano de Idoia, Garikoitz\u00a0 fue compa\u00f1ero de clase. Le dec\u00edan en el colegio que no era nombre admitido. Y eso que hay un santo en Bheterrabe\u00a0 que se llama as\u00ed. A m\u00ed me cambiaron I\u00f1aki Mirena por Ignacio Mar\u00eda. Protestamos. Yo hab\u00eda sido registrado y bautizado como I\u00f1aki Mirena. No hubo forma. Era la violencia del r\u00e9gimen. Lo vasco preterido aunque el colegio abri\u00f3 algo la mano cuando nos puso clases de euskera, despu\u00e9s del horario lectivo. Le recuerdo a Don Nemesio Etxaniz ense\u00f1\u00e1ndonos a cantar El Puente sobre el R\u00edo Kwai en euskera.<\/p>\n<p>Y llegu\u00e9 a la puerta del Colegio. A la izquierda ya no est\u00e1 el\u00a0 Cuartel de la Polic\u00eda. Varios\u00a0 polic\u00edas, de los grises,\u00a0ven\u00edan a darnos clases de gimnasia y de Formaci\u00f3n del Esp\u00edritu Nacional. Mi aita logr\u00f3, a trav\u00e9s de la embajada de Venezuela, que cuando entrara el profesor yo me saliera de la clase a deambular por los patios, a cuenta de \u00a0que era extranjero. No s\u00e9 c\u00f3mo me lo permitieron porque el nacional catolicismo\u00a0 lo impregnaba todo.<\/p>\n<p>Y vi que est\u00e1 en marcha todo un obr\u00f3n en donde estuvo el colegio de San Bartolom\u00e9. No s\u00e9 si van a respetar la Iglesia. Pero\u00a0 van a dejar irreconocible todo ese entorno.<\/p>\n<p>La entrada del colegio est\u00e1\u00a0 ahora muy abierta. Antes hab\u00eda una puerta con verjas. Y siempre estaba \u00a0el prefecto de disciplina, Don Jacinto al que le llamaban \u00abEl Chaquetas\u00bb. Si llegabas tarde, te castigaban. Los horarios eran duros. De nueve a 1,15 y de 3,15 a 6,15.Y ahora se quejan los chavales. Los s\u00e1bados por la tarde fiesta y luego lo fue tambi\u00e9n \u00a0el jueves. Pocas salidas de excursi\u00f3n.<\/p>\n<p>No vi en la entrada\u00a0 el viejo autob\u00fas de pel\u00edcula norteamericana que llam\u00e1bamos \u00abLa Cafetera\u00bb, ni tampoco las \u00a0miles de botellas que en su d\u00eda hubo a cuenta de una Operaci\u00f3n Botella, que luego se reciclaban y nos daban un dinero para alguna obra de caridad. Tambi\u00e9n sal\u00edamos con huchas de porcelana de chinitos, indios y negritos el d\u00eda del Domund, 12 de octubre,\u00a0a recoger ayudas para las obras misioneras, piso por piso. Y, en el pasillo del Colegio, hab\u00eda term\u00f3metros con luces donde se produc\u00eda una rivalidad entre clases. Aliciente para conseguir m\u00e1s dinero. En la clase \u00a0C deb\u00eda haber alg\u00fan padre con posibles que siempre\u00a0 les hac\u00eda ganar.<\/p>\n<p>Hoy el colegio tiene 2.200 alumnos y es mixto, algo inconcebible\u00a0 en aquella \u00e9poca. Han debido unir Marianistas, Villa Bel\u00e9n de chicas y San Bartolom\u00e9. Nosotros \u00e9ramos unos mil doscientos y al pagar la mensualidad Don Lucio nos daba una piruleta y un regaliz. Y nos parec\u00eda el no va m\u00e1s.<\/p>\n<p>Y llego a la puerta. En la entrada de maestro de ceremonias Jos\u00e9 Manuel Aizpurua, alma de esta movida del reencuentro y\u00a0 que tiene en su cabeza nombres y datos de casi todos.<\/p>\n<p>&nbsp;<\/p>\n<p>&nbsp;<\/p>\n<!-- AddThis Advanced Settings generic via filter on the_content --><!-- AddThis Share Buttons generic via filter on the_content -->","protected":false},"excerpt":{"rendered":"<p>Lunes 13 de octubre de 2014 Hace dos semanas recib\u00ed la llamada de Jos\u00e9 Manuel Aizpurua. Le conozco del colegio y en tiempos del primer\u00a0 Aznar \u00a0fue autoridad portuaria de Pasaia cuatro a\u00f1os. Y me dijo \u00abI\u00f1aki, estamos tratando de reunirnos los que hace cincuenta a\u00f1os empezamos en el Colegio Marianistas. No lo hemos hecho &hellip; <a href=\"https:\/\/blogs.deia.eus\/anasagasti\/2014\/10\/13\/viaje-a-los-marianistas-de-hace-cincuenta-anos-i\/\" class=\"more-link\">Sigue leyendo <span class=\"screen-reader-text\">Viaje a los Marianistas de hace cincuenta a\u00f1os (I).<\/span><\/a><!-- AddThis Advanced Settings generic via filter on get_the_excerpt --><!-- AddThis Share Buttons generic via filter on get_the_excerpt --><\/p>\n","protected":false},"author":19,"featured_media":0,"comment_status":"open","ping_status":"open","sticky":false,"template":"","format":"standard","meta":{"footnotes":""},"categories":[1],"tags":[],"class_list":["post-5572","post","type-post","status-publish","format-standard","hentry","category-general"],"_links":{"self":[{"href":"https:\/\/blogs.deia.eus\/anasagasti\/wp-json\/wp\/v2\/posts\/5572","targetHints":{"allow":["GET"]}}],"collection":[{"href":"https:\/\/blogs.deia.eus\/anasagasti\/wp-json\/wp\/v2\/posts"}],"about":[{"href":"https:\/\/blogs.deia.eus\/anasagasti\/wp-json\/wp\/v2\/types\/post"}],"author":[{"embeddable":true,"href":"https:\/\/blogs.deia.eus\/anasagasti\/wp-json\/wp\/v2\/users\/19"}],"replies":[{"embeddable":true,"href":"https:\/\/blogs.deia.eus\/anasagasti\/wp-json\/wp\/v2\/comments?post=5572"}],"version-history":[{"count":1,"href":"https:\/\/blogs.deia.eus\/anasagasti\/wp-json\/wp\/v2\/posts\/5572\/revisions"}],"predecessor-version":[{"id":5574,"href":"https:\/\/blogs.deia.eus\/anasagasti\/wp-json\/wp\/v2\/posts\/5572\/revisions\/5574"}],"wp:attachment":[{"href":"https:\/\/blogs.deia.eus\/anasagasti\/wp-json\/wp\/v2\/media?parent=5572"}],"wp:term":[{"taxonomy":"category","embeddable":true,"href":"https:\/\/blogs.deia.eus\/anasagasti\/wp-json\/wp\/v2\/categories?post=5572"},{"taxonomy":"post_tag","embeddable":true,"href":"https:\/\/blogs.deia.eus\/anasagasti\/wp-json\/wp\/v2\/tags?post=5572"}],"curies":[{"name":"wp","href":"https:\/\/api.w.org\/{rel}","templated":true}]}}