{"id":5575,"date":"2014-10-14T20:24:07","date_gmt":"2014-10-14T18:24:07","guid":{"rendered":"http:\/\/blogs.deia.com\/anasagasti\/?p=5575"},"modified":"2014-10-14T20:24:07","modified_gmt":"2014-10-14T18:24:07","slug":"catalanes-escuchar-lo-que-dicen-las-tertulias-de-madrid","status":"publish","type":"post","link":"https:\/\/blogs.deia.eus\/anasagasti\/2014\/10\/14\/catalanes-escuchar-lo-que-dicen-las-tertulias-de-madrid\/","title":{"rendered":"Catalanes, escuchar lo que dicen las tertulias de Madrid"},"content":{"rendered":"<p><strong><strong>Martes 14 de octubre de 2014<\/strong><\/strong><\/p>\n<p><a href=\"http:\/\/blogs.deia.com\/anasagasti\/files\/2014\/10\/Arthur-Mas1.jpg\"><img loading=\"lazy\" decoding=\"async\" class=\"alignleft size-full wp-image-5577\" src=\"http:\/\/blogs.deia.com\/anasagasti\/files\/2014\/10\/Arthur-Mas1.jpg\" alt=\"Arthur Mas\" width=\"644\" height=\"362\" srcset=\"https:\/\/blogs.deia.eus\/anasagasti\/files\/2014\/10\/Arthur-Mas1.jpg 644w, https:\/\/blogs.deia.eus\/anasagasti\/files\/2014\/10\/Arthur-Mas1-580x326.jpg 580w\" sizes=\"auto, (max-width: 644px) 100vw, 644px\" \/><\/a>Comprendo que en Catalunya haya desaz\u00f3n ante el anuncio del presidente Artur Mas de no poder convocar una consulta legal (seg\u00fan la ley espa\u00f1ola, no la catalana).<\/p>\n<p>Pero como bien lo ha resumido el President, el responsable no es Mas sino el estado espa\u00f1ol que tiene un presidente, Rajoy, que se siente aliviado por el anuncio. Las leyes las hace la mayor\u00eda espa\u00f1ola y las han de cumplir, catalanes, vascos y gallegos sin chistar. El n\u00famero, la demograf\u00eda, frente a la democracia. Es como si China, con sus mil quinientos millones de habitantes te impone su legalidad en base a que son m\u00e1s.<\/p>\n<p>El falaz argumento de la administraci\u00f3n espa\u00f1ola, PP y PSOE, UPyD y algo IU, es que la soberan\u00eda reside en el pueblo espa\u00f1ol, no en los distintos pueblos que forman el estado espa\u00f1ol.<\/p>\n<p>Pero invito a los catalanes a escuchar las tertulias madrile\u00f1as. Vomitan intolerancia, intransigencia, insultos de todo tipo y lo hacen siempre en la misma direcci\u00f3n, sin posibilidad de contraste alguno. Sin pluralidad democr\u00e1tica.<\/p>\n<p>\u00bfNo hay un solo espa\u00f1ol que discrepe sobre lo que est\u00e1 pasando?. \u00bfD\u00f3nde est\u00e1n los famosos intelectuales?. La gente que piensa y no se mueve solo por sus v\u00edsceras.<\/p>\n<p>Por eso les animo a escuchar las tertulias.<\/p>\n<p>Si al principio el \u00e1nimo ha podido estar deca\u00eddo, escuchar lo que\u00a0 en Madrid es un chute de adrenalina para ir a votar en esta Consulta bis promovida por Artur Mas.<\/p>\n<p>Y que quede claro. El enemigo, que no adversario, es el estado espa\u00f1ol, es decir, la Administraci\u00f3n profesionalizada.<\/p>\n<p>No los pueblos que conforman el estado.<\/p>\n<!-- AddThis Advanced Settings generic via filter on the_content --><!-- AddThis Share Buttons generic via filter on the_content -->","protected":false},"excerpt":{"rendered":"<p>Martes 14 de octubre de 2014 Comprendo que en Catalunya haya desaz\u00f3n ante el anuncio del presidente Artur Mas de no poder convocar una consulta legal (seg\u00fan la ley espa\u00f1ola, no la catalana). Pero como bien lo ha resumido el President, el responsable no es Mas sino el estado espa\u00f1ol que tiene un presidente, Rajoy, &hellip; <a href=\"https:\/\/blogs.deia.eus\/anasagasti\/2014\/10\/14\/catalanes-escuchar-lo-que-dicen-las-tertulias-de-madrid\/\" class=\"more-link\">Sigue leyendo <span class=\"screen-reader-text\">Catalanes, escuchar lo que dicen las tertulias de Madrid<\/span><\/a><!-- AddThis Advanced Settings generic via filter on get_the_excerpt --><!-- AddThis Share Buttons generic via filter on get_the_excerpt --><\/p>\n","protected":false},"author":19,"featured_media":0,"comment_status":"open","ping_status":"open","sticky":false,"template":"","format":"standard","meta":{"footnotes":""},"categories":[1],"tags":[],"class_list":["post-5575","post","type-post","status-publish","format-standard","hentry","category-general"],"_links":{"self":[{"href":"https:\/\/blogs.deia.eus\/anasagasti\/wp-json\/wp\/v2\/posts\/5575","targetHints":{"allow":["GET"]}}],"collection":[{"href":"https:\/\/blogs.deia.eus\/anasagasti\/wp-json\/wp\/v2\/posts"}],"about":[{"href":"https:\/\/blogs.deia.eus\/anasagasti\/wp-json\/wp\/v2\/types\/post"}],"author":[{"embeddable":true,"href":"https:\/\/blogs.deia.eus\/anasagasti\/wp-json\/wp\/v2\/users\/19"}],"replies":[{"embeddable":true,"href":"https:\/\/blogs.deia.eus\/anasagasti\/wp-json\/wp\/v2\/comments?post=5575"}],"version-history":[{"count":1,"href":"https:\/\/blogs.deia.eus\/anasagasti\/wp-json\/wp\/v2\/posts\/5575\/revisions"}],"predecessor-version":[{"id":5578,"href":"https:\/\/blogs.deia.eus\/anasagasti\/wp-json\/wp\/v2\/posts\/5575\/revisions\/5578"}],"wp:attachment":[{"href":"https:\/\/blogs.deia.eus\/anasagasti\/wp-json\/wp\/v2\/media?parent=5575"}],"wp:term":[{"taxonomy":"category","embeddable":true,"href":"https:\/\/blogs.deia.eus\/anasagasti\/wp-json\/wp\/v2\/categories?post=5575"},{"taxonomy":"post_tag","embeddable":true,"href":"https:\/\/blogs.deia.eus\/anasagasti\/wp-json\/wp\/v2\/tags?post=5575"}],"curies":[{"name":"wp","href":"https:\/\/api.w.org\/{rel}","templated":true}]}}