{"id":5579,"date":"2014-10-15T21:24:03","date_gmt":"2014-10-15T19:24:03","guid":{"rendered":"http:\/\/blogs.deia.com\/anasagasti\/?p=5579"},"modified":"2014-10-15T21:24:03","modified_gmt":"2014-10-15T19:24:03","slug":"esta-a-punto-de-caerse-el-muro-de-las-lamentaciones","status":"publish","type":"post","link":"https:\/\/blogs.deia.eus\/anasagasti\/2014\/10\/15\/esta-a-punto-de-caerse-el-muro-de-las-lamentaciones\/","title":{"rendered":"Est\u00e1 a punto de caerse el Muro de las Lamentaciones."},"content":{"rendered":"<p><strong><strong>Mi\u00e9rcoles 15 de octubre de 2014<\/strong><\/strong><\/p>\n<p>Una reportera de CNN escuch\u00f3 hablar a un viejito jud\u00edo, que hab\u00eda estado yendo a orar al Muro de las Lamentaciones durante mucho tiempo, todos los d\u00edas, dos veces al d\u00eda&#8230;<\/p>\n<p>Lo observ\u00f3 mientras oraba. Despu\u00e9s de 45 minutos y cuando el viejito se iba a ir, ella se acerc\u00f3 para hacerle una entrevista..<\/p>\n<p>&#8211; \u00abDisc\u00falpeme, se\u00f1or. Soy Rebecca Smith, reportera de CNN. \u00bfCu\u00e1l es su nombre?\u00bb<\/p>\n<p>&#8211; \u00abMoshe Cohen,\u00bb respondi\u00f3 el hombre.<\/p>\n<p>&#8211;\u00a0 \u00bfDurante cu\u00e1nto tiempo ha venido Ud, se\u00f1or, al Muro de las Lamentaciones?\u00bb<\/p>\n<p>&#8211; \u00bb Alrededor de 60 a\u00f1os\u00bb<\/p>\n<p>&#8211; \u00ab\u00a160 a\u00f1os! \u00a1Es asombroso! \u00bfY por qui\u00e9n \u00f3 porqu\u00e9 reza?\u00bb<\/p>\n<p>&#8211; \u00abRezo por la paz entre Cristianos, Jud\u00edos y Musulmanes<\/p>\n<p>&#8211; \u201cRezo porque terminen todas las guerras y los odios entre la gente\u201d.<\/p>\n<p>&#8211; \u201cRezo para que los ni\u00f1os crezcan como adultos responsables, amando a sus semejantes\u00bb<\/p>\n<p>&#8211; \u00ab\u00bfY c\u00f3mo se siente Ud. tras estos 60 a\u00f1os?\u00bb<\/p>\n<p>&#8211; \u00ab\u00a1Como si le hubiera estado hablando a una pared!\u00bb<\/p>\n<p>&#8212;&#8212;&#8212;&#8212;&#8212;&#8212;&#8212;&#8212;&#8212;&#8212;&#8212;&#8212;&#8212;&#8212;&#8212;&#8212;&#8212;&#8212;&#8212;&#8212;&#8212;&#8212;&#8212;<\/p>\n<p>El cuento viene a cuento, valga la redundancia, para explicar c\u00f3mo son las relaciones pol\u00edticas con el Mariano Rajoy de su actual y falsa mayor\u00eda absoluta.<\/p>\n<p>Es como hablar con una pared. Como ir al Muro de las Lamentaciones y meter un papelito por esas ranuras en la piedra de esa gran pared jud\u00eda que como dice el\u00a0 viejillo jud\u00edo es como hablar con una pared. Nunca se consigue Nada.<\/p>\n<p>Le vemos con las apelaciones que continuamente le hace el Lehendakari Urkullu al jefe del gobierno espa\u00f1ol para que le reciba.<\/p>\n<p>Pero el tipo ni se inmuta. Y sin embargo, el d\u00eda del fallecimiento de Emilio Botin y al comentar lo triste que estaba dijo que hac\u00eda una semana hab\u00eda estado hablando con \u00e9l y lo encontr\u00f3 estupendamente. Es decir, este se\u00f1or es muy selectivo en sus recepciones. No recibe a quien debe, sino a quien le cae bien, a quien le ayuda, a quien le habla de ciclismo, a quien se le pone en la punta del puro. A los millonarios.<\/p>\n<p>Y no estar\u00eda nada mal recibiera al Lehendakari. Este tiene tres cuestiones en cartera. Consolidar un proceso de paz que en Madrid interesa un pimiento. Lograr el pleno desarrollo de una ley org\u00e1nica refrendada por el pueblo como es el Estatuto de Autonom\u00eda de Gernika y mirar lo que est\u00e1 pasando en Catalunya y en Escocia.<\/p>\n<p>Pero la pared est\u00e1 ah\u00ed, firme y s\u00f3lida demostrando la sensibilidad pol\u00edtica y humana del personaje, el mismo personaje que nos dice a todas horas que hay que cumplir la ley. \u00bfDe qu\u00e9 ley habla?. Porque el estatuto de Gernika es una ley org\u00e1nica y este se\u00f1or se la pasa por el arco del triunfo.<\/p>\n<p>Pero \u00bfqu\u00e9 se puede esperar de un se\u00f1or que tuvo como tesorero a Luis B\u00e1rcenas y cuando \u00e9ste fue descubierto le mand\u00f3 un sms dici\u00e9ndole que fuera firme y que estaba con \u00e9l?. Eso en Gran Breta\u00f1a hubiera dado con los huesos de Cameron fuera de Downing Street o como seguir manteniendo un personaje como jefe de gabinete como el diplom\u00e1tico Jorge Moragas, diputado por Barcelona, un tipo hosco y mal educado, a pelea diaria con Garc\u00eda Margallo y que se atrevi\u00f3 a pedirle a la ex novia de Jordi Pujol hijo, que denunciara\u00a0 a Pujol\u00a0 argumentando que si lo contaba \u00absalvar\u00eda a Espa\u00f1a\u00bb. \u00abSi dieses una entrevista y lo contases todo salvar\u00edas a Espa\u00f1a y yo te har\u00eda un monumento\u00bb<\/p>\n<p>L\u00f3gicamente, preguntada en rueda de prensa tras el consejo de ministros la marisabidilla de la vicepresidenta del gobierno, Soraya S\u00e1enz de Santamar\u00eda por algo tan asqueroso se limit\u00f3 a decir que ella no comentaba comunicaciones privadas. Como Felipe Gonz\u00e1lez que se enter\u00f3 de la existencia del Gal por la prensa. Una mano lava la otra en esta sociedad de c\u00f3mplices.<\/p>\n<p>La pol\u00edtica espa\u00f1ola est\u00e1 profundamente sorda a la calle, corrompida, al\u00e9rgica a la democracia, llena de par\u00e1sitos y funcionarios que no cumplen con su deber, aunque viva sus \u00faltimos estertores. Afortunadamente.<\/p>\n<p>Y lo bueno es que al parecer ese Muro de las Lamentaciones, harto de ruegos sin ser escuchados puede que est\u00e9 cercano a caerse sobre gentes que creen que el poder es suyo y lo mejor es que las cosas se pudran. No se dan cuenta que esas piedras caer\u00e1n sobre ellos y puede que una primavera est\u00e9 pr\u00f3xima a llegar.<\/p>\n<p>&nbsp;<\/p>\n<!-- AddThis Advanced Settings generic via filter on the_content --><!-- AddThis Share Buttons generic via filter on the_content -->","protected":false},"excerpt":{"rendered":"<p>Mi\u00e9rcoles 15 de octubre de 2014 Una reportera de CNN escuch\u00f3 hablar a un viejito jud\u00edo, que hab\u00eda estado yendo a orar al Muro de las Lamentaciones durante mucho tiempo, todos los d\u00edas, dos veces al d\u00eda&#8230; Lo observ\u00f3 mientras oraba. Despu\u00e9s de 45 minutos y cuando el viejito se iba a ir, ella se &hellip; <a href=\"https:\/\/blogs.deia.eus\/anasagasti\/2014\/10\/15\/esta-a-punto-de-caerse-el-muro-de-las-lamentaciones\/\" class=\"more-link\">Sigue leyendo <span class=\"screen-reader-text\">Est\u00e1 a punto de caerse el Muro de las Lamentaciones.<\/span><\/a><!-- AddThis Advanced Settings generic via filter on get_the_excerpt --><!-- AddThis Share Buttons generic via filter on get_the_excerpt --><\/p>\n","protected":false},"author":19,"featured_media":0,"comment_status":"open","ping_status":"open","sticky":false,"template":"","format":"standard","meta":{"footnotes":""},"categories":[1],"tags":[],"class_list":["post-5579","post","type-post","status-publish","format-standard","hentry","category-general"],"_links":{"self":[{"href":"https:\/\/blogs.deia.eus\/anasagasti\/wp-json\/wp\/v2\/posts\/5579","targetHints":{"allow":["GET"]}}],"collection":[{"href":"https:\/\/blogs.deia.eus\/anasagasti\/wp-json\/wp\/v2\/posts"}],"about":[{"href":"https:\/\/blogs.deia.eus\/anasagasti\/wp-json\/wp\/v2\/types\/post"}],"author":[{"embeddable":true,"href":"https:\/\/blogs.deia.eus\/anasagasti\/wp-json\/wp\/v2\/users\/19"}],"replies":[{"embeddable":true,"href":"https:\/\/blogs.deia.eus\/anasagasti\/wp-json\/wp\/v2\/comments?post=5579"}],"version-history":[{"count":1,"href":"https:\/\/blogs.deia.eus\/anasagasti\/wp-json\/wp\/v2\/posts\/5579\/revisions"}],"predecessor-version":[{"id":5580,"href":"https:\/\/blogs.deia.eus\/anasagasti\/wp-json\/wp\/v2\/posts\/5579\/revisions\/5580"}],"wp:attachment":[{"href":"https:\/\/blogs.deia.eus\/anasagasti\/wp-json\/wp\/v2\/media?parent=5579"}],"wp:term":[{"taxonomy":"category","embeddable":true,"href":"https:\/\/blogs.deia.eus\/anasagasti\/wp-json\/wp\/v2\/categories?post=5579"},{"taxonomy":"post_tag","embeddable":true,"href":"https:\/\/blogs.deia.eus\/anasagasti\/wp-json\/wp\/v2\/tags?post=5579"}],"curies":[{"name":"wp","href":"https:\/\/api.w.org\/{rel}","templated":true}]}}