{"id":5581,"date":"2014-10-16T20:48:27","date_gmt":"2014-10-16T18:48:27","guid":{"rendered":"http:\/\/blogs.deia.com\/anasagasti\/?p=5581"},"modified":"2014-10-16T20:48:27","modified_gmt":"2014-10-16T18:48:27","slug":"anasagasti-insta-al-gobierno-a-facilitar-el-acceso-a-los-archivos-historicos","status":"publish","type":"post","link":"https:\/\/blogs.deia.eus\/anasagasti\/2014\/10\/16\/anasagasti-insta-al-gobierno-a-facilitar-el-acceso-a-los-archivos-historicos\/","title":{"rendered":"Anasagasti insta al Gobierno a facilitar el acceso a los Archivos Hist\u00f3ricos"},"content":{"rendered":"<p><strong>Jueves 16 de octubre de 2014<\/strong><\/p>\n<p>I\u00f1aki Anasagasti ha instado al Gobierno a cumplir los criterios de la Uni\u00f3n Europea sobre el acceso a los archivos hist\u00f3ricos que se rige por la \u201cnorma de los treinta a\u00f1os\u201d, con la que los documentos se abren al p\u00fablico treinta a\u00f1os despu\u00e9s de su fecha de creaci\u00f3n. Igualmente, ha solicitado que se permita que los Archivos de los Ministerios de Asuntos Exteriores y de Defensa puedan ser consultados por los investigadores, as\u00ed como que se revise la Ley de Secretos Oficiales para que no haya ning\u00fan impedimento legal a esta labor hist\u00f3rica y de transparencia.<\/p>\n<p>Aunque la moci\u00f3n del Grupo Vasco (a la que han sido a\u00f1adidas las enmiendas del Grupo Parlamentario Mixto y del Grupo Parlamentario Entesa pel Progr\u00e9s de Catalunya) ha sido finalmente rechazada, el senador bizkaino ha querido evidenciar c\u00f3mo mientras en la Uni\u00f3n Europea el acceso a sus archivos por parte de los investigadores se produce a partir de los treinta a\u00f1os, sin embargo en Espa\u00f1a todo son dificultades o negativas sin la menor argumentaci\u00f3n. \u201cNo sabemos qu\u00e9 riesgos para la seguridad nacional puede existir en desclasificar documentos de un pasado l\u00f3gicamente duro pero que necesita ser superado\u201d, ha interpelado Anasagasti.<\/p>\n<p>El Senador bizkaino ha detallado dos episodios \u201cinaceptables\u201d en dos archivos espa\u00f1oles, como el veto del actual ministro de Defensa, Pedro Moren\u00e9s, a la desclasificaci\u00f3n de unos 10.000 documentos militares correspondientes a los a\u00f1os 1936-1968, aunque la anterior ministra, Carme Chac\u00f3n, hab\u00eda autorizado su consulta y eventual reproducci\u00f3n; o la declaraci\u00f3n como secreta y reservada, a propuesta del ministro Miguel \u00c1ngel Moratinos en 2010, de gran parte de la documentaci\u00f3n hist\u00f3rica del archivo del Ministerio de Asuntos Exteriores y Cooperaci\u00f3n sobre la actividad diplom\u00e1tica, las relaciones internacionales y la pol\u00edtica exterior espa\u00f1olas sin fijar una limitaci\u00f3n temporal, por lo cual esta restricci\u00f3n pod\u00eda afectar tanto a la documentaci\u00f3n del siglo XX como a Ia del XVIII.<\/p>\n<p>Los investigadores tambi\u00e9n han denunciado que en septiembre de 2011 el Ministerio de Asuntos Exteriores y Cooperaci\u00f3n comenz\u00f3 a denegar la consulta en su Archivo Central de la documentaci\u00f3n diplom\u00e1tica de car\u00e1cter hist\u00f3rico por regla general, y han asegurado que la respuesta del Ministerio a sus quejas ha sido el cierre definitivo a la investigaci\u00f3n del Archivo de Exteriores y la dispersi\u00f3n de sus fondos entre el Archivo Hist\u00f3rico Nacional y el Archivo General de la Administraci\u00f3n, en septiembre de 2012. \u201cEstas \u00faltimas actuaciones del ministro del Gobierno Rajoy suponen una clara vulneraci\u00f3n de los derechos de los ciudadanos para acceder a la documentaci\u00f3n hist\u00f3rica y un incumplimiento flagrante de acuerdos y normativas internacionales del Consejo de Europa, el Consejo Internacional de Archivos, la Unesco&#8230;\u201d.<\/p>\n<p>Tras recordar que dicha documentaci\u00f3n \u201cno es del Gobierno, aunque tenga a su cargo su cuidado y mantenimiento\u201d, Anasagasti ha valorado que \u201cla existencia de pol\u00edticos que vetan el acceso a la documentaci\u00f3n o dificultan su consulta refleja la limitada calidad de la democracia espa\u00f1ola, porque impedir el libre conocimiento del pasado es una violaci\u00f3n directa de los derechos humanos y de unos derechos tan b\u00e1sicos y elementales como cualquiera de los que conforman una democracia plena\u201d.<\/p>\n<!-- AddThis Advanced Settings generic via filter on the_content --><!-- AddThis Share Buttons generic via filter on the_content -->","protected":false},"excerpt":{"rendered":"<p>Jueves 16 de octubre de 2014 I\u00f1aki Anasagasti ha instado al Gobierno a cumplir los criterios de la Uni\u00f3n Europea sobre el acceso a los archivos hist\u00f3ricos que se rige por la \u201cnorma de los treinta a\u00f1os\u201d, con la que los documentos se abren al p\u00fablico treinta a\u00f1os despu\u00e9s de su fecha de creaci\u00f3n. Igualmente, &hellip; <a href=\"https:\/\/blogs.deia.eus\/anasagasti\/2014\/10\/16\/anasagasti-insta-al-gobierno-a-facilitar-el-acceso-a-los-archivos-historicos\/\" class=\"more-link\">Sigue leyendo <span class=\"screen-reader-text\">Anasagasti insta al Gobierno a facilitar el acceso a los Archivos Hist\u00f3ricos<\/span><\/a><!-- AddThis Advanced Settings generic via filter on get_the_excerpt --><!-- AddThis Share Buttons generic via filter on get_the_excerpt --><\/p>\n","protected":false},"author":19,"featured_media":0,"comment_status":"open","ping_status":"open","sticky":false,"template":"","format":"standard","meta":{"footnotes":""},"categories":[1],"tags":[],"class_list":["post-5581","post","type-post","status-publish","format-standard","hentry","category-general"],"_links":{"self":[{"href":"https:\/\/blogs.deia.eus\/anasagasti\/wp-json\/wp\/v2\/posts\/5581","targetHints":{"allow":["GET"]}}],"collection":[{"href":"https:\/\/blogs.deia.eus\/anasagasti\/wp-json\/wp\/v2\/posts"}],"about":[{"href":"https:\/\/blogs.deia.eus\/anasagasti\/wp-json\/wp\/v2\/types\/post"}],"author":[{"embeddable":true,"href":"https:\/\/blogs.deia.eus\/anasagasti\/wp-json\/wp\/v2\/users\/19"}],"replies":[{"embeddable":true,"href":"https:\/\/blogs.deia.eus\/anasagasti\/wp-json\/wp\/v2\/comments?post=5581"}],"version-history":[{"count":1,"href":"https:\/\/blogs.deia.eus\/anasagasti\/wp-json\/wp\/v2\/posts\/5581\/revisions"}],"predecessor-version":[{"id":5582,"href":"https:\/\/blogs.deia.eus\/anasagasti\/wp-json\/wp\/v2\/posts\/5581\/revisions\/5582"}],"wp:attachment":[{"href":"https:\/\/blogs.deia.eus\/anasagasti\/wp-json\/wp\/v2\/media?parent=5581"}],"wp:term":[{"taxonomy":"category","embeddable":true,"href":"https:\/\/blogs.deia.eus\/anasagasti\/wp-json\/wp\/v2\/categories?post=5581"},{"taxonomy":"post_tag","embeddable":true,"href":"https:\/\/blogs.deia.eus\/anasagasti\/wp-json\/wp\/v2\/tags?post=5581"}],"curies":[{"name":"wp","href":"https:\/\/api.w.org\/{rel}","templated":true}]}}