{"id":5583,"date":"2014-10-17T21:34:08","date_gmt":"2014-10-17T19:34:08","guid":{"rendered":"http:\/\/blogs.deia.com\/anasagasti\/?p=5583"},"modified":"2014-10-17T21:34:08","modified_gmt":"2014-10-17T19:34:08","slug":"conferencia-del-p-luis-ugalde-en-la-fundacion-sabino-arana","status":"publish","type":"post","link":"https:\/\/blogs.deia.eus\/anasagasti\/2014\/10\/17\/conferencia-del-p-luis-ugalde-en-la-fundacion-sabino-arana\/","title":{"rendered":"Conferencia del P. Luis Ugalde en la Fundaci\u00f3n Sabino Arana"},"content":{"rendered":"<p><strong><strong>Viernes 17 de octubre de 2014<\/strong><\/strong><\/p>\n<p>Presentado por Juan M. Atutxa y Rodr\u00edguez Sanz<\/p>\n<p><a href=\"http:\/\/blogs.deia.com\/anasagasti\/files\/2014\/10\/1187.14.jpg\"><img loading=\"lazy\" decoding=\"async\" class=\"alignleft size-full wp-image-5585\" src=\"http:\/\/blogs.deia.com\/anasagasti\/files\/2014\/10\/1187.14.jpg\" alt=\"???????????????????????????????\" width=\"994\" height=\"768\" srcset=\"https:\/\/blogs.deia.eus\/anasagasti\/files\/2014\/10\/1187.14.jpg 994w, https:\/\/blogs.deia.eus\/anasagasti\/files\/2014\/10\/1187.14-580x448.jpg 580w, https:\/\/blogs.deia.eus\/anasagasti\/files\/2014\/10\/1187.14-940x726.jpg 940w\" sizes=\"auto, (max-width: 994px) 100vw, 994px\" \/><\/a>El pasado jueves 16 de octubre en los locales de la Fundaci\u00f3n Sabino Arana y a sala llena, m\u00e1s de 130 personas, tuvo lugar la conferencia del P. Luis Ugalde sobre la situaci\u00f3n de Venezuela. Acudi\u00f3 el Lehendakari Ardanza, el rector de la Universidad de Deusto, el consejero Erkoreka, y muchos vasco venezolanos y venezolanos vascos.<\/p>\n<p>No se movi\u00f3 nadie de la silla. Con un esquema claro, el P. Ugalde describi\u00f3 los s\u00edntomas de la enfermedad que vive Venezuela: inflaci\u00f3n, inseguridad, falta de liquidez, ruina de la industria petrolera, dogmatismo del chavismo queriendo destruir la empresa privada\u2026<\/p>\n<p>Tras esta descripci\u00f3n cont\u00f3 c\u00f3mo se hab\u00eda llegado a semejante situaci\u00f3n de deterioro total, habl\u00f3 de la oposici\u00f3n y puso sobre la mesa las cosas que cre\u00eda se deb\u00edan hacer.<\/p>\n<p>Hubo una ronda de casi veinte preguntas de todo tipo y tras dos horas y un txakol\u00ed, nos fuimos a casa. Hab\u00eda gente que hab\u00eda venido de Donosti y Bergara a escucharle.<\/p>\n<p>A Ugalde, ex rector de la Universidad Cat\u00f3lica, no le importa mojarse en pol\u00edtica. Lo cree una obligaci\u00f3n. Su receta actual es \u00e9sta:<\/p>\n<p>Venezuela necesita que el creciente malestar socioecon\u00f3mico y la indignaci\u00f3n contra la corrupci\u00f3n e ineptitud gubernamental se expresen en movilizaciones que incluyan las elecciones parlamentarias de 2015. Votar para el cambio, y al mismo tiempo asumir con vigor los malestares de la poblaci\u00f3n para transformarlos. Vemos tres tareas urgentes para ello:<\/p>\n<p>1.- Nuevo CNE y movilizaci\u00f3n. Todo venezolano est\u00e1 obligado a rechazar lasviolaciones de la Constituci\u00f3n (art. 333). Ella establece que \u00abel Consejo Nacional Electoral estar\u00e1 integrado por cinco personas no vinculadas a organizaciones con fines pol\u00edticos\u00bb (art. 296) y que \u00ablos \u00f3rganos del Poder Electoral garantizan la igualdad, la confiabilidad, imparcialidad, transparencia y eficiencia de los procesos electorales, as\u00ed como la aplicaci\u00f3n de la personalizaci\u00f3n del sufragio y la representaci\u00f3n proporcional\u00bb (293). Millones de venezolanos sabemos que esto se viola y que el CNE en todos los procesos electorales act\u00faa como ficha del gobierno. Ahora, cuando el ambiente y las encuestas indican el profundo malestar nacional y el clamor por un cambio en paz, dentro del marco democr\u00e1tico constitucional, el gobierno m\u00e1s que nunca se aferrar\u00e1 al partidismo y militancia de la mayor\u00eda de los cinco miembros del CNE y de sus diversas instancias regionales y locales.<\/p>\n<p>Ser\u00eda tr\u00e1gico que en el actual desastre nacional el r\u00e9gimen triunfara en las parlamentarias de 2015 y ser\u00eda una falta imperdonable de los opositores que, por miop\u00eda o intereses particulares, le dieran ese triunfo. Para los dem\u00f3cratas es prioritario no permitir ni trampa ni ventajismo anticonstitucionales en el proceso electoral; entre ellos hay diversas opiniones sobre varios puntos, pero lo fundamental es lograr consenso y una movilizaci\u00f3n vigorosa para no regalarle al actual mal gobierno ese triunfo. Unidos para lograr del gobierno un proceso electoral limpio. El nuevo CNE debe ser equilibrado pol\u00edticamente, y no de 4 contra 1, a favor del gobierno, ni tampoco de 3 contra 2 violando la Constituci\u00f3n. El gobierno m\u00e1s que nunca se aferrar\u00e1 al partidismo y militancia de la mayor\u00eda de los 5 miembros del CNE y de sus diversas instancias regionales y locales; solo ceder\u00e1 ante una formidable movilizaci\u00f3n nacional e internacional exigiendo un equipo arbitral imparcial con garant\u00eda para todos por igual. Urge este nuevo CNE. La oposici\u00f3n, atropellada en el pasado, debe unirse sin grietas en torno a esta batalla de la que dependen las dem\u00e1s batallas pol\u00edticas por el rescate de la democracia. Ser\u00e1 imposible sin una movilizaci\u00f3n de las diversas instancias de la sociedad, y no solo de los partidos pol\u00edticos. Esta es una bandera unificadora que marcha junto con el inmenso deseo de cambio en el pa\u00eds: organizaciones de derechos humanos, estudiantes, gremios y sindicatos, universidades, iglesias, empresarios, otras instancias de la sociedad civil, partidos pol\u00edticos&#8230; Una gran movilizaci\u00f3n nacional e internacional de este tipo se volver\u00e1 irresistible y dejar\u00e1 en evidencia a un gobierno antidemocr\u00e1tico, si este se niega a cumplir la Constituci\u00f3n. Tiempo habr\u00e1 m\u00e1s adelante para los cambios en la Constituci\u00f3n o de la Constituci\u00f3n. Ahora urge que este r\u00e9gimen, que tiene gravemente enfermo al pa\u00eds, no salga reforzado el a\u00f1o que viene con votos por falta de visi\u00f3n y decisi\u00f3n de los dolientes del desastre para exigir un CNE imparcial y constitucional.<\/p>\n<p>2-. Pronta lista unitaria de candidatos. Adem\u00e1s, la oposici\u00f3n para ganar de modo contundente la mayor\u00eda de diputados tiene que activar, ya sin demora, la escogencia de los candidatos, por consenso o por primarias, mecanismos exitosos que en el pasado sirvieron para decidir las candidaturas y, luego, en la sustituci\u00f3n de los alcaldes de San Crist\u00f3bal y San Diego, para que el voto resultara un espaldarazo a los dos alcaldes arbitrariamente destituidos y apresados.<\/p>\n<p>3-. Movilizaci\u00f3n social y voto decidido. Las elecciones est\u00e1n cerca y hay rumores de que el Gobierno, consciente de su creciente deterioro, quiere adelantarlas, pues teme una derrota contundente. Adem\u00e1s, tratar\u00e1 tambi\u00e9n de dividir a la oposici\u00f3n y de fomentar su abstenci\u00f3n. Sin renunciar a las diferencias leg\u00edtimas, y combinando con otras muchas e importantes luchas sociales y pol\u00edticas que recojan el malestar de la poblaci\u00f3n y defiendan a esta de la corrupci\u00f3n y de la ineficiencia gubernamental, hay que ganar la batalla clave de 2014-15, y desde ya movilizarse para cambiar la composici\u00f3n y actuaci\u00f3n anticonstitucional del CNE. Movilizaci\u00f3n plural hasta lograrlo. En todo caso votar, votar y votar contra viento y marea, llueve o truene.<\/p>\n<p><a href=\"http:\/\/blogs.deia.com\/anasagasti\/files\/2014\/10\/1187.21.jpg\"><img loading=\"lazy\" decoding=\"async\" class=\"alignleft size-full wp-image-5586\" src=\"http:\/\/blogs.deia.com\/anasagasti\/files\/2014\/10\/1187.21.jpg\" alt=\"???????????????????????????????\" width=\"1024\" height=\"683\" srcset=\"https:\/\/blogs.deia.eus\/anasagasti\/files\/2014\/10\/1187.21.jpg 1024w, https:\/\/blogs.deia.eus\/anasagasti\/files\/2014\/10\/1187.21-580x386.jpg 580w, https:\/\/blogs.deia.eus\/anasagasti\/files\/2014\/10\/1187.21-940x626.jpg 940w\" sizes=\"auto, (max-width: 1024px) 100vw, 1024px\" \/><\/a><\/p>\n<!-- AddThis Advanced Settings generic via filter on the_content --><!-- AddThis Share Buttons generic via filter on the_content -->","protected":false},"excerpt":{"rendered":"<p>Viernes 17 de octubre de 2014 Presentado por Juan M. Atutxa y Rodr\u00edguez Sanz El pasado jueves 16 de octubre en los locales de la Fundaci\u00f3n Sabino Arana y a sala llena, m\u00e1s de 130 personas, tuvo lugar la conferencia del P. Luis Ugalde sobre la situaci\u00f3n de Venezuela. Acudi\u00f3 el Lehendakari Ardanza, el rector &hellip; <a href=\"https:\/\/blogs.deia.eus\/anasagasti\/2014\/10\/17\/conferencia-del-p-luis-ugalde-en-la-fundacion-sabino-arana\/\" class=\"more-link\">Sigue leyendo <span class=\"screen-reader-text\">Conferencia del P. Luis Ugalde en la Fundaci\u00f3n Sabino Arana<\/span><\/a><!-- AddThis Advanced Settings generic via filter on get_the_excerpt --><!-- AddThis Share Buttons generic via filter on get_the_excerpt --><\/p>\n","protected":false},"author":19,"featured_media":0,"comment_status":"open","ping_status":"open","sticky":false,"template":"","format":"standard","meta":{"footnotes":""},"categories":[1],"tags":[],"class_list":["post-5583","post","type-post","status-publish","format-standard","hentry","category-general"],"_links":{"self":[{"href":"https:\/\/blogs.deia.eus\/anasagasti\/wp-json\/wp\/v2\/posts\/5583","targetHints":{"allow":["GET"]}}],"collection":[{"href":"https:\/\/blogs.deia.eus\/anasagasti\/wp-json\/wp\/v2\/posts"}],"about":[{"href":"https:\/\/blogs.deia.eus\/anasagasti\/wp-json\/wp\/v2\/types\/post"}],"author":[{"embeddable":true,"href":"https:\/\/blogs.deia.eus\/anasagasti\/wp-json\/wp\/v2\/users\/19"}],"replies":[{"embeddable":true,"href":"https:\/\/blogs.deia.eus\/anasagasti\/wp-json\/wp\/v2\/comments?post=5583"}],"version-history":[{"count":1,"href":"https:\/\/blogs.deia.eus\/anasagasti\/wp-json\/wp\/v2\/posts\/5583\/revisions"}],"predecessor-version":[{"id":5587,"href":"https:\/\/blogs.deia.eus\/anasagasti\/wp-json\/wp\/v2\/posts\/5583\/revisions\/5587"}],"wp:attachment":[{"href":"https:\/\/blogs.deia.eus\/anasagasti\/wp-json\/wp\/v2\/media?parent=5583"}],"wp:term":[{"taxonomy":"category","embeddable":true,"href":"https:\/\/blogs.deia.eus\/anasagasti\/wp-json\/wp\/v2\/categories?post=5583"},{"taxonomy":"post_tag","embeddable":true,"href":"https:\/\/blogs.deia.eus\/anasagasti\/wp-json\/wp\/v2\/tags?post=5583"}],"curies":[{"name":"wp","href":"https:\/\/api.w.org\/{rel}","templated":true}]}}