{"id":5589,"date":"2014-10-19T19:10:00","date_gmt":"2014-10-19T17:10:00","guid":{"rendered":"http:\/\/blogs.deia.com\/anasagasti\/?p=5589"},"modified":"2014-10-19T19:10:00","modified_gmt":"2014-10-19T17:10:00","slug":"la-semana-fue-asi","status":"publish","type":"post","link":"https:\/\/blogs.deia.eus\/anasagasti\/2014\/10\/19\/la-semana-fue-asi\/","title":{"rendered":"La semana fue as\u00ed"},"content":{"rendered":"<p><strong><strong>Domingo 19 de octubre de 2014<\/strong><\/strong><\/p>\n<p><a href=\"http:\/\/blogs.deia.com\/anasagasti\/files\/2014\/10\/Rut-Mart\u00ednez-_1.jpg\"><img loading=\"lazy\" decoding=\"async\" class=\"alignleft size-full wp-image-5590\" src=\"http:\/\/blogs.deia.com\/anasagasti\/files\/2014\/10\/Rut-Mart\u00ednez-_1.jpg\" alt=\"Rut Mart\u00ednez _1\" width=\"260\" height=\"320\" \/><\/a>La semana ha girado, o ha seguido girando, sobre\u00a0 las consecuencias del \u00c9bola, el mejoramiento de la auxiliar de enfermer\u00eda Teresa Romero, y la comparecencia de Rodrigo Rato y Blesa en relaci\u00f3n con el esc\u00e1ndalo del saqueo con las tarjetas negras a Caja Madrid. Otra noticia de inter\u00e9s fue la admisi\u00f3n de Espa\u00f1a en el Consejo de Seguridad para los pr\u00f3ximos dos a\u00f1os y el quinto centenario del nacimiento\u00a0 de Santa Teresa aprob\u00e1ndose en el Senado una declaraci\u00f3n suscrita por todos los Grupos Parlamentarios.<\/p>\n<p>El Grupo Vasco trabaj\u00f3 bien esta semana y logr\u00f3 un gran \u00e9xito pol\u00edtico. La Interpelaci\u00f3n que hab\u00eda presentado y discutido Rut Mart\u00ednez\u00a0 en un careo con el ministro de Hacienda Montoro y la negociaci\u00f3n posterior hizo que retir\u00e1ramos la Moci\u00f3n que se iba a discutir en el pleno sobre el recurso que el gobierno hab\u00eda interpuesto a la Oferta P\u00fablica de Empleo en la Ertzantza. Se logr\u00f3 que el gobierno la retirara y Jokin Bildarratz pidi\u00f3 el aplazamiento de la moci\u00f3n que instaba al gobierno a adoptar determinadas medidas en relaci\u00f3n con la tasa de reposici\u00f3n para la selecci\u00f3n de personal de las Administraciones P\u00fablicas. Y lo logramos en el Senado.<\/p>\n<p>Presentamos una Moci\u00f3n, haciendo uso de nuestro Cupo para que el gobierno abriera de una vez los archivos hist\u00f3ricos. Admitimos enmiendas\u00a0 del\u00a0 senador Iglesias\u00a0 (IU) y de\u00a0 la Entesa, defendidas por Joan Saura. No as\u00ed\u00a0 la de sustituci\u00f3n del PSOE defendida por Tontxu Rodr\u00edguez que de haberla admitido\u00a0 la hubiera convertido\u00a0 en algo muy\u00a0 light. A pesar\u00a0 de todo nos votaron pero\u00a0 el PP, con una argumentaci\u00f3n peregrina, la rechaz\u00f3.<\/p>\n<p>Tuvimos dos preguntas en la sesi\u00f3n de control del gobierno. Una de la senadora Eugenia Iparraguirre sobre el cambio de nombre del Instituto de la Mujer y otra del senador Cazalis sobre si el Ministerio de Sanidad contempla partidas presupuestarias para hacer frente a las enfermedades raras.<\/p>\n<p>Bildarratz defendi\u00f3 las enmiendas presentadas a los tres proyectos de ley sobre resoluciones penales en la Uni\u00f3n Europea y se aprob\u00f3 por unanimidad la ponencia conjunta de estudio sobre los riesgos derivados del Uso de la Red por parte de los menores. Un muy buen trabajo que hasta justifica la existencia del Senado.<\/p>\n<p><strong><strong>Quinto Centenario de Santa Teresa<\/strong><\/strong><\/p>\n<p><a href=\"http:\/\/blogs.deia.com\/anasagasti\/files\/2014\/10\/teresa-de-jesusu-_1.png\"><img loading=\"lazy\" decoding=\"async\" class=\"alignleft size-full wp-image-5591\" src=\"http:\/\/blogs.deia.com\/anasagasti\/files\/2014\/10\/teresa-de-jesusu-_1.png\" alt=\"teresa de jesusu _1\" width=\"231\" height=\"218\" \/><\/a>Como hemos comentado el Senado, por unanimidad, aprob\u00f3 una resoluci\u00f3n reconociendo esta efem\u00e9ride en base a la personalidad de Teresa de Jes\u00fas sin hacer hincapi\u00e9 en su vertiente religiosa. Desde Amaiur a IU, pasando por el PP, todos los Grupos la apoyaron.<\/p>\n<p>&nbsp;<\/p>\n<p>&nbsp;<\/p>\n<p><strong><strong>Visita al Senado<\/strong><\/strong><\/p>\n<p><a href=\"http:\/\/blogs.deia.com\/anasagasti\/files\/2014\/10\/Visita-al-Senado-_3.jpg\"><img loading=\"lazy\" decoding=\"async\" class=\"alignleft size-full wp-image-5592\" src=\"http:\/\/blogs.deia.com\/anasagasti\/files\/2014\/10\/Visita-al-Senado-_3.jpg\" alt=\"???????????????????????????????\" width=\"1024\" height=\"768\" srcset=\"https:\/\/blogs.deia.eus\/anasagasti\/files\/2014\/10\/Visita-al-Senado-_3.jpg 1024w, https:\/\/blogs.deia.eus\/anasagasti\/files\/2014\/10\/Visita-al-Senado-_3-580x435.jpg 580w, https:\/\/blogs.deia.eus\/anasagasti\/files\/2014\/10\/Visita-al-Senado-_3-940x705.jpg 940w\" sizes=\"auto, (max-width: 1024px) 100vw, 1024px\" \/><\/a>Unas 25.000 personas visitan anualmente el Senado. Lurdes y Carmen hacen este trabajo, gracias al cual, escuelas, colegios, hogares del jubilado, universidades, colectivos varios visitan una Instituci\u00f3n poco conocida pero muy interesante. Y para no ser menos, los senadores y asistentes pedimos nos lo ense\u00f1aran. Y as\u00ed estuvimos por espacio de una hora recorriendo pasillos, hemiciclo y hasta el que fue mi despacho cuando fui Secretario Primero de la Casa que fue en su d\u00eda el de Franco. Creo que somos los \u00fanicos que hemos hecho esto.<\/p>\n<p><strong><strong>Asamblea Nacional<\/strong><\/strong><\/p>\n<p><a href=\"http:\/\/blogs.deia.com\/anasagasti\/files\/2014\/10\/Asamblea-Nacional_4.jpg\"><img loading=\"lazy\" decoding=\"async\" class=\"alignleft size-full wp-image-5593\" src=\"http:\/\/blogs.deia.com\/anasagasti\/files\/2014\/10\/Asamblea-Nacional_4.jpg\" alt=\"Asamblea Nacional_4\" width=\"1024\" height=\"768\" srcset=\"https:\/\/blogs.deia.eus\/anasagasti\/files\/2014\/10\/Asamblea-Nacional_4.jpg 1024w, https:\/\/blogs.deia.eus\/anasagasti\/files\/2014\/10\/Asamblea-Nacional_4-580x435.jpg 580w, https:\/\/blogs.deia.eus\/anasagasti\/files\/2014\/10\/Asamblea-Nacional_4-940x705.jpg 940w\" sizes=\"auto, (max-width: 1024px) 100vw, 1024px\" \/><\/a>Tuvo lugar en Sabin Etxea el viernes 10. En ella el Lehendakari dio cuenta de las reuniones con los partidos pol\u00edticos en su despacho. Joseba Aurrekoetxea inform\u00f3 sobre c\u00f3mo hab\u00eda ido el Alderdi Eguna y Andoni Ortuzar explic\u00f3 la situaci\u00f3n del partido ante los pr\u00f3ximos retos dando cuenta de sus viajes y contactos en Escocia y Catalunya. Organizaci\u00f3n, Trabajo e Ilusi\u00f3n fueron sus recomendaciones finales.<\/p>\n<!-- AddThis Advanced Settings generic via filter on the_content --><!-- AddThis Share Buttons generic via filter on the_content -->","protected":false},"excerpt":{"rendered":"<p>Domingo 19 de octubre de 2014 La semana ha girado, o ha seguido girando, sobre\u00a0 las consecuencias del \u00c9bola, el mejoramiento de la auxiliar de enfermer\u00eda Teresa Romero, y la comparecencia de Rodrigo Rato y Blesa en relaci\u00f3n con el esc\u00e1ndalo del saqueo con las tarjetas negras a Caja Madrid. Otra noticia de inter\u00e9s fue &hellip; <a href=\"https:\/\/blogs.deia.eus\/anasagasti\/2014\/10\/19\/la-semana-fue-asi\/\" class=\"more-link\">Sigue leyendo <span class=\"screen-reader-text\">La semana fue as\u00ed<\/span><\/a><!-- AddThis Advanced Settings generic via filter on get_the_excerpt --><!-- AddThis Share Buttons generic via filter on get_the_excerpt --><\/p>\n","protected":false},"author":19,"featured_media":0,"comment_status":"open","ping_status":"open","sticky":false,"template":"","format":"standard","meta":{"footnotes":""},"categories":[1],"tags":[],"class_list":["post-5589","post","type-post","status-publish","format-standard","hentry","category-general"],"_links":{"self":[{"href":"https:\/\/blogs.deia.eus\/anasagasti\/wp-json\/wp\/v2\/posts\/5589","targetHints":{"allow":["GET"]}}],"collection":[{"href":"https:\/\/blogs.deia.eus\/anasagasti\/wp-json\/wp\/v2\/posts"}],"about":[{"href":"https:\/\/blogs.deia.eus\/anasagasti\/wp-json\/wp\/v2\/types\/post"}],"author":[{"embeddable":true,"href":"https:\/\/blogs.deia.eus\/anasagasti\/wp-json\/wp\/v2\/users\/19"}],"replies":[{"embeddable":true,"href":"https:\/\/blogs.deia.eus\/anasagasti\/wp-json\/wp\/v2\/comments?post=5589"}],"version-history":[{"count":1,"href":"https:\/\/blogs.deia.eus\/anasagasti\/wp-json\/wp\/v2\/posts\/5589\/revisions"}],"predecessor-version":[{"id":5594,"href":"https:\/\/blogs.deia.eus\/anasagasti\/wp-json\/wp\/v2\/posts\/5589\/revisions\/5594"}],"wp:attachment":[{"href":"https:\/\/blogs.deia.eus\/anasagasti\/wp-json\/wp\/v2\/media?parent=5589"}],"wp:term":[{"taxonomy":"category","embeddable":true,"href":"https:\/\/blogs.deia.eus\/anasagasti\/wp-json\/wp\/v2\/categories?post=5589"},{"taxonomy":"post_tag","embeddable":true,"href":"https:\/\/blogs.deia.eus\/anasagasti\/wp-json\/wp\/v2\/tags?post=5589"}],"curies":[{"name":"wp","href":"https:\/\/api.w.org\/{rel}","templated":true}]}}