{"id":5597,"date":"2014-10-21T22:22:04","date_gmt":"2014-10-21T20:22:04","guid":{"rendered":"http:\/\/blogs.deia.com\/anasagasti\/?p=5597"},"modified":"2014-10-21T22:22:04","modified_gmt":"2014-10-21T20:22:04","slug":"nos-rechazan-en-el-pleno-una-iniciativa-sobre-autoconsumo-energetico","status":"publish","type":"post","link":"https:\/\/blogs.deia.eus\/anasagasti\/2014\/10\/21\/nos-rechazan-en-el-pleno-una-iniciativa-sobre-autoconsumo-energetico\/","title":{"rendered":"Nos rechazan en el Pleno una iniciativa sobre autoconsumo energ\u00e9tico"},"content":{"rendered":"<p><strong><strong>Martes 21 de octubre de 2014<\/strong><\/strong><\/p>\n<p>El Grupo Parlamentario Socialista, present\u00f3 una moci\u00f3n el mi\u00e9rcoles 15 de octubre sobre autoconsumo energ\u00e9tico.<\/p>\n<p>Esta fue su argumentaci\u00f3n. Lo hizo el senador Jes\u00fas Alique.<\/p>\n<p>\u201cDesde el inicio de la presente legislatura el Gobierno ha venido implementando\u00a0una pol\u00edtica energ\u00e9tica exclusivamente centrada en poner coto al crecimiento del\u00a0d\u00e9ficit de tarifa. Tras tres a\u00f1os de innumerables vaivenes normativos,el resultado de las err\u00e1ticas medidas adoptadas por el Gobierno no puede ser m\u00e1s negativo.<\/p>\n<p>Las causas del d\u00e9ficit de tarifa y del deficiente funcionamiento de nuestro sistema energ\u00e9tico siguen estando ah\u00ed, al tiempo que los mercados energ\u00e9ticos contin\u00faan\u00a0estando a a\u00f1os luz de ser competitivos y todav\u00eda carecemos de una hoja de ruta\u00a0que defina con nitidez los objetivos que se han de alcanzar y consolidar a medio y\u00a0largo plazo en el \u00e1mbito de la energ\u00eda.<\/p>\n<p>Estas circunstancias no ayudan a la recuperaci\u00f3n econ\u00f3mica. M\u00e1s bien la\u00a0entorpecen y alejan en el tiempo, teniendo en cuenta la importancia que, tanto\u00a0para la competitividad de nuestras empresas como para la renta disponible y la\u00a0calidad de vida de nuestros ciudadanos tiene la energ\u00eda.<\/p>\n<p>Es por ello por lo que se hace necesario trabajar para establecer una pol\u00edtica\u00a0energ\u00e9tica asentada en cimientos s\u00f3lidos con el objetivo de lograr un\u00a0abastecimiento a precios asequibles, seguridad en el aprovisionamiento, un\u00a0mayor respeto por el medio ambiente y, sobre todo, y m\u00e1s a corto plazo, el\u00a0fomento y el desarrollo de una industria de futuro, generadora de empleo de\u00a0calidad, alrededor del sector energ\u00e9tico.<\/p>\n<p>Partiendo de esos par\u00e1metros, las energ\u00edas que por sus caracter\u00edsticas mejor se\u00a0ajustan al cumplimiento de dichos objetivos son, sin lugar a dudas, las\u00a0renovables. Adem\u00e1s tienen la ventaja y cumplen con la particularidad de\u00a0ofrecernos la posibilidad hist\u00f3rica de disfrutar de una importante ventaja\u00a0comparativa con respecto a Europa en t\u00e9rminos tecnol\u00f3gicos y de abundancia de\u00a0recursos.<\/p>\n<p>A pesar del indudable peso que todas las instituciones internacionales dan a las energ\u00edas renovables en el futuro de las econom\u00edas europeas, el \u00a0Gobierno del Partido Popular ha trabajado y trabaja para dificultar y obstaculizar la implantaci\u00f3n de un sector, el de las fuentes limpias, que deber ser uno de los vectores de progreso m\u00e1s importante para el futuro de nuestro pa\u00eds.<\/p>\n<p>As\u00ed est\u00e1 ocurriendo tambi\u00e9n en el caso de la tecnolog\u00eda de autoconsumo, cuyo desarrollo y evoluci\u00f3n reciente en t\u00e9rminos de costes e innovaci\u00f3n la ha llevado a ser una opci\u00f3n competitiva y viable para ciudadanos y pymes que el Gobierno, en el marco general de su particular reforma energ\u00e9tica, parece estar obstinado en cercenar. Efectivamente, el Real Decreto-Ley 9\/2013, de 12 de julio, por el que se adoptan medidas urgentes para garantizar la estabilidad financiera del sistema el\u00e9ctrico, parece preocupado, en exclusiva, por la estabilidad financiera del sistema y en absoluto por la producci\u00f3n descentralizada energ\u00e9tica, a la que grava econ\u00f3micamente, en contra de lo que son los signos de los tiempos, y de nuestro entorno, en materia de fomento de la potenciaci\u00f3n de la autonom\u00eda energ\u00e9tica. Y todo ello con el riesgo de comprometer la viabilidad de esta fuente de producci\u00f3n.<\/p>\n<p>No parece muy razonable cerrar el paso a una tecnolog\u00eda que adem\u00e1s de producir energ\u00eda limpia genera riqueza, desarrollo tecnol\u00f3gico, tejido productivo y empleo.<\/p>\n<p>Por todo ello, El Grupo Parlamentario Socialista presenta la siguiente<\/p>\n<p><strong>Moci\u00f3n<\/strong><\/p>\n<p>El Senado insta al Gobierno a:<\/p>\n<ol>\n<li>Promover con car\u00e1cter inmediato los cambios normativos dirigidos a eliminar las trabas establecidas, especialmente las econ\u00f3micas, al autoconsumo energ\u00e9tico.<\/li>\n<li>Elaborar un plan, de forma consensuada y previo di\u00e1logo con los agentes econ\u00f3micos y sociales y las instituciones p\u00fablicas afectadas, encaminado a establecer las medidas que desarrollen una normativa que favorezca el autoconsumo energ\u00e9tico.<\/li>\n<li>Elaborar un plan de promoci\u00f3n p\u00fablica del autoconsumo y la eficiencia energ\u00e9ticos.\u201d<\/li>\n<\/ol>\n<p><strong><strong>Nuestra postura<\/strong><\/strong><\/p>\n<p>El Grupo Vasco en el Senado tom\u00f3 postura y argumento de la siguiente manera:<\/p>\n<p>Autoconsumo<\/p>\n<p>Julio 2014<\/p>\n<p>El proyecto de Real Decreto que regula la actividad del autoconsumo y por tanto las condiciones administrativas, t\u00e9cnicas y econ\u00f3micas que la regulan se encuentra en fase de borrador, pero las condiciones son tan leoninas que su publicaci\u00f3n supondr\u00eda la desincentivaci\u00f3n de esta modalidad de producci\u00f3n y consumo de energ\u00eda y no al contrario, como ser\u00eda l\u00f3gico en el marco de una pol\u00edtica energ\u00e9tica que incentivara la eficiencia energ\u00e9tica y las posibilidades de ahorro que ofrece la generaci\u00f3n distribuida.<\/p>\n<p><strong>El \u2018peaje de respaldo\u2019<\/strong><\/p>\n<p>El borrador establece textualmente \u201cla regulaci\u00f3n de las condiciones administrativas, t\u00e9cnicas y econ\u00f3micas de las modalidades de suministro de energ\u00eda el\u00e9ctrica con autoconsumo\u201d. \u00a0La propuesta de Real Decreto fija la aprobaci\u00f3n de un nuevo \u2018peaje de respaldo\u2019 que lastrar\u00e1 a los usuarios que opten por la opci\u00f3n del autoconsumo. El texto del proyecto de Real Decreto deja claro que \u201cla generaci\u00f3n distribuida no reduce los costes de mantenimiento de las redes de transporte y distribuci\u00f3n ni los costes ajenos al suministro que se encuentran imputados a los peajes de acceso y, en algunos casos, podr\u00eda provocar costes de inversi\u00f3n adicionales en las redes para adecuarlas a las necesidades derivadas de dicha generaci\u00f3n distribuida\u201d. Aqu\u00ed est\u00e1 la justificaci\u00f3n \u2018te\u00f3rica\u2019 de la creaci\u00f3n de este \u2018peaje de respaldo\u2019: los consumidores que hagan autoconsumo \u201cse beneficiar\u00e1n del respaldo que les proporciona el sistema\u201d dice la norma, aunque no lo usen en todo momento y \u201cest\u00e9n autoconsumiendo energ\u00eda producida por su instalaci\u00f3n\u201d. \u00a0\u201cLo anterior justificar\u00eda\u201d, continua el RD, \u201cque los consumidores acogidos a modalidades de autoconsumo tengan que hacer frente, al igual que el resto de consumidores, a los costes del sistema\u201d.<\/p>\n<p>Conclusi\u00f3n: usen o no la red, los autoconsumidores tendr\u00edan que pagar un peaje, del mismo modo que lo hacen aquellos usuarios que tan s\u00f3lo consumen energ\u00eda de la red el\u00e9ctrica.<\/p>\n<p>Estas condiciones suponen \u201chomogeneizar y repartir las cargas del sistema entre los consumidores, con independencia del uso real del sistema. Se discrimina as\u00ed a aquellos consumidores que al consumir parte de la electricidad que producen dentro de su red interior apenas requieren de la red el\u00e9ctrica, frente a otros que utilizan \u00e9sta en todo momento\u201d.<\/p>\n<p>Resulta a\u00fan m\u00e1s incre\u00edble que al autoconsumidor se le obligue a pagar por la energ\u00eda autoconsumida los mismos peajes que al consumidor normal, m\u00e1xime cuando estos peajes incluyen algunos conceptos vinculados directamente al consumo el\u00e9ctrico como es, por ejemplo, la retribuci\u00f3n espec\u00edfica para la generaci\u00f3n a partir de fuentes renovables.<\/p>\n<p>La propia Comisi\u00f3n Nacional de los Mercados y la Competencia \u2013 CNMC, se sum\u00f3 a la opini\u00f3n de \u00abuna gran mayor\u00eda\u00bb de los miembros de su Consejo Consultivo y pidi\u00f3 al Ministerio de Industria que elimine el nuevo peaje de respaldo al autoconsumo de electricidad, ya que esta tasa dificulta que los hogares o comercios vean alg\u00fan tipo de rentabilidad en\u00a0\u00a0 abastecerse con su propia energ\u00eda instalando una peque\u00f1o proyecto renovable, ya que terminar\u00edan pagando un importe muy similar por su consumo. Consider\u00f3 que en la nueva regulaci\u00f3n, el sistema de peaje es \u00abdiscriminatorio\u00bb y hacen inviable los proyectos, algo que va en el sentido contrario de las directivas comunitarias sobre eficiencia energ\u00e9tica.<\/p>\n<p>Adem\u00e1s, discrepaba de las fuertes multas que el Gobierno contemplaba para la falta de inscripci\u00f3n de instalaciones en el nuevo registro de autoconsumo. Sosten\u00eda que no inscribirse en ese listado \u00abdif\u00edcilmente puede poner en riesgo la garant\u00eda de suministro\u00bb o generar peligro manifiesto a las personas, bienes o medio ambiente. En su informe tambi\u00e9n reclamaba que quienes producen energ\u00eda en la modalidad de autoconsumo pudiesen vender toda o parte de su energ\u00eda excedentaria.<\/p>\n<p>\u00abDiscriminatorio con el resto\u00bb<\/p>\n<p>\u00abInviable econ\u00f3micamente\u00bb<\/p>\n<p>\u00abNo tiene en cuenta los beneficios sociales asociados a la producci\u00f3n distribuida\u00bb<\/p>\n<p>\u00abContradice las directivas europeas\u00bb<\/p>\n<p>&nbsp;<\/p>\n<p>&nbsp;<\/p>\n<p>&nbsp;<\/p>\n<!-- AddThis Advanced Settings generic via filter on the_content --><!-- AddThis Share Buttons generic via filter on the_content -->","protected":false},"excerpt":{"rendered":"<p>Martes 21 de octubre de 2014 El Grupo Parlamentario Socialista, present\u00f3 una moci\u00f3n el mi\u00e9rcoles 15 de octubre sobre autoconsumo energ\u00e9tico. Esta fue su argumentaci\u00f3n. Lo hizo el senador Jes\u00fas Alique. \u201cDesde el inicio de la presente legislatura el Gobierno ha venido implementando\u00a0una pol\u00edtica energ\u00e9tica exclusivamente centrada en poner coto al crecimiento del\u00a0d\u00e9ficit de tarifa. &hellip; <a href=\"https:\/\/blogs.deia.eus\/anasagasti\/2014\/10\/21\/nos-rechazan-en-el-pleno-una-iniciativa-sobre-autoconsumo-energetico\/\" class=\"more-link\">Sigue leyendo <span class=\"screen-reader-text\">Nos rechazan en el Pleno una iniciativa sobre autoconsumo energ\u00e9tico<\/span><\/a><!-- AddThis Advanced Settings generic via filter on get_the_excerpt --><!-- AddThis Share Buttons generic via filter on get_the_excerpt --><\/p>\n","protected":false},"author":19,"featured_media":0,"comment_status":"open","ping_status":"open","sticky":false,"template":"","format":"standard","meta":{"footnotes":""},"categories":[1],"tags":[],"class_list":["post-5597","post","type-post","status-publish","format-standard","hentry","category-general"],"_links":{"self":[{"href":"https:\/\/blogs.deia.eus\/anasagasti\/wp-json\/wp\/v2\/posts\/5597","targetHints":{"allow":["GET"]}}],"collection":[{"href":"https:\/\/blogs.deia.eus\/anasagasti\/wp-json\/wp\/v2\/posts"}],"about":[{"href":"https:\/\/blogs.deia.eus\/anasagasti\/wp-json\/wp\/v2\/types\/post"}],"author":[{"embeddable":true,"href":"https:\/\/blogs.deia.eus\/anasagasti\/wp-json\/wp\/v2\/users\/19"}],"replies":[{"embeddable":true,"href":"https:\/\/blogs.deia.eus\/anasagasti\/wp-json\/wp\/v2\/comments?post=5597"}],"version-history":[{"count":1,"href":"https:\/\/blogs.deia.eus\/anasagasti\/wp-json\/wp\/v2\/posts\/5597\/revisions"}],"predecessor-version":[{"id":5598,"href":"https:\/\/blogs.deia.eus\/anasagasti\/wp-json\/wp\/v2\/posts\/5597\/revisions\/5598"}],"wp:attachment":[{"href":"https:\/\/blogs.deia.eus\/anasagasti\/wp-json\/wp\/v2\/media?parent=5597"}],"wp:term":[{"taxonomy":"category","embeddable":true,"href":"https:\/\/blogs.deia.eus\/anasagasti\/wp-json\/wp\/v2\/categories?post=5597"},{"taxonomy":"post_tag","embeddable":true,"href":"https:\/\/blogs.deia.eus\/anasagasti\/wp-json\/wp\/v2\/tags?post=5597"}],"curies":[{"name":"wp","href":"https:\/\/api.w.org\/{rel}","templated":true}]}}