{"id":5604,"date":"2014-10-23T23:27:14","date_gmt":"2014-10-23T21:27:14","guid":{"rendered":"http:\/\/blogs.deia.com\/anasagasti\/?p=5604"},"modified":"2014-10-23T23:27:14","modified_gmt":"2014-10-23T21:27:14","slug":"dos-charlas","status":"publish","type":"post","link":"https:\/\/blogs.deia.eus\/anasagasti\/2014\/10\/23\/dos-charlas\/","title":{"rendered":"Dos charlas"},"content":{"rendered":"<p><strong><strong>Jueves 23 de octubre de 2014<\/strong><\/strong><\/p>\n<p><strong><strong>En la Casa de Andalucia en Barakaldo <\/strong><\/strong><\/p>\n<p><a href=\"http:\/\/blogs.deia.com\/anasagasti\/files\/2014\/10\/Charla-Casa-Andalucia.jpg\"><img loading=\"lazy\" decoding=\"async\" class=\"alignleft size-full wp-image-5605\" src=\"http:\/\/blogs.deia.com\/anasagasti\/files\/2014\/10\/Charla-Casa-Andalucia.jpg\" alt=\"Charla Casa Andalucia\" width=\"1024\" height=\"768\" srcset=\"https:\/\/blogs.deia.eus\/anasagasti\/files\/2014\/10\/Charla-Casa-Andalucia.jpg 1024w, https:\/\/blogs.deia.eus\/anasagasti\/files\/2014\/10\/Charla-Casa-Andalucia-580x435.jpg 580w, https:\/\/blogs.deia.eus\/anasagasti\/files\/2014\/10\/Charla-Casa-Andalucia-940x705.jpg 940w\" sizes=\"auto, (max-width: 1024px) 100vw, 1024px\" \/><\/a>El pasado martes 21 de octubre estuve en la Casa de Andalucia de Barakaldo invitado por su presidente, Antonio Barroso y de la mano de Amaia del Campo, concejala y candidata a alcaldesa de esta Villa. \u201dI\u00f1aki, nuestros amigos andaluces han organizado en su semana cultural una charla para que expliques lo que hac\u00e9is en Madrid, \u00bfvienes?\u201d, me dijo Amaia. Y le contest\u00e9. \u201dSi t\u00fa me dices ven, lo dejo todo\u201d. Y fui<\/p>\n<p>Amaia es una mujer de bandera que trabaja su candidatura todos los d\u00edas y sus \u00a024 horas. Tiene un magn\u00edfico equipo de gente joven ilusionada que conoce Barakaldo y tiene un programa de regeneraci\u00f3n pol\u00edtica en la cabeza y muchas ganas de llevarlo a la pr\u00e1ctica. Y adem\u00e1s tienen una magn\u00edfica relaci\u00f3n con un hombre cabal hecho a s\u00ed mismo como Antonio Barroso que dirige con maestr\u00eda la casa de Andalucia. Una buena relaci\u00f3n.<\/p>\n<p>Y all\u00ed estuve hablando de todo para al final, comer unas magn\u00edficas tortillas hechas por una se\u00f1ora andaluza que nos hablaba de las bondades de poner cebolla a su manjar \u00a0y una mesa llena de embutidos que con tanta amabilidad nos ofrecieron.<\/p>\n<p>Saludamos a los andaluces all\u00ed presentes con decenas de a\u00f1os\u00a0 viviendo en Euzkadi, con hijos y nietos vascos y con casas en Malaga, Sevilla o Huelva, y que sin olvidar sus ra\u00edces, viven\u00a0 en Euzkadi con comodidad y pasan sus veranos en su tierra\u00a0 de nacimiento. Y que sin dejar de ser andaluces defienden lo vasco.<\/p>\n<p>Fue una velada muy agradable.<\/p>\n<p><strong><strong>En Erandio Bekoa<\/strong><\/strong><\/p>\n<p><a href=\"http:\/\/blogs.deia.com\/anasagasti\/files\/2014\/10\/Charla-Batzoki1.jpg\"><img loading=\"lazy\" decoding=\"async\" class=\"alignleft size-full wp-image-5607\" src=\"http:\/\/blogs.deia.com\/anasagasti\/files\/2014\/10\/Charla-Batzoki1.jpg\" alt=\"Charla Batzoki\" width=\"1024\" height=\"768\" srcset=\"https:\/\/blogs.deia.eus\/anasagasti\/files\/2014\/10\/Charla-Batzoki1.jpg 1024w, https:\/\/blogs.deia.eus\/anasagasti\/files\/2014\/10\/Charla-Batzoki1-580x435.jpg 580w, https:\/\/blogs.deia.eus\/anasagasti\/files\/2014\/10\/Charla-Batzoki1-940x705.jpg 940w\" sizes=\"auto, (max-width: 1024px) 100vw, 1024px\" \/><\/a>Y el jueves estuve en el Batzoki de Erandio Bekoa a sala llena y bajo la invitaci\u00f3n del presidente y de la Junta Municipal que hab\u00edan\u00a0 distribuido un cartel muy original tanto que tuvimos en la sala un concejal de Bildu.<\/p>\n<p>Habl\u00e9 hasta por los codos no cumpliendo lo que dec\u00eda Einstein para casos como \u00e9stos: no superar los tres cuartos de hora.<\/p>\n<p>Me preguntaron por Podemos y por la situaci\u00f3n general y al final le firm\u00e9 un libro de \u201cJarrones Chinos\u201d a una chica de Barakaldo, Nekane, que no solo se lo hab\u00eda le\u00eddo sino le hab\u00eda gustado. Y se lo dediqu\u00e9 con mucho gusto.<\/p>\n<p>Estuvieron los miembros de la Junta Municipal con su presidente Julio Puertos a la cabeza, gente joven, el alcalde Joseba Goikouria\u00a0 y el ex alcalde Mikel Arieta-araunabe\u00f1a con quien departimos a continuaci\u00f3n.<\/p>\n<p>Se agradece el trato directo, sincero y preocupado por la situaci\u00f3n general y se palpan las ganas de trabajar de la gente.<\/p>\n<p>Dos buenas experiencias esta semana.<\/p>\n<!-- AddThis Advanced Settings generic via filter on the_content --><!-- AddThis Share Buttons generic via filter on the_content -->","protected":false},"excerpt":{"rendered":"<p>Jueves 23 de octubre de 2014 En la Casa de Andalucia en Barakaldo El pasado martes 21 de octubre estuve en la Casa de Andalucia de Barakaldo invitado por su presidente, Antonio Barroso y de la mano de Amaia del Campo, concejala y candidata a alcaldesa de esta Villa. \u201dI\u00f1aki, nuestros amigos andaluces han organizado &hellip; <a href=\"https:\/\/blogs.deia.eus\/anasagasti\/2014\/10\/23\/dos-charlas\/\" class=\"more-link\">Sigue leyendo <span class=\"screen-reader-text\">Dos charlas<\/span><\/a><!-- AddThis Advanced Settings generic via filter on get_the_excerpt --><!-- AddThis Share Buttons generic via filter on get_the_excerpt --><\/p>\n","protected":false},"author":19,"featured_media":0,"comment_status":"open","ping_status":"open","sticky":false,"template":"","format":"standard","meta":{"footnotes":""},"categories":[1],"tags":[],"class_list":["post-5604","post","type-post","status-publish","format-standard","hentry","category-general"],"_links":{"self":[{"href":"https:\/\/blogs.deia.eus\/anasagasti\/wp-json\/wp\/v2\/posts\/5604","targetHints":{"allow":["GET"]}}],"collection":[{"href":"https:\/\/blogs.deia.eus\/anasagasti\/wp-json\/wp\/v2\/posts"}],"about":[{"href":"https:\/\/blogs.deia.eus\/anasagasti\/wp-json\/wp\/v2\/types\/post"}],"author":[{"embeddable":true,"href":"https:\/\/blogs.deia.eus\/anasagasti\/wp-json\/wp\/v2\/users\/19"}],"replies":[{"embeddable":true,"href":"https:\/\/blogs.deia.eus\/anasagasti\/wp-json\/wp\/v2\/comments?post=5604"}],"version-history":[{"count":1,"href":"https:\/\/blogs.deia.eus\/anasagasti\/wp-json\/wp\/v2\/posts\/5604\/revisions"}],"predecessor-version":[{"id":5608,"href":"https:\/\/blogs.deia.eus\/anasagasti\/wp-json\/wp\/v2\/posts\/5604\/revisions\/5608"}],"wp:attachment":[{"href":"https:\/\/blogs.deia.eus\/anasagasti\/wp-json\/wp\/v2\/media?parent=5604"}],"wp:term":[{"taxonomy":"category","embeddable":true,"href":"https:\/\/blogs.deia.eus\/anasagasti\/wp-json\/wp\/v2\/categories?post=5604"},{"taxonomy":"post_tag","embeddable":true,"href":"https:\/\/blogs.deia.eus\/anasagasti\/wp-json\/wp\/v2\/tags?post=5604"}],"curies":[{"name":"wp","href":"https:\/\/api.w.org\/{rel}","templated":true}]}}