{"id":5612,"date":"2014-10-25T22:39:49","date_gmt":"2014-10-25T20:39:49","guid":{"rendered":"http:\/\/blogs.deia.com\/anasagasti\/?p=5612"},"modified":"2014-10-25T22:39:49","modified_gmt":"2014-10-25T20:39:49","slug":"la-semana-fue-asi-2","status":"publish","type":"post","link":"https:\/\/blogs.deia.eus\/anasagasti\/2014\/10\/25\/la-semana-fue-asi-2\/","title":{"rendered":"La semana fue as\u00ed"},"content":{"rendered":"<p><strong><strong>S\u00e1bado 25 de octubre de 2014<\/strong><\/strong><\/p>\n<p>La cuarta semana de octubre ha seguido con el asunto del saqueo a Caja Madrid, la imputaci\u00f3n al ex secretario general del PP Angel Acebes, las fianzas puestas a Blesa y Rato solo cumplida por Rato, la carta de \u00e9ste al PP pidiendo su baja temporal, el procesamiento a la familia Pujol, el acuerdo entre Mas y ERC para una consulta el 9 de noviembre, y el nombramiento en segunda vuelta del Jose Antonio S\u00e1nchez como Director General de RTVE entre otras noticias.<\/p>\n<p>Como Grupo Parlamentario tuvimos la triste y p\u00e9sima noticia del fallecimiento por accidente del aita de Jokin Bildarratz en Tolosa. Estuvimos presentes en los funerales.<\/p>\n<p><strong><strong>A Solchaga no le gusta la Marca Espa\u00f1a<\/strong><\/strong><\/p>\n<p><a href=\"http:\/\/blogs.deia.com\/anasagasti\/files\/2014\/10\/Carlos-Solchaga.png\"><img loading=\"lazy\" decoding=\"async\" class=\"alignleft size-full wp-image-5613\" src=\"http:\/\/blogs.deia.com\/anasagasti\/files\/2014\/10\/Carlos-Solchaga.png\" alt=\"Carlos Solchaga\" width=\"190\" height=\"265\" \/><\/a>El pasado mi\u00e9rcoles 22 de octubre compareci\u00f3 el ex ministro Carlos Solchaga en la Comisi\u00f3n de Asuntos Iberoamericanos. Fue a petici\u00f3n nuestra. Es la tercera vez que lo hacemos. No lo hacen los socialistas. Curioso.<\/p>\n<p>El tafall\u00e9s preside la Fundaci\u00f3n Euro Am\u00e9rica que anualmente emite un informe sobre c\u00f3mo ven el a\u00f1o transcurrido y las perspectivas para el siguiente. El careo que tuve con \u00e9l lo publicamos hace dos d\u00edas aqu\u00ed.<\/p>\n<p>Quiero destacar lo que dijo de la Marca Espa\u00f1a que, cuando compareci\u00f3 Garc\u00eda Margallo, le ped\u00ed lo leyera. Dijo esto:<\/p>\n<p>\u00abA m\u00ed esto de la Marca Espa\u00f1a me suena a no s\u00e9 que, dicho con todo el respeto al Gobierno y que Dios me perdone por mencionarlo aqu\u00ed. Yo no creo en estas cosas de la Marca Espa\u00f1a. S\u00ed creo que es importante que nuestras instituciones funcionen, que nuestro pa\u00eds merezca el respeto de la gente que trabaja y que trabaja en serio, y creo que todo eso consolida una reputaci\u00f3n que sirve para estar -dir\u00edan en el siglo XIX- en el concierto de las naciones, pero esto de promocionar la Marca Espa\u00f1a no lo veo. Siento algo que me incomoda cada vez que lo oigo, no sabr\u00eda cual es el efecto que pueden tener estos cambios en la perspectiva del pa\u00eds o en los pa\u00edses latinoamericanos de manera relativa de unos con otros y en los flujos de emigraci\u00f3n\u201d.<\/p>\n<p><strong><strong>Una intervenci\u00f3n plana del Secretario de Estado de la Uni\u00f3n Europea<\/strong><\/strong><\/p>\n<p><a href=\"http:\/\/blogs.deia.com\/anasagasti\/files\/2014\/10\/I\u00f1igo-Mendez-de-Vigo.jpg\"><img loading=\"lazy\" decoding=\"async\" class=\"alignleft size-full wp-image-5614\" src=\"http:\/\/blogs.deia.com\/anasagasti\/files\/2014\/10\/I\u00f1igo-Mendez-de-Vigo.jpg\" alt=\"I\u00f1igo Mendez de Vigo\" width=\"170\" height=\"215\" \/><\/a>Compareci\u00f3 en el Congreso y en la Comisi\u00f3n Mixta, Congreso-Senado, el Secretario de Estado para la Uni\u00f3n Europea I\u00f1igo M\u00e9ndez de Vigo.<\/p>\n<p>Vino a informarnos sobre el inmediato Consejo Europeo y en particular sobre los temas energ\u00e9ticos de la agenda. Fue la intervenci\u00f3n de un tecn\u00f3crata al que le dije que seguramente, al d\u00eda siguiente, no saldr\u00eda ni una l\u00ednea en la prensa. As\u00ed fue.<\/p>\n<p>Le pregunt\u00e9 sobre la Uni\u00f3n Bancaria, sobre el plan Trevi en favor de emigrantes, plan desechado por Italia y sobre\u00a0 derechos humanos. Previamente le afee que no hubiera hablado de la nueva Comisi\u00f3n, de las elecciones europeas, de\u00a0 la \u00a0abstenci\u00f3n electoral \u00a0y de la opini\u00f3n que le merec\u00edan la gesti\u00f3n de \u00a0Van Rompuy, Catherine Ashton\u00a0 y Durao Barroso.<\/p>\n<p>Todas fueron respuestas pol\u00edticamente correctas e intrascendentes. Nadie conoce a este se\u00f1or que pasar\u00e1 por la Secretar\u00eda sin que deje la menor huella informativa.<\/p>\n<p><strong><strong>Presentado el libro de Javier Elzo<\/strong><\/strong><\/p>\n<p><a href=\"http:\/\/blogs.deia.com\/anasagasti\/files\/2014\/10\/Javier-Elzo.jpg\"><img loading=\"lazy\" decoding=\"async\" class=\"alignleft size-full wp-image-5616\" src=\"http:\/\/blogs.deia.com\/anasagasti\/files\/2014\/10\/Javier-Elzo.jpg\" alt=\"Javier Elzo\" width=\"273\" height=\"185\" \/><\/a>En el C\u00edrculo de Bellas Artes de Madrid, a las siete de la tarde, en el sal\u00f3n Valle Incl\u00e1n, present\u00f3 su libro \u201cTRAS LA LOSA DE ETA\u201d el catedr\u00e1tico em\u00e9rito de Sociolog\u00eda de la Universidad de Deusto Javier Elzo.Lo hizo\u00a0 en amable conversaci\u00f3n con I\u00f1aki Gabilondo.<\/p>\n<p>El editor de PPC dijo conocer desgraciadamente Euzkadi y sus pueblos por los atentados de ETA\u00a0 comentando \u00a0que mil veces mayor que cualquier noticia actual ha sido la existencia de ETA durante cincuenta a\u00f1os lo m\u00e1s insoportable.\u00a0 Una organizaci\u00f3n terrorista que ha marcado nuestras vidas. \u00abSoy de Pancorbo para abajo, m\u00e1s bien de Despe\u00f1aperros para abajo, y sin embargo este asunto lo he vivido intensamente\u00a0 y por eso hemos querido publicar esta serena reflexi\u00f3n sociol\u00f3gica de Elzo que da muchas claves\u00bb.<\/p>\n<p>La conversaci\u00f3n entre Gabilondo y Elzo fue muy interesante y hasta casi me toca hacer de Gabilondo ya que \u00e9ste andaba medio enfermo.<\/p>\n<p>Al final dieron la palabra y la tom\u00e9. Record\u00e9 que la primera manifestaci\u00f3n contra ETA la hab\u00edamos organizado nosotros en octubre de 1978 y habl\u00e9 de la normalizaci\u00f3n que se viv\u00eda en Euzkadi frente al paulatino encrespamiento de las pasiones espa\u00f1olas. Les cont\u00e9 como un sujeto, el jueves anterior, me hab\u00eda escupido en la cara frente al Senado y que las tertulias de las televisiones madrile\u00f1as eran de un radicalismo pasmoso.<\/p>\n<p>Elzo reconoci\u00f3 que no hab\u00eda rese\u00f1ado el dato de la manifestaci\u00f3n y Gabilondo asinti\u00f3 en lo de la creciente radicalizaci\u00f3n espa\u00f1ola. Fue una velada muy interesante a la que no acudi\u00f3\u00a0 ning\u00fan pol\u00edtico del PSOE o del PP. Seguramente piensan que lo de ETA est\u00e1 amortizado o \u00a0estaban todos en el Casino madrile\u00f1o donde Enrique Baron presentaba junto a S\u00e1nchez y Margallo un libro sobre federalismo, la palabra de moda.<\/p>\n<p>Al salir del C\u00edrculo de Bellas Artes me encontr\u00e9 con el P. \u00c1ngel y con Pepe Segura, un socialista canario que me ense\u00f1\u00f3 el libro de Gumersindo Trujillo\u00a0 sobre Federalismo que\u00a0 le hab\u00eda facilitado\u00a0 a Pedro S\u00e1nchez como lo m\u00e1ximo que se ha escrito en Espa\u00f1a sobre este asunto del que los socialistas hablan mucho pero sin demasiada idea. Coment\u00f3 que a Pedro S\u00e1nchez le hab\u00eda interesado el tema, lo estaba leyendo \u00a0y que es alumno aplicado. Veremos si sacan algo satisfactorio. Tengo mis dudas.<\/p>\n<p><strong><strong>Margallo y la unidad de la Patria\u00a0\u00a0\u00a0\u00a0<\/strong><\/strong><\/p>\n<p><a href=\"http:\/\/blogs.deia.com\/anasagasti\/files\/2014\/10\/Margallo.png\"><img loading=\"lazy\" decoding=\"async\" class=\"alignleft size-full wp-image-5617\" src=\"http:\/\/blogs.deia.com\/anasagasti\/files\/2014\/10\/Margallo.png\" alt=\"Margallo\" width=\"300\" height=\"168\" \/><\/a>Compareci\u00f3 el ministro de Asuntos exteriores en la Comisi\u00f3n del Senado. Ven\u00eda a hablarnos de la situaci\u00f3n de Siria, Medio Oriente, Irak y Libia. Y lo hizo pormenorizadamente.<\/p>\n<p>Me toc\u00f3 intervenir y le dije que muy bien pero que no hab\u00eda hablado de la responsabilidad de Europa\u00a0 con nombres concretos en\u00a0 la \u00a0actual tragedia\u00a0\u00a0 y ante\u00a0 este volc\u00e1n que tenemos a dos pasos y \u00a0que se ha ido radicalizando gracias a responsabilidades concretas y a la inhibici\u00f3n de la Uni\u00f3n Europea. Califiqu\u00e9 de absolutamente inepta a la reci\u00e9n dimitida Alta Comisionada de Europa, Catherine Ashton, le reiter\u00e9 nuestra posici\u00f3n en relaci\u00f3n al reconocimiento del estado palestino con fronteras seguras para Israel y le coment\u00e9 lo extra\u00f1o que me hab\u00eda parecido que no hablase del rey Idris de Libia que fund\u00f3 una monarqu\u00eda federal y que si uno miraba el mapa de Libia ve\u00eda fronteras coloniales dibujadas con tiral\u00edneas y que lo mejor era que de un pa\u00eds hicieran dos con capitales en Bengasi y Tr\u00edpoli.<\/p>\n<p>Sobre lo anterior sali\u00f3 por peteneras pero ante lo de dividir un pa\u00eds en dos, sac\u00f3 lo de la indivisible unidad de la patria espa\u00f1ola y de la patria Libia y me dijo que las fronteras territoriales son sagradas y que as\u00ed lo piensan 179 pa\u00edses. Y Ol\u00e9!.<\/p>\n<p><strong><strong>Entrevista con la esposa de Leopoldo L\u00f3pez<\/strong><\/strong><\/p>\n<p><a href=\"http:\/\/blogs.deia.com\/anasagasti\/files\/2014\/10\/1219.5.png\"><img loading=\"lazy\" decoding=\"async\" class=\"alignleft size-full wp-image-5618\" src=\"http:\/\/blogs.deia.com\/anasagasti\/files\/2014\/10\/1219.5.png\" alt=\"1219.5\" width=\"275\" height=\"183\" \/><\/a>De la mano de Cayetana \u00c1lvarez de Toledo y con presencia de portavoces del PP y del PSOE, estuvimos en el Congreso con Lilian Tintori, la esposa del dirigente venezolano encarcelado Leopoldo L\u00f3pez que ya lleva ocho meses tras las rejas y cuyo\u00a0 juicio se anuncia para\u00a0 dentro de muy poco. Un juicio sin garant\u00eda alguna.<\/p>\n<p>Nos cont\u00f3 su viaje a Ginebra donde estuvo con el Alto Comisionado de Naciones Unidas para los Derechos Humanos que ya ha tomado posici\u00f3n, su viaje a Praga y su entrevista con Rajoy en la sede del PP, no en el Palacio de La Moncloa, aunque pese a este dato, Diosdado Cabello, uno de los autoritarios dirigentes del chavismo (presidente de la Asamblea), ya ha protestado.<\/p>\n<p>Le dije que la semana que viene le preguntaba al ministro Margallo sobre el particular.<\/p>\n<p><strong><strong>Dos charlas<\/strong><\/strong><\/p>\n<p>En la Casa de Andaluc\u00eda en Barakaldo<\/p>\n<p><a href=\"http:\/\/blogs.deia.com\/anasagasti\/files\/2014\/10\/Charla-Casa-Andalucia4.jpg\"><img loading=\"lazy\" decoding=\"async\" class=\"alignleft size-medium wp-image-5624\" src=\"http:\/\/blogs.deia.com\/anasagasti\/files\/2014\/10\/Charla-Casa-Andalucia4-580x435.jpg\" alt=\"Charla Casa Andalucia\" width=\"580\" height=\"435\" srcset=\"https:\/\/blogs.deia.eus\/anasagasti\/files\/2014\/10\/Charla-Casa-Andalucia4-580x435.jpg 580w, https:\/\/blogs.deia.eus\/anasagasti\/files\/2014\/10\/Charla-Casa-Andalucia4-940x705.jpg 940w, https:\/\/blogs.deia.eus\/anasagasti\/files\/2014\/10\/Charla-Casa-Andalucia4.jpg 1024w\" sizes=\"auto, (max-width: 580px) 100vw, 580px\" \/><\/a>El pasado martes 21 de octubre estuve en la Casa de Andaluc\u00eda de Barakaldo invitado por su presidente, Antonio Barroso y de la mano de Amaia del Campo, concejala y candidata a alcaldesa de esta Villa. \u201dI\u00f1aki, nuestros amigos andaluces han organizado en su semana cultural una charla para que expliques lo que hac\u00e9is en Madrid, \u00bfvienes?\u201d, me dijo Amaia. Y le contest\u00e9. \u201dSi t\u00fa me dices ven, lo dejo todo\u201d. Y fui<\/p>\n<p>Amaia es una mujer de bandera que trabaja su candidatura todos los d\u00edas y sus\u00a0 24 horas. Tiene un magn\u00edfico equipo de gente joven ilusionada que conoce Barakaldo y tiene un programa de regeneraci\u00f3n pol\u00edtica en la cabeza y muchas ganas de llevarlo a la pr\u00e1ctica. Y adem\u00e1s tienen una magn\u00edfica relaci\u00f3n con un hombre cabal hecho a s\u00ed mismo como Antonio Barroso que dirige con maestr\u00eda la casa de Andaluc\u00eda. Una buena relaci\u00f3n.<\/p>\n<p>Y all\u00ed estuve hablando de todo para al final, comer unas magn\u00edficas tortillas hechas por una se\u00f1ora andaluza que nos hablaba de las bondades de poner cebolla a su manjar\u00a0 y una mesa llena de embutidos que con tanta amabilidad nos ofrecieron.<\/p>\n<p>Saludamos a los andaluces all\u00ed presentes con decenas de a\u00f1os\u00a0 viviendo en Euzkadi, con hijos y nietos vascos y con casas en M\u00e1laga, Sevilla o Huelva, y que sin olvidar sus ra\u00edces, viven\u00a0 en Euzkadi con comodidad y pasan sus veranos en su tierra\u00a0 de nacimiento. Y que sin dejar de ser andaluces defienden lo vasco.<\/p>\n<p>Fue una velada muy agradable.<\/p>\n<p><strong><strong>En Erandio Bekoa<\/strong><\/strong><\/p>\n<p><a href=\"http:\/\/blogs.deia.com\/anasagasti\/files\/2014\/10\/Charla-Batzoki3.jpg\"><img loading=\"lazy\" decoding=\"async\" class=\"alignleft size-medium wp-image-5625\" src=\"http:\/\/blogs.deia.com\/anasagasti\/files\/2014\/10\/Charla-Batzoki3-580x435.jpg\" alt=\"Charla Batzoki\" width=\"580\" height=\"435\" srcset=\"https:\/\/blogs.deia.eus\/anasagasti\/files\/2014\/10\/Charla-Batzoki3-580x435.jpg 580w, https:\/\/blogs.deia.eus\/anasagasti\/files\/2014\/10\/Charla-Batzoki3-940x705.jpg 940w, https:\/\/blogs.deia.eus\/anasagasti\/files\/2014\/10\/Charla-Batzoki3.jpg 1024w\" sizes=\"auto, (max-width: 580px) 100vw, 580px\" \/><\/a>Y el jueves estuve en el Batzoki de Erandio Bekoa a sala llena y bajo la invitaci\u00f3n del presidente y de la Junta Municipal que hab\u00edan\u00a0 distribuido un cartel muy original tanto que tuvimos en la sala un concejal de Bildu.<\/p>\n<p>Habl\u00e9 hasta por los codos no cumpliendo lo que dec\u00eda Einstein para casos como \u00e9stos: no superar los tres cuartos de hora.<\/p>\n<p>Me preguntaron por Podemos y por la situaci\u00f3n general y al final le firm\u00e9 un libro de \u201cJarrones Chinos\u201d a una chica de Barakaldo, Nekane, que no solo se lo hab\u00eda le\u00eddo sino le hab\u00eda gustado. Y se lo dediqu\u00e9 con mucho gusto.<\/p>\n<p>Estuvieron los miembros de la Junta Municipal con su presidente Julio Puertos a la cabeza, gente joven, el alcalde Joseba Goikouria\u00a0 y el ex alcalde Mikel Arieta-Araunabe\u00f1a con quien departimos a continuaci\u00f3n.<\/p>\n<p>Se agradece el trato directo, sincero y preocupado por la situaci\u00f3n general y se palpan las ganas de trabajar de la gente.<\/p>\n<p>Dos buenas experiencias esta semana.<\/p>\n<p>&nbsp;<\/p>\n<!-- AddThis Advanced Settings generic via filter on the_content --><!-- AddThis Share Buttons generic via filter on the_content -->","protected":false},"excerpt":{"rendered":"<p>S\u00e1bado 25 de octubre de 2014 La cuarta semana de octubre ha seguido con el asunto del saqueo a Caja Madrid, la imputaci\u00f3n al ex secretario general del PP Angel Acebes, las fianzas puestas a Blesa y Rato solo cumplida por Rato, la carta de \u00e9ste al PP pidiendo su baja temporal, el procesamiento a &hellip; <a href=\"https:\/\/blogs.deia.eus\/anasagasti\/2014\/10\/25\/la-semana-fue-asi-2\/\" class=\"more-link\">Sigue leyendo <span class=\"screen-reader-text\">La semana fue as\u00ed<\/span><\/a><!-- AddThis Advanced Settings generic via filter on get_the_excerpt --><!-- AddThis Share Buttons generic via filter on get_the_excerpt --><\/p>\n","protected":false},"author":19,"featured_media":0,"comment_status":"open","ping_status":"open","sticky":false,"template":"","format":"standard","meta":{"footnotes":""},"categories":[1],"tags":[],"class_list":["post-5612","post","type-post","status-publish","format-standard","hentry","category-general"],"_links":{"self":[{"href":"https:\/\/blogs.deia.eus\/anasagasti\/wp-json\/wp\/v2\/posts\/5612","targetHints":{"allow":["GET"]}}],"collection":[{"href":"https:\/\/blogs.deia.eus\/anasagasti\/wp-json\/wp\/v2\/posts"}],"about":[{"href":"https:\/\/blogs.deia.eus\/anasagasti\/wp-json\/wp\/v2\/types\/post"}],"author":[{"embeddable":true,"href":"https:\/\/blogs.deia.eus\/anasagasti\/wp-json\/wp\/v2\/users\/19"}],"replies":[{"embeddable":true,"href":"https:\/\/blogs.deia.eus\/anasagasti\/wp-json\/wp\/v2\/comments?post=5612"}],"version-history":[{"count":2,"href":"https:\/\/blogs.deia.eus\/anasagasti\/wp-json\/wp\/v2\/posts\/5612\/revisions"}],"predecessor-version":[{"id":5626,"href":"https:\/\/blogs.deia.eus\/anasagasti\/wp-json\/wp\/v2\/posts\/5612\/revisions\/5626"}],"wp:attachment":[{"href":"https:\/\/blogs.deia.eus\/anasagasti\/wp-json\/wp\/v2\/media?parent=5612"}],"wp:term":[{"taxonomy":"category","embeddable":true,"href":"https:\/\/blogs.deia.eus\/anasagasti\/wp-json\/wp\/v2\/categories?post=5612"},{"taxonomy":"post_tag","embeddable":true,"href":"https:\/\/blogs.deia.eus\/anasagasti\/wp-json\/wp\/v2\/tags?post=5612"}],"curies":[{"name":"wp","href":"https:\/\/api.w.org\/{rel}","templated":true}]}}