{"id":5628,"date":"2014-10-26T21:08:06","date_gmt":"2014-10-26T19:08:06","guid":{"rendered":"http:\/\/blogs.deia.com\/anasagasti\/?p=5628"},"modified":"2014-10-26T21:08:06","modified_gmt":"2014-10-26T19:08:06","slug":"garcia-margallo-esta-obsesionado-por-la-unidad-territorial-libia","status":"publish","type":"post","link":"https:\/\/blogs.deia.eus\/anasagasti\/2014\/10\/26\/garcia-margallo-esta-obsesionado-por-la-unidad-territorial-libia\/","title":{"rendered":"Garc\u00eda Margallo est\u00e1 obsesionado por la Unidad Territorial Libia"},"content":{"rendered":"<p><strong><strong>Domingo 26 de octubre de\u00a0 2014<\/strong><\/strong> <a href=\"http:\/\/blogs.deia.com\/anasagasti\/files\/2014\/10\/Margallo.jpg\"><img loading=\"lazy\" decoding=\"async\" class=\"alignleft size-full wp-image-5629\" src=\"http:\/\/blogs.deia.com\/anasagasti\/files\/2014\/10\/Margallo.jpg\" alt=\"Margallo\" width=\"300\" height=\"168\" \/><\/a>El pasado jueves compareci\u00f3 en la Comisi\u00f3n de Asuntos Exteriores el ministro Garc\u00eda Margallo. Nos ven\u00eda a hablar de Siria, Irak, Medio Oriente y Libia. \u00c9ste fue el careo que mantuve con \u00e9l. El se\u00f1or ANASAGASTI OLABEAGA: Muchas gracias, se\u00f1or presidente. Muchas felicidades, senador Camacho, por esa vicepresidencia segunda. Esperamos que le d\u00e9 un poco m\u00e1s de vida a esta comisi\u00f3n, que queda un poco lejana de los amores y desvelos del Ministerio de Asuntos Exteriores espa\u00f1ol. Tiene todo su cari\u00f1o puesto en la Comisi\u00f3n de Asuntos Exteriores del Congreso, a veces no d\u00e1ndose cuenta de que la capacidad de control que tiene la Comisi\u00f3n de Asuntos Exteriores del Senado es la misma que la que tiene el Congreso. Por lo tanto, le animamos a que haga ese trabajo. No dudo que tambi\u00e9n el presidente de la comisi\u00f3n, don Alejandro Mu\u00f1oz\u2212Alonso, lo hace, lo que pasa es que es del mismo partido que el ministro, y la verdad es que los resultados han sido relativamente peque\u00f1os. Antes de comenzar mi intervenci\u00f3n, se\u00f1or ministro, quiero hacer una salvedad. Ayer intervino aqu\u00ed, en la Comisi\u00f3n de Asuntos Iberoamericanos que existe en el Senado, el exministro Carlos Solchaga. Dijo cosas muy interesantes sobre la situaci\u00f3n de Am\u00e9rica, y le invito a que lea el Diario de Sesiones para que vea lo que dice sobre la marca Espa\u00f1a; se lo recomiendo, simplemente, por curiosidad intelectual, no por nada m\u00e1s. Usted ha hecho una exposici\u00f3n y nos ha dado una serie de datos que nosotros no podemos poner en cuesti\u00f3n porque est\u00e1n ah\u00ed y son claros, pero s\u00ed podemos hacer alguna reflexi\u00f3n desde el punto de vista pol\u00edtico. Se habla de los hechos que est\u00e1n ocurriendo, en Siria, Irak, Ir\u00e1n, Libia, en Medio Oriente, en Gaza, y habr\u00eda que hacer mucho hincapi\u00e9 en por qu\u00e9 se han producido todos estos acontecimientos, en las responsabilidades de la Uni\u00f3n Europea, con su dejaci\u00f3n pol\u00edtica en una pol\u00edtica exterior, y, sobre todo, en el hecho de que en la legislatura que ha finalizado hemos tenido a la se\u00f1ora Catherine Ashton como Alta Comisionada de la Pol\u00edtica Exterior porque, a pesar de que en la Comisi\u00f3n Mixta Congreso Senado para la Uni\u00f3n Europea celebrada ayer el secretario de Estado la elogi\u00f3, nosotros creemos que su trabajo ha sido de una total ineptitud y confiamos que esta situaci\u00f3n mejore con la nueva comisaria; indudablemente, hay una cara europea, por ejemplo, en los informativos solo vemos lo que hacen los Estados Unidos en el conflicto del Medio Oriente, en Gaza, Israel, pero tambi\u00e9n Europa est\u00e1 muy presente, tiene un protagonismo importante y recibe muchas ayudas; sin embargo, ni con Tony Blair ni con nadie se puede capitalizar todo lo que est\u00e1 ocurriendo. Usted mejor que nadie sabe que este tipo de cosas tiene mucha importancia desde el punto de vista del trabajo que despu\u00e9s se puede recoger. Como usted ha dicho, se van a enviar tropas a Irak para adiestramiento, y nos parece correcto, pero quiero recordarle \u2013quiz\u00e1 no sea su cometido\u2212 que el ministro de Defensa, se\u00f1or Moren\u00e9s, ha comparecido en la Comisi\u00f3n de Defensa del Congreso pero no lo ha hecho en el Senado. El presidente de esta comisi\u00f3n sabe c\u00f3mo fue aquello, fue un planteamiento del ex ministro Bono, pero paliando aquello el ministro de la Presidencia, don Ram\u00f3n Jauregui, compareci\u00f3 en la Junta de Portavoces para dar cuenta de lo que se estaba haciendo y para que el Senado no fuera excluido de algo que tiene importancia y de lo que usted ha informado, y si usted informa ser\u00e1 por algo. El otro d\u00eda estuvimos en el Palacio de Viana, donde nos entreg\u00f3 el Plan de acci\u00f3n exterior del Ministerio de Defensa y sus colaboradores nos entregaron tambi\u00e9n un folleto suyo que se titula: Medidas sobre el futuro de Europa; no es el libro de Mao ni de Martin Luther King, pero me llam\u00f3 la atenci\u00f3n una reflexi\u00f3n suya: incluir en el \u00e1mbito de la pol\u00edtica exterior m\u00e1s decisiones por mayor\u00eda de la Uni\u00f3n Europea o al menos evitar que un solo Estado miembro pueda obstruir iniciativas y desarrollar m\u00e1s ampliamente en este marco el concepto de abstenci\u00f3n constitucional. Y me gustar\u00eda saber si el Gobierno espa\u00f1ol, y usted mismo, estar\u00eda dispuesto a asumir ese tipo de iniciativas porque ha hablado del reconocimiento del Estado de Israel y de lo que ha ocurrido en el Parlamento de Westminster de alguna manera lo ha condicionado a lo que diga el se\u00f1or Cameron; sin embargo, recuerdo que incluso el propio Rey Juan Carlos habl\u00f3 del reconocimiento de Palestina en la Knset israel\u00ed\u00a0 hace much\u00edsimo tiempo y que el se\u00f1or Aznar, en unas navidades con el se\u00f1or Arafat, tambi\u00e9n lo solicit\u00f3, y nos gustar\u00eda que usted fuera mucho m\u00e1s categ\u00f3rico a este respecto y se pudiera conciliar las demandas palestinas con las necesidades de fronteras seguras de Israel. Son dos caras de una misma moneda. Cuando \u00e9ramos los dos j\u00f3venes e indocumentados, como dec\u00eda Garc\u00eda M\u00e1rquez, repet\u00eda usted mucho esta frase: \u00abEl que tiene el poder y no lo ejerce, que no se queje\u00bb. Nosotros propiciamos el reconocimiento del Estado palestino cuanto antes y nos gustar\u00eda que para el Gobierno espa\u00f1ol fuera una asignatura no pendiente sino ejerciente para que ese reconocimiento pudiera evitar todo lo que usted ha relatado; indudablemente, ha sido catastr\u00f3fico todo lo que ha ocurrido, y que seguir\u00e1 existiendo, mientras no se produzca la coexistencia de esos dos Estados. No me quiero alargar m\u00e1s porque, como he dicho anteriormente, estamos de acuerdo con usted. Y, en relaci\u00f3n con Libia, tengo entendido que estuvo usted ayer en una conferencia en el Casino de Madrid con el se\u00f1or Enrique Bar\u00f3n hablando del federalismo, y me ha extra\u00f1ado su silencio, porque usted sabe mejor que nadie que existi\u00f3 en Libia un rey que se llamaba Idris, que hubo un golpe de estado en 1969 por el coronel Muamar el Gadafi, por lo que la monarqu\u00eda libia se fue al exilio, y este rey Idris hablaba de la monarqu\u00eda federal. A usted, que es tan mon\u00e1rquico, no s\u00e9 si le parecer\u00e1 bien la instauraci\u00f3n de una monarqu\u00eda en Libia; a nosotros no, a nosotros nos parecer\u00eda mejor que ese pa\u00eds cortado a tiral\u00edneas, hecho por las potencias coloniales dominantes de la \u00e9poca, respondiera a los intereses de sus ciudadanos. Estamos ante dos Estados en uno, creados artificialmente en un momento determinado, y usted ha hecho mucho hincapi\u00e9 en la integridad territorial, que es una de sus grandes obsesiones. Nosotros pensamos que se deber\u00eda hacer real lo que es real no al nivel de calle sino de un pa\u00eds que en este momento est\u00e1 sufriendo una situaci\u00f3n de enfrentamiento no solo por la existencia de tribus y de dos pa\u00edses en uno, y fundamentalmente porque esa realidad no se resolver\u00eda con los criterios de la Uni\u00f3n Europea, que dice que debe haber un pa\u00eds solo; si Bengasi y Tr\u00edpoli no quieren convivir, pues que no lo hagan, simplemente, pero veo que ustedes no han planteado ese asunto y est\u00e1n muy obsesionados por la integridad territorial. Muchas gracias, se\u00f1or presidente. El se\u00f1or MINISTRO DE ASUNTOS EXTERIORES Y DE COOPERACI\u00d3N (Garc\u00eda-Margallo Marfil): Gracias, se\u00f1or presidente. Se lo digo siempre que comparezco, se\u00f1or Anasagasti, yo tambi\u00e9n le echo de menos. Por eso, he intentado comparecer, como ha recordado el portavoz del Partido Popular en dos ocasiones, en diciembre y en julio, en que me qued\u00e9 compuesto y sin novia. Siento no haberles visto a ustedes y sobre todo no haberle visto a usted. Mi amor es absolutamente compartido entre el Senado y el Congreso. \u201cTengo el coraz\u00f3n part\u00edo\u201d, como dice la canci\u00f3n. He tomado nota de los amables comentarios que ha dedicado usted a la se\u00f1ora Ashton, amables comentarios que yo no comparto. Entre otras cosas, ha puesto en marcha el Servicio Europeo de Acci\u00f3n Exterior y cr\u00e9ame que no es una tarea f\u00e1cil liderar e intentar llegar a consensos con 28 ministros de asuntos exteriores de pa\u00edses distintos, de partidos diferentes y que no deben su nombramiento y su cese a la alta representantes, que as\u00ed se llama. En cuanto a Palestina, vuelvo a reiterar, Espa\u00f1a apuesta por la soluci\u00f3n de los dos estados, entre otras cosas porque la soluci\u00f3n alternativa, un estado binacional, es una soluci\u00f3n mala para los israel\u00edes y los palestinos. La f\u00f3rmula se resuelve en un Israel seguro en una Palestina viable. El tercer punto es que la consecuci\u00f3n de este objetivo, llegar a los dos estados, debe ser fruto de la negociaci\u00f3n entre las dos partes, sin perjuicio del reconocimiento por los pa\u00edses que todav\u00eda no lo han hecho del Estado de Israel. El desistimiento, como fue la retirada unilateral de Gaza, no es soluci\u00f3n, como acabamos de ver. Hay muchas cosas que negociar: las fronteras sobre las l\u00edneas de 1967, el Estatuto de Jerusal\u00e9n, el derecho de los refugiados, el agua y sobre todo la creaci\u00f3n de una zona de libre comercio y de desarrollo mutuo de las dos partes, de Israel y Palestina, esfuerzo que deber\u00eda ser acompa\u00f1ado por una especie de Plan Marshall de la comunidad internacional, en que la Uni\u00f3n Europea tenga un protagonismo especial. Como mon\u00e1rquico, me ha emocionado su recuerdo emocionado al rey Idris. No s\u00e9 si usted se propone formar parte de las juventudes mon\u00e1rquicas libias en estos a\u00f1os ya de madurez y que hemos compartido tanto tiempo. En todo caso, yo no formo parte de esas juventudes mon\u00e1rquicas. En relaci\u00f3n con la integridad territorial, estamos muy c\u00f3modos porque la comparten, sin excepci\u00f3n, 193 pa\u00edses de Naciones Unidas, es decir, todos. La integridad territorial la hemos mantenido cuando se ha hablado de Siria, de Libia, de Irak, de Georgia, de Crimea, de Lugansk, de Donetsk. En definitiva, la integridad territorial que est\u00e1 consagrada en Helsinki es uno de los pilares en los que se sustenta la estabilidad mundial, la convivencia y la paz y por eso cualquier intento de romper esa integridad territorial goza de pocas simpat\u00edas en la Asamblea de Naciones Unida. Que se defienda la integridad territorial no quiere decir que no se considere la posibilidad de un estado federal en Libia. No es incompatible, lo importante es la integridad y la indivisibilidad del territorio all\u00ed y en todas partes.<\/p>\n<!-- AddThis Advanced Settings generic via filter on the_content --><!-- AddThis Share Buttons generic via filter on the_content -->","protected":false},"excerpt":{"rendered":"<p>Domingo 26 de octubre de\u00a0 2014 El pasado jueves compareci\u00f3 en la Comisi\u00f3n de Asuntos Exteriores el ministro Garc\u00eda Margallo. Nos ven\u00eda a hablar de Siria, Irak, Medio Oriente y Libia. \u00c9ste fue el careo que mantuve con \u00e9l. El se\u00f1or ANASAGASTI OLABEAGA: Muchas gracias, se\u00f1or presidente. Muchas felicidades, senador Camacho, por esa vicepresidencia segunda. &hellip; <a href=\"https:\/\/blogs.deia.eus\/anasagasti\/2014\/10\/26\/garcia-margallo-esta-obsesionado-por-la-unidad-territorial-libia\/\" class=\"more-link\">Sigue leyendo <span class=\"screen-reader-text\">Garc\u00eda Margallo est\u00e1 obsesionado por la Unidad Territorial Libia<\/span><\/a><!-- AddThis Advanced Settings generic via filter on get_the_excerpt --><!-- AddThis Share Buttons generic via filter on get_the_excerpt --><\/p>\n","protected":false},"author":19,"featured_media":0,"comment_status":"open","ping_status":"open","sticky":false,"template":"","format":"standard","meta":{"footnotes":""},"categories":[1],"tags":[],"class_list":["post-5628","post","type-post","status-publish","format-standard","hentry","category-general"],"_links":{"self":[{"href":"https:\/\/blogs.deia.eus\/anasagasti\/wp-json\/wp\/v2\/posts\/5628","targetHints":{"allow":["GET"]}}],"collection":[{"href":"https:\/\/blogs.deia.eus\/anasagasti\/wp-json\/wp\/v2\/posts"}],"about":[{"href":"https:\/\/blogs.deia.eus\/anasagasti\/wp-json\/wp\/v2\/types\/post"}],"author":[{"embeddable":true,"href":"https:\/\/blogs.deia.eus\/anasagasti\/wp-json\/wp\/v2\/users\/19"}],"replies":[{"embeddable":true,"href":"https:\/\/blogs.deia.eus\/anasagasti\/wp-json\/wp\/v2\/comments?post=5628"}],"version-history":[{"count":2,"href":"https:\/\/blogs.deia.eus\/anasagasti\/wp-json\/wp\/v2\/posts\/5628\/revisions"}],"predecessor-version":[{"id":5631,"href":"https:\/\/blogs.deia.eus\/anasagasti\/wp-json\/wp\/v2\/posts\/5628\/revisions\/5631"}],"wp:attachment":[{"href":"https:\/\/blogs.deia.eus\/anasagasti\/wp-json\/wp\/v2\/media?parent=5628"}],"wp:term":[{"taxonomy":"category","embeddable":true,"href":"https:\/\/blogs.deia.eus\/anasagasti\/wp-json\/wp\/v2\/categories?post=5628"},{"taxonomy":"post_tag","embeddable":true,"href":"https:\/\/blogs.deia.eus\/anasagasti\/wp-json\/wp\/v2\/tags?post=5628"}],"curies":[{"name":"wp","href":"https:\/\/api.w.org\/{rel}","templated":true}]}}