{"id":5633,"date":"2014-10-27T21:20:18","date_gmt":"2014-10-27T19:20:18","guid":{"rendered":"http:\/\/blogs.deia.com\/anasagasti\/?p=5633"},"modified":"2014-10-27T21:20:18","modified_gmt":"2014-10-27T19:20:18","slug":"en-valencia-en-el-aplec-del-bloc","status":"publish","type":"post","link":"https:\/\/blogs.deia.eus\/anasagasti\/2014\/10\/27\/en-valencia-en-el-aplec-del-bloc\/","title":{"rendered":"En Valencia, en el Aplec del Bloc"},"content":{"rendered":"<p><strong><strong><a href=\"http:\/\/blogs.deia.com\/anasagasti\/files\/2014\/10\/20141026_134638.jpg\"><img loading=\"lazy\" decoding=\"async\" class=\"alignleft size-large wp-image-5635\" src=\"http:\/\/blogs.deia.com\/anasagasti\/files\/2014\/10\/20141026_134638-940x705.jpg\" alt=\"20141026_134638\" width=\"580\" height=\"435\" srcset=\"https:\/\/blogs.deia.eus\/anasagasti\/files\/2014\/10\/20141026_134638-940x705.jpg 940w, https:\/\/blogs.deia.eus\/anasagasti\/files\/2014\/10\/20141026_134638-580x435.jpg 580w, https:\/\/blogs.deia.eus\/anasagasti\/files\/2014\/10\/20141026_134638.jpg 1024w\" sizes=\"auto, (max-width: 580px) 100vw, 580px\" \/><\/a>Lunes 27 de octubre de 2014<\/strong><\/strong><\/p>\n<p>Estuve s\u00e1bado y domingo en Valencia. Hab\u00edan invitado al PNV al 37 Aplec, la fiesta anual del Bloc Valenci\u00e1. Recuerdan anualmente \u00a0como el rey\u00a0\u00a0Jaume el\u00a0 Conqueror (Jaime el Conquistador) hab\u00eda decidido tomar Valencia desde El Puig donde hay una inmensa fortaleza convento. Y el Bloc recuerda esta efem\u00e9rides con una marcha que sale de Valencia y llega al Puig a unos veinte kil\u00f3metros de la capital. Yo hab\u00eda estado en una fiesta parecida en el 2008.<\/p>\n<p>El Aplec es una especie de Alderdi Eguna con casetas, juego para ni\u00f1os, cuenta cuentos, una paella gigante, comida popular y mitin pol\u00edtico con entrega de reconocimientos a entidades que trabajan por la educaci\u00f3n, la sanidad, la valencianidad.<\/p>\n<p>Estuvo Jon I\u00f1arritu, diputado de Amaiur, Andr\u00e9\u00a0 del BNG y el portavoz de la Diputaci\u00f3n de Barcelona, de Convergencia que lleg\u00f3 el mismo d\u00eda. Hac\u00eda un sol de justicia que animaba un ambiente muy familiar y reivindicativo.<\/p>\n<p>Estuvimos muy atendidos por el presidente del Bloc Josep Mar\u00eda Pa\u00f1ella, por su secretario general Enric Morera, por su secretaria de organizaci\u00f3n Agueda Mic\u00f3 y por el secretario de Relaciones Pol\u00edticas Natxo Bellido. Y saludamos a much\u00edsima gente muy amable y simp\u00e1tica con quien nos sacamos casi un mill\u00f3n de fotos.<\/p>\n<p>El mitin ten\u00eda el mensaje de ir sumando organizaciones para la plataforma donde est\u00e1 el Bloc que se llama Compromis y que tiene muy buenas expectativas electorales. De hecho tienen\u00a0 384 concejales con posibilidad de lograr el ayuntamiento de Valencia. Tienen asimismo un diputado, Joan Baldovi y un eurodiputado.<\/p>\n<p>Ante la crisis del PP y del PSOE y el cansancio de la sociedad valenciana harta de tanta corrupci\u00f3n y de tanta manipulaci\u00f3n y dejaci\u00f3n de lo valenciano\u00a0 trabajan\u00a0 como hormigas\u00a0 para las elecciones\u00a0 de mayo\u00a0 con grandes\u00a0 expectativas.<\/p>\n<p>Nosotros lo deseamos fervientemente..<\/p>\n<p><a href=\"http:\/\/blogs.deia.com\/anasagasti\/files\/2014\/10\/20141026_1520171.jpg\"><img loading=\"lazy\" decoding=\"async\" class=\"alignleft size-large wp-image-5637\" src=\"http:\/\/blogs.deia.com\/anasagasti\/files\/2014\/10\/20141026_1520171-940x705.jpg\" alt=\"20141026_152017\" width=\"580\" height=\"435\" srcset=\"https:\/\/blogs.deia.eus\/anasagasti\/files\/2014\/10\/20141026_1520171-940x705.jpg 940w, https:\/\/blogs.deia.eus\/anasagasti\/files\/2014\/10\/20141026_1520171-580x435.jpg 580w, https:\/\/blogs.deia.eus\/anasagasti\/files\/2014\/10\/20141026_1520171.jpg 1024w\" sizes=\"auto, (max-width: 580px) 100vw, 580px\" \/><\/a><\/p>\n<p>&nbsp;<\/p>\n<!-- AddThis Advanced Settings generic via filter on the_content --><!-- AddThis Share Buttons generic via filter on the_content -->","protected":false},"excerpt":{"rendered":"<p>Lunes 27 de octubre de 2014 Estuve s\u00e1bado y domingo en Valencia. Hab\u00edan invitado al PNV al 37 Aplec, la fiesta anual del Bloc Valenci\u00e1. Recuerdan anualmente \u00a0como el rey\u00a0\u00a0Jaume el\u00a0 Conqueror (Jaime el Conquistador) hab\u00eda decidido tomar Valencia desde El Puig donde hay una inmensa fortaleza convento. Y el Bloc recuerda esta efem\u00e9rides con &hellip; <a href=\"https:\/\/blogs.deia.eus\/anasagasti\/2014\/10\/27\/en-valencia-en-el-aplec-del-bloc\/\" class=\"more-link\">Sigue leyendo <span class=\"screen-reader-text\">En Valencia, en el Aplec del Bloc<\/span><\/a><!-- AddThis Advanced Settings generic via filter on get_the_excerpt --><!-- AddThis Share Buttons generic via filter on get_the_excerpt --><\/p>\n","protected":false},"author":19,"featured_media":0,"comment_status":"open","ping_status":"open","sticky":false,"template":"","format":"standard","meta":{"footnotes":""},"categories":[1],"tags":[],"class_list":["post-5633","post","type-post","status-publish","format-standard","hentry","category-general"],"_links":{"self":[{"href":"https:\/\/blogs.deia.eus\/anasagasti\/wp-json\/wp\/v2\/posts\/5633","targetHints":{"allow":["GET"]}}],"collection":[{"href":"https:\/\/blogs.deia.eus\/anasagasti\/wp-json\/wp\/v2\/posts"}],"about":[{"href":"https:\/\/blogs.deia.eus\/anasagasti\/wp-json\/wp\/v2\/types\/post"}],"author":[{"embeddable":true,"href":"https:\/\/blogs.deia.eus\/anasagasti\/wp-json\/wp\/v2\/users\/19"}],"replies":[{"embeddable":true,"href":"https:\/\/blogs.deia.eus\/anasagasti\/wp-json\/wp\/v2\/comments?post=5633"}],"version-history":[{"count":2,"href":"https:\/\/blogs.deia.eus\/anasagasti\/wp-json\/wp\/v2\/posts\/5633\/revisions"}],"predecessor-version":[{"id":5638,"href":"https:\/\/blogs.deia.eus\/anasagasti\/wp-json\/wp\/v2\/posts\/5633\/revisions\/5638"}],"wp:attachment":[{"href":"https:\/\/blogs.deia.eus\/anasagasti\/wp-json\/wp\/v2\/media?parent=5633"}],"wp:term":[{"taxonomy":"category","embeddable":true,"href":"https:\/\/blogs.deia.eus\/anasagasti\/wp-json\/wp\/v2\/categories?post=5633"},{"taxonomy":"post_tag","embeddable":true,"href":"https:\/\/blogs.deia.eus\/anasagasti\/wp-json\/wp\/v2\/tags?post=5633"}],"curies":[{"name":"wp","href":"https:\/\/api.w.org\/{rel}","templated":true}]}}