{"id":5639,"date":"2014-10-28T22:08:19","date_gmt":"2014-10-28T20:08:19","guid":{"rendered":"http:\/\/blogs.deia.com\/anasagasti\/?p=5639"},"modified":"2014-10-28T22:08:19","modified_gmt":"2014-10-28T20:08:19","slug":"lo-importante-es-la-victoria-del-real-madrid-ante-el-barca","status":"publish","type":"post","link":"https:\/\/blogs.deia.eus\/anasagasti\/2014\/10\/28\/lo-importante-es-la-victoria-del-real-madrid-ante-el-barca\/","title":{"rendered":"Lo importante es la victoria del Real Madrid ante el Bar\u00e7a"},"content":{"rendered":"<p><strong><strong>Martes 28 de octubre de 2014<\/strong><\/strong><\/p>\n<p><a href=\"http:\/\/blogs.deia.com\/anasagasti\/files\/2014\/10\/1229.14.jpg\"><img loading=\"lazy\" decoding=\"async\" class=\"alignleft size-full wp-image-5640\" src=\"http:\/\/blogs.deia.com\/anasagasti\/files\/2014\/10\/1229.14.jpg\" alt=\"1229.14\" width=\"400\" height=\"222\" \/><\/a>Desde el s\u00e1bado, la noticia m\u00e1s importante de la semana no ha sido la redada de 51 sospechosos de robo del PP y del alcalde de Parla, \u00e9ste del PSOE, sino la victoria del Real Madrid contra el Bar\u00e7a. Estamos pues como en los tiempos de Franco que ten\u00eda un equipo del r\u00e9gimen<\/p>\n<p>Con un equipo representativo de la dictadura que vence, no a la \u00abp\u00e9rfida albi\u00f3n\u00bb, sino a la insumisa Barcelona. Y as\u00ed nos va, y as\u00ed les va. Premios, comentarios desmesurados, orgullo patrio en vena\u00a0 insuflado por un equipo lleno de extranjeros, contratos millonarios, empresarios futboleros que deben visitar a los jueces y enaltecimiento hasta cimas incre\u00edbles del f\u00fatbol como una de las bellas artes. Dec\u00eda uno que si Espa\u00f1a tratara a sus cient\u00edficos como trata sus futbolistas, otro gallo le cantar\u00eda.<\/p>\n<p>Y es que el Madrid pol\u00edtico no da m\u00e1s de s\u00ed.<\/p>\n<p>Llegaba el domingo del Aplec de Valencia y puse en el hotel la televisi\u00f3n. Como andaban con la sintonizaci\u00f3n de las antenas eran pocos los canales que pod\u00edan verse y en uno de ellos, Intereconom\u00eda, un panel exaltaba las virtudes de Franco a cuenta de un libro prescindible escrito por dos grandes dem\u00f3cratas, P\u00edo Moa y Stanley Payne.<\/p>\n<p>La mesa inmoderada por Javier Algarra parec\u00eda la delantera del Real Madrid del facher\u00edo. Jose Javier Esparza, P\u00edo Moa, Eduardo Garc\u00eda Serrano, Fernando Paz y Jes\u00fas Palacio.<\/p>\n<p>Aquello fue, de principio a fin, pura apolog\u00eda del terrorismo de estado.<\/p>\n<p>Franco era un dem\u00f3crata que se hab\u00eda sublevado para implantar la democracia. Los bombardeos no hab\u00edan sido tan feroces como en la segunda guerra mundial, el de Gernika una bagatela, \u00abhaga como yo, no se meta en pol\u00edtica\u00bb, Franco no quer\u00eda la guerra y antes se hab\u00eda portado muy bien en Asturias y de represi\u00f3n, nada, las cifras de muertos no fueron tantas&#8230; Y todo as\u00ed. Y nadie para poner el m\u00ednimo contrapunto. De vomitar.<\/p>\n<p>Y lo peor fue que a medida que iban hablando se iban animando y diciendo a cada cual una burrada mayor. Sin ninguna contenci\u00f3n y sin el menor atisbo de humanidad.<\/p>\n<p>Solo s\u00e9 que un programa as\u00ed en Alemania hubiera tenido como consecuencia que al t\u00e9rmino del mismo, la polic\u00eda les hubiera esperado en las puertas de la televisi\u00f3n al panel de franquistas y les hubiera llevado a la sombra.<\/p>\n<p>Pero aqu\u00ed no pasa nada, porque lo importante ha sido la victoria del Real Madrid contra el Barcelona.<\/p>\n<p>&nbsp;<\/p>\n<!-- AddThis Advanced Settings generic via filter on the_content --><!-- AddThis Share Buttons generic via filter on the_content -->","protected":false},"excerpt":{"rendered":"<p>Martes 28 de octubre de 2014 Desde el s\u00e1bado, la noticia m\u00e1s importante de la semana no ha sido la redada de 51 sospechosos de robo del PP y del alcalde de Parla, \u00e9ste del PSOE, sino la victoria del Real Madrid contra el Bar\u00e7a. Estamos pues como en los tiempos de Franco que ten\u00eda &hellip; <a href=\"https:\/\/blogs.deia.eus\/anasagasti\/2014\/10\/28\/lo-importante-es-la-victoria-del-real-madrid-ante-el-barca\/\" class=\"more-link\">Sigue leyendo <span class=\"screen-reader-text\">Lo importante es la victoria del Real Madrid ante el Bar\u00e7a<\/span><\/a><!-- AddThis Advanced Settings generic via filter on get_the_excerpt --><!-- AddThis Share Buttons generic via filter on get_the_excerpt --><\/p>\n","protected":false},"author":19,"featured_media":0,"comment_status":"open","ping_status":"open","sticky":false,"template":"","format":"standard","meta":{"footnotes":""},"categories":[1],"tags":[],"class_list":["post-5639","post","type-post","status-publish","format-standard","hentry","category-general"],"_links":{"self":[{"href":"https:\/\/blogs.deia.eus\/anasagasti\/wp-json\/wp\/v2\/posts\/5639","targetHints":{"allow":["GET"]}}],"collection":[{"href":"https:\/\/blogs.deia.eus\/anasagasti\/wp-json\/wp\/v2\/posts"}],"about":[{"href":"https:\/\/blogs.deia.eus\/anasagasti\/wp-json\/wp\/v2\/types\/post"}],"author":[{"embeddable":true,"href":"https:\/\/blogs.deia.eus\/anasagasti\/wp-json\/wp\/v2\/users\/19"}],"replies":[{"embeddable":true,"href":"https:\/\/blogs.deia.eus\/anasagasti\/wp-json\/wp\/v2\/comments?post=5639"}],"version-history":[{"count":1,"href":"https:\/\/blogs.deia.eus\/anasagasti\/wp-json\/wp\/v2\/posts\/5639\/revisions"}],"predecessor-version":[{"id":5641,"href":"https:\/\/blogs.deia.eus\/anasagasti\/wp-json\/wp\/v2\/posts\/5639\/revisions\/5641"}],"wp:attachment":[{"href":"https:\/\/blogs.deia.eus\/anasagasti\/wp-json\/wp\/v2\/media?parent=5639"}],"wp:term":[{"taxonomy":"category","embeddable":true,"href":"https:\/\/blogs.deia.eus\/anasagasti\/wp-json\/wp\/v2\/categories?post=5639"},{"taxonomy":"post_tag","embeddable":true,"href":"https:\/\/blogs.deia.eus\/anasagasti\/wp-json\/wp\/v2\/tags?post=5639"}],"curies":[{"name":"wp","href":"https:\/\/api.w.org\/{rel}","templated":true}]}}