{"id":5642,"date":"2014-10-29T21:06:39","date_gmt":"2014-10-29T19:06:39","guid":{"rendered":"http:\/\/blogs.deia.com\/anasagasti\/?p=5642"},"modified":"2014-10-29T21:06:39","modified_gmt":"2014-10-29T19:06:39","slug":"el-recuerdo-de-hodei-egiluz-en-el-senado","status":"publish","type":"post","link":"https:\/\/blogs.deia.eus\/anasagasti\/2014\/10\/29\/el-recuerdo-de-hodei-egiluz-en-el-senado\/","title":{"rendered":"El recuerdo de Hodei Egiluz en el Senado"},"content":{"rendered":"<p><strong><strong>Martes 28 de octubre de 2014<\/strong><\/strong><\/p>\n<p><a href=\"http:\/\/blogs.deia.com\/anasagasti\/files\/2014\/10\/Hodey.png\"><img loading=\"lazy\" decoding=\"async\" class=\"alignleft size-full wp-image-5643\" src=\"http:\/\/blogs.deia.com\/anasagasti\/files\/2014\/10\/Hodey.png\" alt=\"Hodey\" width=\"188\" height=\"268\" \/><\/a>Hoy martes hemos recibido en el Senado al aita de Hodei Egiluz y al alcalde de Galdakao, Ibon Uribe. Les hemos ense\u00f1ado el palacio e invitado a almorzar. A las cuatro, el presidente del Senado ha le\u00eddo la declaraci\u00f3n institucional aprobada hoy mismo por unanimidad en la Junta de Portavoces. Toda la C\u00e1mara ha aplaudido largamente el texto y al aita de Hodei que estaba en la tribuna. Este martes era un d\u00eda de alta tensi\u00f3n pol\u00edtica y el hemiciclo y los pasillos estaban llenos hasta los topes.<\/p>\n<p>Tras \u00e9sto, Rajoy ha contestado tres preguntas. La de Mar\u00eda Chivite del PSOE sobre desigualdad, la del senador Enrique Iglesias de IU sobre Melilla, y la\u00a0 del ex president\u00a0 Jos\u00e9 Montilla, sobre Catalunya. Ha sido un\u00a0 debate bronco, rico e intenso que nuestros invitados han seguido con mucho inter\u00e9s.<\/p>\n<p><a href=\"http:\/\/blogs.deia.com\/anasagasti\/files\/2014\/10\/hodei-egiluz-rajoy_31140_1.jpg\"><img loading=\"lazy\" decoding=\"async\" class=\"alignleft size-large wp-image-5647\" src=\"http:\/\/blogs.deia.com\/anasagasti\/files\/2014\/10\/hodei-egiluz-rajoy_31140_1.jpg\" alt=\"hodei-egiluz-rajoy_31140_1\" width=\"580\" height=\"323\" srcset=\"https:\/\/blogs.deia.eus\/anasagasti\/files\/2014\/10\/hodei-egiluz-rajoy_31140_1.jpg 614w, https:\/\/blogs.deia.eus\/anasagasti\/files\/2014\/10\/hodei-egiluz-rajoy_31140_1-580x323.jpg 580w\" sizes=\"auto, (max-width: 580px) 100vw, 580px\" \/><\/a>Posteriormente, Rajoy ha ido al despacho del presidente del senado P\u00edo Garc\u00eda Escudero donde ha recibido, acompa\u00f1ado del ministro del Interior Jorge Fern\u00e1ndez, al aita de Hodei, Pablo Egiluz,\u00a0y al alcalde. M\u00e1s de una hora de relajada conversaci\u00f3n donde Rajoy, como presidente y como padre se ha volcado en atenci\u00f3n y en \u00a0promesas de ayuda a la familia. El aita de Hodei ha quedado positivamente impresionado por la conversaci\u00f3n.<\/p>\n<p>Al salir de all\u00ed la siguiente reuni\u00f3n ha sido en una sala especial donde han estado todos los portavoces parlamentarios: Mar\u00eda Chivite, Jose Manuel Barreiro, Josep Lluis Cleries, Juan Moscoso, Rafa Bruguera, Rut Mart\u00ednez y quien \u00e9sto escribe.<\/p>\n<p>El aita de Hodei, l\u00f3gicamente se\u00a0 ha emocionado cont\u00e1ndonos la entrevista y relat\u00e1ndonos el a\u00f1o que lleva luchando por encontrar a su hijo. Nos ha dado un dato escalofriante: son diez mil los desaparecidos en Europa cada a\u00f1o y 35 en Euzkadi. Y sin embargo no hay la menor coordinaci\u00f3n policial.<\/p>\n<p>Todos los portavoces se han volcado en su deseo de encontrar a Hodei y tras la reuni\u00f3n el aita de Hodei, Pablo, ha concedido entrevistas a los medios all\u00ed presentes. Pasaban por all\u00ed Alicia S\u00e1nchez Camacho que ha estado muy cari\u00f1osa y Tontxu Rodr\u00edguez, el ex alcalde de\u00a0 Barakaldo que le han deseado lo mejor.<\/p>\n<p>Ha sido una jornada intensa de trabajo y emociones y la presencia en el Senado se debe a que en esta C\u00e1mara hubo una ponencia sobre desaparecidos y unas jornadas en Arrigorriaga. A ra\u00edz de \u00e9sto y de los contactos habidos, se han producido estos encuentros.<\/p>\n<p>La familia de Hodei\u00a0 ha adquirido\u00a0 amplia experiencia en\u00a0 la \u00a0b\u00fasqueda de su hijo y han ido anotando todos los fallos que han ido encontrando. Posiblemente trabajemos en completar esta ponencia. Europa en \u00e9sto sigue en pa\u00f1ales. Y diez mil personas son muchas personas, pero como no son asesinatos y se ven los cad\u00e1veres, la pol\u00edtica europea no se preocupa de ello.<\/p>\n<p>El pleno del Senado ha aprobado hoy por unanimidad una declaraci\u00f3n institucional de apoyo y solidaridad a la familia de Hodei Egiluz. El padre del joven bizkaino desaparecido hace un a\u00f1o en la ciudad belga de Amberes ha acudido a la sesi\u00f3n plenaria donde ha sido recibido por el Presidente del Gobierno, Mariano Rajoy. Pablo Egiluz tambi\u00e9n se ha reunido con los portavoces de los Grupos Pol\u00edticos con representaci\u00f3n en la C\u00e1mara Alta, que le han mostrado su apoyo, y a quienes \u00e9l ha transmitido su agradecimiento por hacerse eco de su situaci\u00f3n.<\/p>\n<p>El texto aprobado ha sido consensuado por todos los partidos con representaci\u00f3n en la C\u00e1mara Alta en la Junta de Portavoces previa a la sesi\u00f3n vespertina:<\/p>\n<p><em>\u201cHodei Egiluz D\u00edaz es un joven vasco de 23 a\u00f1os que gracias a su esfuerzo y diversos programas comunitarios adquiri\u00f3 formaci\u00f3n y experiencia y empez\u00f3 a trabajar como ingeniero inform\u00e1tico en B\u00e9lgica. El 19 de octubre del pasado a\u00f1o desapareci\u00f3 sin dejar rastro en el centro de Amberes. La polic\u00eda encontr\u00f3 su m\u00f3vil, tarjetas bancarias y documentaci\u00f3n en manos de unos delincuentes, pero no ha conseguido a\u00fan esclarecer lo ocurrido ni encontrar pistas que conduzcan a la localizaci\u00f3n del joven.<\/em><\/p>\n<p><em>Ante estos hechos, EL SENADO desea manifestar:<\/em><\/p>\n<p><em>\u2022 Su total solidaridad y empat\u00eda con la familia del joven desaparecido y su voluntad de colaborar en la medida de sus competencias y posibilidades en la localizaci\u00f3n de Hodei Egiluz D\u00edaz.<\/em><\/p>\n<p><em>\u2022 Su agradecimiento a las autoridades belgas en general y las de Amberes en particular por el esfuerzo que vienen desarrollando para aclarar lo sucedido y encontrar al joven desaparecido.<\/em><\/p>\n<p><em>\u2022 Su petici\u00f3n para que mantengan la dedicaci\u00f3n y el esfuerzo desarrollado hasta ahora y redoblen la cooperaci\u00f3n con Europol y las polic\u00edas de los pa\u00edses lim\u00edtrofes y del resto de Europa para investigar todas las pistas que aparezcan sobre el caso.<\/em><\/p>\n<p><em>\u2022 Su solicitud al reino de B\u00e9lgica y al resto de los estados miembros para que efect\u00faen una r\u00e1pida trasposici\u00f3n de la Directiva 2012\/29UE del Parlamento Europeo y del Consejo por la que se establecen normas m\u00ednimas sobre los derechos, el apoyo y la protecci\u00f3n de las v\u00edctimas de delitos, para facilitar en este y otros casos un adecuado seguimiento de los procesos penales de acuerdo con los derechos de traducci\u00f3n e informaci\u00f3n y asistencia que establece dicha normativa.<\/em><\/p>\n<p><em>\u2022 Su propuesta para que las autoridades educativas incluyan la prevenci\u00f3n de este tipo de incidentes entre las cuestiones que se incluyen en la formaci\u00f3n de las y los j\u00f3venes que participan en programas de intercambio en el extranjero.<\/em><\/p>\n<p><em>\u2022 Su reafirmaci\u00f3n en las conclusiones del Informe de la Comisi\u00f3n Especial para el Estudio de la Problem\u00e1tica de las Personas Desaparecidas sin Causa Aparente aprobado por unanimidad en el Senado en diciembre de 2013.<\/em><\/p>\n<p><em>\u2022 El Senado acuerda igualmente remitir esta declaraci\u00f3n al Ayuntamiento de Amberes, al Parlamento de Flandes, a la Presidencia y Ministerio de Interior del Gobierno de B\u00e9lgica, al Senado Federal de dicho pa\u00eds, a la Direcci\u00f3n General de la Polic\u00eda Belga, a Europol, a la comisi\u00f3n de Justicia e Interior del Parlamento Europeo\u201d.<\/em><\/p>\n<p>Palacio del Senado, a 27 de octubre de 2014<em>.<\/em><\/p>\n<p>&nbsp;<\/p>\n<!-- AddThis Advanced Settings generic via filter on the_content --><!-- AddThis Share Buttons generic via filter on the_content -->","protected":false},"excerpt":{"rendered":"<p>Martes 28 de octubre de 2014 Hoy martes hemos recibido en el Senado al aita de Hodei Egiluz y al alcalde de Galdakao, Ibon Uribe. Les hemos ense\u00f1ado el palacio e invitado a almorzar. A las cuatro, el presidente del Senado ha le\u00eddo la declaraci\u00f3n institucional aprobada hoy mismo por unanimidad en la Junta de &hellip; <a href=\"https:\/\/blogs.deia.eus\/anasagasti\/2014\/10\/29\/el-recuerdo-de-hodei-egiluz-en-el-senado\/\" class=\"more-link\">Sigue leyendo <span class=\"screen-reader-text\">El recuerdo de Hodei Egiluz en el Senado<\/span><\/a><!-- AddThis Advanced Settings generic via filter on get_the_excerpt --><!-- AddThis Share Buttons generic via filter on get_the_excerpt --><\/p>\n","protected":false},"author":19,"featured_media":0,"comment_status":"open","ping_status":"open","sticky":false,"template":"","format":"standard","meta":{"footnotes":""},"categories":[1],"tags":[],"class_list":["post-5642","post","type-post","status-publish","format-standard","hentry","category-general"],"_links":{"self":[{"href":"https:\/\/blogs.deia.eus\/anasagasti\/wp-json\/wp\/v2\/posts\/5642","targetHints":{"allow":["GET"]}}],"collection":[{"href":"https:\/\/blogs.deia.eus\/anasagasti\/wp-json\/wp\/v2\/posts"}],"about":[{"href":"https:\/\/blogs.deia.eus\/anasagasti\/wp-json\/wp\/v2\/types\/post"}],"author":[{"embeddable":true,"href":"https:\/\/blogs.deia.eus\/anasagasti\/wp-json\/wp\/v2\/users\/19"}],"replies":[{"embeddable":true,"href":"https:\/\/blogs.deia.eus\/anasagasti\/wp-json\/wp\/v2\/comments?post=5642"}],"version-history":[{"count":1,"href":"https:\/\/blogs.deia.eus\/anasagasti\/wp-json\/wp\/v2\/posts\/5642\/revisions"}],"predecessor-version":[{"id":5648,"href":"https:\/\/blogs.deia.eus\/anasagasti\/wp-json\/wp\/v2\/posts\/5642\/revisions\/5648"}],"wp:attachment":[{"href":"https:\/\/blogs.deia.eus\/anasagasti\/wp-json\/wp\/v2\/media?parent=5642"}],"wp:term":[{"taxonomy":"category","embeddable":true,"href":"https:\/\/blogs.deia.eus\/anasagasti\/wp-json\/wp\/v2\/categories?post=5642"},{"taxonomy":"post_tag","embeddable":true,"href":"https:\/\/blogs.deia.eus\/anasagasti\/wp-json\/wp\/v2\/tags?post=5642"}],"curies":[{"name":"wp","href":"https:\/\/api.w.org\/{rel}","templated":true}]}}