{"id":5649,"date":"2014-10-30T22:47:03","date_gmt":"2014-10-30T20:47:03","guid":{"rendered":"http:\/\/blogs.deia.com\/anasagasti\/?p=5649"},"modified":"2014-10-30T22:47:03","modified_gmt":"2014-10-30T20:47:03","slug":"que-es-un-rey-para-ti","status":"publish","type":"post","link":"https:\/\/blogs.deia.eus\/anasagasti\/2014\/10\/30\/que-es-un-rey-para-ti\/","title":{"rendered":"\u00bfQu\u00e9 es un Rey para t\u00ed?"},"content":{"rendered":"<p><strong><strong>Jueves 30 de octubre de 2014<\/strong><\/strong><\/p>\n<p><a href=\"http:\/\/blogs.deia.com\/anasagasti\/files\/2014\/10\/Felipe-VI-y-una-ni\u00f1a.jpg\"><img loading=\"lazy\" decoding=\"async\" class=\"alignleft size-large wp-image-5650\" src=\"http:\/\/blogs.deia.com\/anasagasti\/files\/2014\/10\/Felipe-VI-y-una-ni\u00f1a-940x651.jpg\" alt=\"Felipe VI y una ni\u00f1a\" width=\"580\" height=\"401\" srcset=\"https:\/\/blogs.deia.eus\/anasagasti\/files\/2014\/10\/Felipe-VI-y-una-ni\u00f1a-940x651.jpg 940w, https:\/\/blogs.deia.eus\/anasagasti\/files\/2014\/10\/Felipe-VI-y-una-ni\u00f1a-580x401.jpg 580w, https:\/\/blogs.deia.eus\/anasagasti\/files\/2014\/10\/Felipe-VI-y-una-ni\u00f1a.jpg 944w\" sizes=\"auto, (max-width: 580px) 100vw, 580px\" \/><\/a>En TVE ya se nota la mano peluda de Jos\u00e9 Antonio S\u00e1nchez, el nuevo presidente del Consejo de RTVE.<\/p>\n<p>Una noticia sin la menor importancia, adquiri\u00f3 el pasado lunes tintes de gran exclusiva. Se trataba del montaje anual de ese falso concurso hecho en los colegios a mayor gloria del afianzamiento de la monarqu\u00eda. \u00bfQu\u00e9 es un rey para t\u00ed?.<\/p>\n<p>Todos los comentarios fueron ditir\u00e1mbicos. No hay en Espa\u00f1a ning\u00fan chaval republicano que hubiera dicho \u00abPara m\u00ed el rey es un usurpador que se arroga la representaci\u00f3n de una ciudadan\u00eda y de un estado sin haber pasado por las urnas a cuenta\u00a0 de que un dictador le dijo a su padre que le sucediera\u00bb.<\/p>\n<p>Y es que los comentarios y los dibujos eran\u00a0 de un salvavidas con el mapa de Espa\u00f1a con la bandera diciendo que el rey es el salvavidas de Espa\u00f1a\u00a0 y que va a su rescate. Otro dibujo era el de un puzzle y el \u00fanico que pod\u00eda poner las piezas en orden era el rey que adem\u00e1s era su pegamento. Y todo as\u00ed.<\/p>\n<p>El premio Pr\u00edncipe de Asturias es otro de los montajes mon\u00e1rquicos bien regado con dinero p\u00fablico.<\/p>\n<p>Y todo as\u00ed.<\/p>\n<p>Hoy, hay m\u00e1s censura, que en tiempos de su augusto y campechano padre que sigue dando vueltas por ah\u00ed viviendo a cuerpo de rey.<\/p>\n<p>\u00bfQu\u00e9 es un rey para ti?.<\/p>\n<p>Pues el de un jeta.<\/p>\n<!-- AddThis Advanced Settings generic via filter on the_content --><!-- AddThis Share Buttons generic via filter on the_content -->","protected":false},"excerpt":{"rendered":"<p>Jueves 30 de octubre de 2014 En TVE ya se nota la mano peluda de Jos\u00e9 Antonio S\u00e1nchez, el nuevo presidente del Consejo de RTVE. Una noticia sin la menor importancia, adquiri\u00f3 el pasado lunes tintes de gran exclusiva. Se trataba del montaje anual de ese falso concurso hecho en los colegios a mayor gloria &hellip; <a href=\"https:\/\/blogs.deia.eus\/anasagasti\/2014\/10\/30\/que-es-un-rey-para-ti\/\" class=\"more-link\">Sigue leyendo <span class=\"screen-reader-text\">\u00bfQu\u00e9 es un Rey para t\u00ed?<\/span><\/a><!-- AddThis Advanced Settings generic via filter on get_the_excerpt --><!-- AddThis Share Buttons generic via filter on get_the_excerpt --><\/p>\n","protected":false},"author":19,"featured_media":0,"comment_status":"open","ping_status":"open","sticky":false,"template":"","format":"standard","meta":{"footnotes":""},"categories":[1],"tags":[],"class_list":["post-5649","post","type-post","status-publish","format-standard","hentry","category-general"],"_links":{"self":[{"href":"https:\/\/blogs.deia.eus\/anasagasti\/wp-json\/wp\/v2\/posts\/5649","targetHints":{"allow":["GET"]}}],"collection":[{"href":"https:\/\/blogs.deia.eus\/anasagasti\/wp-json\/wp\/v2\/posts"}],"about":[{"href":"https:\/\/blogs.deia.eus\/anasagasti\/wp-json\/wp\/v2\/types\/post"}],"author":[{"embeddable":true,"href":"https:\/\/blogs.deia.eus\/anasagasti\/wp-json\/wp\/v2\/users\/19"}],"replies":[{"embeddable":true,"href":"https:\/\/blogs.deia.eus\/anasagasti\/wp-json\/wp\/v2\/comments?post=5649"}],"version-history":[{"count":1,"href":"https:\/\/blogs.deia.eus\/anasagasti\/wp-json\/wp\/v2\/posts\/5649\/revisions"}],"predecessor-version":[{"id":5651,"href":"https:\/\/blogs.deia.eus\/anasagasti\/wp-json\/wp\/v2\/posts\/5649\/revisions\/5651"}],"wp:attachment":[{"href":"https:\/\/blogs.deia.eus\/anasagasti\/wp-json\/wp\/v2\/media?parent=5649"}],"wp:term":[{"taxonomy":"category","embeddable":true,"href":"https:\/\/blogs.deia.eus\/anasagasti\/wp-json\/wp\/v2\/categories?post=5649"},{"taxonomy":"post_tag","embeddable":true,"href":"https:\/\/blogs.deia.eus\/anasagasti\/wp-json\/wp\/v2\/tags?post=5649"}],"curies":[{"name":"wp","href":"https:\/\/api.w.org\/{rel}","templated":true}]}}