{"id":5656,"date":"2014-11-01T22:44:35","date_gmt":"2014-11-01T20:44:35","guid":{"rendered":"http:\/\/blogs.deia.com\/anasagasti\/?p=5656"},"modified":"2014-11-01T22:44:35","modified_gmt":"2014-11-01T20:44:35","slug":"la-semana-fue-asi-3","status":"publish","type":"post","link":"https:\/\/blogs.deia.eus\/anasagasti\/2014\/11\/01\/la-semana-fue-asi-3\/","title":{"rendered":"La semana fue as\u00ed"},"content":{"rendered":"<p><strong><strong>S\u00e1bado 1 de noviembre de 2014<\/strong><\/strong><\/p>\n<p>Fue una semana de sobresaltos para los corruptos y para el PP, con un latigazo al PSOE, ya que el juez mand\u00f3 detener a 51 pol\u00edticos y empresarios, entre ellos Francisco Granados, ex consejero y ex senador y a quien era Presidente de la Diputaci\u00f3n de Le\u00f3n en sustituci\u00f3n de la asesinada Carrasco. Y fue tal el polvo que levant\u00f3 la medida que Esperanza Aguirre y Mariano Rajoy se vieron obligados a pedir perd\u00f3n. Tom\u00e1s G\u00f3mez, por su parte, hizo lo mismo ya que su sustituto en el ayuntamiento de Parla hab\u00eda sido detenido.<\/p>\n<p>Pablo Egiluz con el alcalde de Galdakao, Ibon Uribe nos visitaron en el Senado y se reunieron con Rajoy y los portavoces parlamentarios. P\u00edo Garc\u00eda Escudero ley\u00f3 una declaraci\u00f3n institucional.<\/p>\n<p>Pablo Iglesias logr\u00f3 que su propuesta de direcci\u00f3n del partido obtuviera el 80%, mientras las encuestas colocaban a Podemos cerca de ser la primera fuerza y a Convergencia perder su hegemon\u00eda en favor de ERC.<\/p>\n<p>El Consejo de Estado declar\u00f3 la consulta catalana nula y el gobierno central la impugn\u00f3. El Lehendakari estaba en M\u00e9xico y a Madrid vino en visita oficial la presidenta chilena, Michelle Bachelet. El rey Felipe VI clausur\u00f3 en Bilbao unas jornadas de empresarios. Y finalmente decir que Jokin Bildarratz no estuvo en el pleno, aunque s\u00ed muy presente a trav\u00e9s del m\u00f3vil, y que de todos los grupos vinieron a nuestros esca\u00f1os para pedirnos le transmiti\u00e9ramos el p\u00e9same por el fallecimiento de su aita.<\/p>\n<p><strong><strong>Hortofruticultura subtropical y minerales<\/strong><\/strong><\/p>\n<p><a href=\"http:\/\/blogs.deia.com\/anasagasti\/files\/2014\/11\/Hortofruticola.jpg\"><img loading=\"lazy\" decoding=\"async\" class=\"alignleft size-full wp-image-5657\" src=\"http:\/\/blogs.deia.com\/anasagasti\/files\/2014\/11\/Hortofruticola.jpg\" alt=\"Hortofruticola\" width=\"549\" height=\"230\" \/><\/a>Presido una comisi\u00f3n de nombre tan largo que nadie se lo sabe. \u00abComisi\u00f3n Especial para el Desarrollo de la Internacionalizaci\u00f3n \u00a0y Ecosistema de la Innovaci\u00f3n al servicio de la Industria espa\u00f1ola y del mundo en desarrollo\u00bb. As\u00ed se llama. Faltar\u00eda a\u00f1adirle \u00aby de los grandes expresos europeos\u00bb.<\/p>\n<p>El lunes pasado y \u00e9ste, el 27 de octubre, pasaron tres ponentes. Uno era el Director de Hortofruticultura Subtropical \u00abLa Mayora\u00bb, Enrique Moriones. Le seguimos con mucho inter\u00e9s. Quieren que el tomate sepa a tomate y trabajan con fresas, aguacates, mangos, y chirimoyas. Fueron ellos los que pusieron a valer las fresas de Huelva y crean 70.000 empleos temporales y seis mil fijos. Sus an\u00e1lisis y recomendaciones buscan frutas saludables, con sabor y calidad, ecol\u00f3gicas y lo m\u00e1s cercano del lugar de consumo. Investigan y mejoran y ven que hay mercado. Es el valor a\u00f1adido.<\/p>\n<p>Le sigui\u00f3 Vicente Guti\u00e9rrez, vicepresidente para Materias Primas de la Confederaci\u00f3n Nacional de la Miner\u00eda y la Metalurgia. Asimismo fue muy interesante. Habl\u00f3 de los minerales que tiene Espa\u00f1a sin explotar sobre todo en Andaluc\u00eda y en Extremadura. Se quej\u00f3 de que las Comunidades Aut\u00f3nomas no dan permisos, y cerr\u00f3 Vanessa Bernad, Consejera delegada de la Agencia Andaluza de Promoci\u00f3n Exterior.<\/p>\n<p>Con todas estas informaciones trabajaremos en un dictamen que se\u00f1ale de qu\u00e9 manera se puede optimizar la internacionalizaci\u00f3n de las industrias.<\/p>\n<p>En este punto final me llamaron para que contactara con Pablo Egiluz, aita de Hodei, ya que al d\u00eda siguiente le recib\u00eda Rajoy. Por esta raz\u00f3n no pude estar en la \u00faltima comparecencia y en el debate de cada lunes en la SER con Benegas.<\/p>\n<p><strong><strong>Declaraci\u00f3n Institucional sobre la desaparici\u00f3n de Hodei Egiluz<\/strong><\/strong><\/p>\n<p><a href=\"http:\/\/blogs.deia.com\/anasagasti\/files\/2014\/11\/Hodey.png\"><img loading=\"lazy\" decoding=\"async\" class=\"alignleft size-full wp-image-5658\" src=\"http:\/\/blogs.deia.com\/anasagasti\/files\/2014\/11\/Hodey.png\" alt=\"Hodey\" width=\"188\" height=\"268\" \/><\/a>Lament\u00e9 que no hubi\u00e9ramos hecho esto antes. Y rese\u00f1\u00e9 en este blog la visita de Pablo Egiluz, padre de Hodei, el joven desaparecido en Amberes y del alcalde Ibon Uribe. Les hab\u00edamos llamado ya que ese martes el presidente Pio Garc\u00eda Escudero leer\u00eda al iniciarse el pleno una declaraci\u00f3n institucional sobre su desaparici\u00f3n.<\/p>\n<p>Llegaron a las dos, les ense\u00f1amos la casa, almorzamos con ellos y se fueron a la Tribuna donde fueron largamente aplaudidos tras leerse la declaraci\u00f3n. De all\u00ed bajaron para estar con Mariano Rajoy y el ministro del Interior Jorge Fern\u00e1ndez en el despacho del presidente del senado. Y tras m\u00e1s de una hora de entrevista, los portavoces parlamentarios\u00a0 escucharon sus consideraciones y agradecimientos. De all\u00ed se fueron a coordinar con la polic\u00eda las acciones a seguir en Amberes. Quedaron y quedamos muy satisfechos.<\/p>\n<p>Esa semana se cumpl\u00eda un a\u00f1o de la desaparici\u00f3n y de los trabajos que hab\u00edan ido realizando para encontrar a Hodei. Y como en Arrigorriaga hubo unas jornadas sobre desaparecidos fue a dicha localidad Rafael Bruguera, de la Entesa, promotor de la ponencia con la que trabajamos en el Senado. Este le puso en contacto conmigo y Jokin Bildarratz estuvo en agosto en Madrid con ellos y el responsable de la polic\u00eda que lleva estos temas. Por eso hemos quedado completar dicha ponencia con lo aprendido y detectado en este a\u00f1o.<\/p>\n<p><strong><strong>Margallo se cabrea<\/strong><\/strong><\/p>\n<p><a href=\"http:\/\/blogs.deia.com\/anasagasti\/files\/2014\/11\/Margallo.png\"><img loading=\"lazy\" decoding=\"async\" class=\"alignleft size-full wp-image-5659\" src=\"http:\/\/blogs.deia.com\/anasagasti\/files\/2014\/11\/Margallo.png\" alt=\"Margallo\" width=\"287\" height=\"176\" \/><\/a>Suelen ser un cl\u00e1sico el careo que mantengo con Garc\u00eda Margallo, ministro de Asuntos Exteriores, cada vez que le pregunto algo, porque el hombre siempre sale por peteneras y encima se enfada. Tiene un concepto patrimonial de la pol\u00edtica exterior y no le gusta metamos las narices en lo que cree que es su cortijo. Y este martes, la quinta pregunta, era la m\u00eda y le pregunt\u00e9 si iban a hacer algo en relaci\u00f3n con la defensa de los derechos humanos en Venezuela. En el \u00ednterin semanal Rajoy hab\u00eda recibido en la sede del PP de la calle G\u00e9nova a Lilian Tintori esposa del encarcelado Leopoldo L\u00f3pez y el presidente venezolano Nicol\u00e1s Maduro hab\u00eda llamado a su embajador a consultas.<\/p>\n<p>El caso es que Margallo contest\u00f3 tenso y me dijo que yo no ve\u00eda m\u00e1s all\u00e1 del Txindoki. Le dije que \u00e9l solo defend\u00eda los intereses de las empresas en Venezuela y que solo llamaba a un embajador si \u00e9ste reconoc\u00eda que Catalunya pudiera ser independiente como hab\u00eda hecho con la embajadora de Lituania. El rifi rafe lo publiqu\u00e9 y ah\u00ed queda. Se lo coment\u00e9 al propio Rajoy cuando le vi con el aita de Hodei Egluz.<\/p>\n<p>Me hizo una entrevista Televisa sobre la situaci\u00f3n de la corrupci\u00f3n en Espa\u00f1a sobre Catalunya y al final me pregunt\u00f3 si una Euzkadi independiente ser\u00eda viable. Le respond\u00ed a la gallega: \u201c\u00bfY Luxemburgo, y Holanda, y Chipre, y Malta, y Letonia, Lituania y Estonia?\u201d Tambi\u00e9n me vino un periodista ecuatoriano que trabaja para una agencia americana con sede en Colombia pregunt\u00e1ndome por el rifi rafe con Margallo. Curiosamente, la retirada del embajador, no tuvo el menor eco en Espa\u00f1a. La corrupci\u00f3n era el tema recurrente en todos los lugares. Calor y corrupci\u00f3n, fueron los motivos semanales de conversaci\u00f3n.<\/p>\n<p><strong><strong>Moci\u00f3n sobre Palestina<\/strong><\/strong><\/p>\n<p><a href=\"http:\/\/blogs.deia.com\/anasagasti\/files\/2014\/11\/Paletina.png\"><img loading=\"lazy\" decoding=\"async\" class=\"alignleft size-full wp-image-5660\" src=\"http:\/\/blogs.deia.com\/anasagasti\/files\/2014\/11\/Paletina.png\" alt=\"Paletina\" width=\"471\" height=\"311\" \/><\/a>Urko Aiartza de Amaiur present\u00f3 una moci\u00f3n instando al gobierno espa\u00f1ol a reconocer el estado palestino. Todos los grupos de la C\u00e1mara apoyaron la iniciativa, incluso el PP por boca de Alejandro Mu\u00f1oz Alonso que hizo una respetuosa intervenci\u00f3n, pero argumentando que hab\u00eda que hacer dicho reconocimiento en el contexto de la Uni\u00f3n Europea. Yo le dije que la paciencia est\u00e1 bien pero que se acordara de Sim\u00f3n Bol\u00edvar que cuando le pidieron tuviera paciencia respondi\u00f3,\u00bb \u00bfes que trescientos a\u00f1os de paciencia no son suficientes?\u00bb. Y le le\u00ed lo que dice Margallo en relaci\u00f3n a que en la UE hay que tomar las decisiones por mayor\u00eda y no esperar a que se rompan los bloqueos. Argument\u00e9 que hab\u00eda que tener en cuenta que Israel solicita fronteras seguras y que hab\u00eda que establecer un plan de paz y convivencia sin ataques de unos contra los otros. Al final Aiartza retir\u00f3 la Moci\u00f3n para que \u00e9sta no fuera derrotada por los votos del PP. Dej\u00f3 pues, el debate abierto.<\/p>\n<p>Pero el debate est\u00e1 ya en el Parlamento. De hecho al d\u00eda siguiente Suecia reconoci\u00f3 al estado palestino.<\/p>\n<p><strong><strong>El Pleno<\/strong><\/strong><\/p>\n<p><a href=\"http:\/\/blogs.deia.com\/anasagasti\/files\/2014\/11\/Pleno-senado.jpg\"><img loading=\"lazy\" decoding=\"async\" class=\"alignleft size-full wp-image-5663\" src=\"http:\/\/blogs.deia.com\/anasagasti\/files\/2014\/11\/Pleno-senado.jpg\" alt=\"Pleno senado\" width=\"328\" height=\"144\" \/><\/a>J. M. Cazalis pregunt\u00f3 sobre el \u00e9bola, Rut Mart\u00ednez present\u00f3 su moci\u00f3n sobre la tasa de reposici\u00f3n para la selecci\u00f3n de personal de la Administraciones P\u00fablicas que fue rechazada, se cre\u00f3 una ponencia sobre la volatilidad de los precios agrarios, nos abstuvimos por poca concreci\u00f3n del PP en la Moci\u00f3n sobre el tratamiento y la prevenci\u00f3n del maltrato a las personas mayores, aprobamos un convenio internacional entre el estado espa\u00f1ol y la UE (Agencia Europea para la Seguridad y la Salud en el Trabajo) hecho en Bilbao el 31 de marzo de 2014 y vimos cuatro proyectos de ley.<\/p>\n<p>Uno regulaba las entidades de capital-riesgo, otro era un proyecto de ley de Tratados y Acuerdos Internacionales. El PP no admiti\u00f3 una sola enmienda. Cuando intervine le dije a Alejandro Mu\u00f1oz Alonso que fuera al cine y viera como en las pel\u00edculas norteamericanas al Senado han de ir los embajadores a que les den el visto bueno y que en Espa\u00f1a todo es Madrid.<\/p>\n<p>Y se aprobaron dos proyectos de ley sobre el R\u00e9gimen Disciplinario de las Fuerzas Armadas y el del Personal de la Guardia Civil. El pleno dur\u00f3 hasta el jueves y este d\u00eda a las nueve el Congreso recib\u00eda a la presidenta de Chile, Michele Bachelet que pronunci\u00f3 un discurso en el hemiciclo.<\/p>\n<p><strong><strong>Por fin viernes<\/strong><\/strong><\/p>\n<p><a href=\"http:\/\/blogs.deia.com\/anasagasti\/files\/2014\/11\/POr-fin-viernes.jpg\"><img loading=\"lazy\" decoding=\"async\" class=\"alignleft size-large wp-image-5661\" src=\"http:\/\/blogs.deia.com\/anasagasti\/files\/2014\/11\/POr-fin-viernes-940x705.jpg\" alt=\"POr fin viernes\" width=\"580\" height=\"435\" srcset=\"https:\/\/blogs.deia.eus\/anasagasti\/files\/2014\/11\/POr-fin-viernes-940x705.jpg 940w, https:\/\/blogs.deia.eus\/anasagasti\/files\/2014\/11\/POr-fin-viernes-580x435.jpg 580w, https:\/\/blogs.deia.eus\/anasagasti\/files\/2014\/11\/POr-fin-viernes.jpg 1280w\" sizes=\"auto, (max-width: 580px) 100vw, 580px\" \/><\/a>El viernes anterior y \u00e9ste fui invitado a este programa de los viernes en ETB moderado por Jon Bilbao. En esta ocasi\u00f3n los invitados eran Antonio \u00c1lvarez Sol\u00eds y Juan Carlos Monedero.<\/p>\n<p>Antonio \u00c1lvarez Sol\u00eds a pesar de sus 85 a\u00f1os y de sus achaques, tuvo una l\u00facida intervenci\u00f3n hablando del miedo, de su identidad, de la corrupci\u00f3n, del PP, y de temas que afectan a la humanidad.<\/p>\n<p>\u00c1lvarez Sol\u00eds dijo sentirse vasco y le pregunt\u00e9 si era como el caso de Jos\u00e9 Bergamin que est\u00e1 enterrado en Hondarribi. Y luego vino Juan Carlos Monedero rodeado de gran expectaci\u00f3n. El p\u00fablico eran chavales de Lazkao.<\/p>\n<p>Cont\u00f3 c\u00f3mo hab\u00eda estado paseando por Donosti y que varios se le acercaron y le dijeron que votar\u00edan a Podemos. Dijo que no eran ni de derechas ni de izquierdas, buscaban la centralidad y combat\u00edan la corrupci\u00f3n.<\/p>\n<p>Con \u00c1lvarez Sol\u00eds estuvimos Arantxa Furundarena, Paloma Zorrilla y yo y con Monedero Zorrilla, Silvia Intxaurrondo y quien esto escribe. Para mi gusto le dejaron hablar demasiado.<\/p>\n<p>Hombre con muchas tablas le conoc\u00ed en Caracas en un viaje al que fuimos como Observadores. No le pude preguntar sobre su etapa venezolana asesorando a Hugo Ch\u00e1vez pues el programa acab\u00f3 en ese momento. Me hubiera gustado recordarle la inflaci\u00f3n que vive Venezuela con un 65%, como esta semana era noticia que Venezuela hab\u00eda importado petr\u00f3leo ligero de Argelia, los 25.000 muertos anuales por delito com\u00fan en las calles, el total desabastecimiento de mercados y supermercados, el anuncio de Maduro de subir el sueldo de los militares un 54%, la dificultad en viajar porque las l\u00edneas a\u00e9reas est\u00e1n hartas del impago del gobierno venezolano, la falta de libertad de expresi\u00f3n, la retirada del embajador de Venezuela en Madrid porque Rajoy hab\u00eda recibido a la esposa del opositor encarcelado Leopoldo L\u00f3pez&#8230; \u00bfEs este su modelo Sr. Monedero?<\/p>\n<p>Esta semana me hab\u00edan invitado a su programa Fort Apache en la Tuerka. Tienen los estudios en la Gran V\u00eda.<\/p>\n<p>&nbsp;<\/p>\n<!-- AddThis Advanced Settings generic via filter on the_content --><!-- AddThis Share Buttons generic via filter on the_content -->","protected":false},"excerpt":{"rendered":"<p>S\u00e1bado 1 de noviembre de 2014 Fue una semana de sobresaltos para los corruptos y para el PP, con un latigazo al PSOE, ya que el juez mand\u00f3 detener a 51 pol\u00edticos y empresarios, entre ellos Francisco Granados, ex consejero y ex senador y a quien era Presidente de la Diputaci\u00f3n de Le\u00f3n en sustituci\u00f3n &hellip; <a href=\"https:\/\/blogs.deia.eus\/anasagasti\/2014\/11\/01\/la-semana-fue-asi-3\/\" class=\"more-link\">Sigue leyendo <span class=\"screen-reader-text\">La semana fue as\u00ed<\/span><\/a><!-- AddThis Advanced Settings generic via filter on get_the_excerpt --><!-- AddThis Share Buttons generic via filter on get_the_excerpt --><\/p>\n","protected":false},"author":19,"featured_media":0,"comment_status":"open","ping_status":"open","sticky":false,"template":"","format":"standard","meta":{"footnotes":""},"categories":[1],"tags":[],"class_list":["post-5656","post","type-post","status-publish","format-standard","hentry","category-general"],"_links":{"self":[{"href":"https:\/\/blogs.deia.eus\/anasagasti\/wp-json\/wp\/v2\/posts\/5656","targetHints":{"allow":["GET"]}}],"collection":[{"href":"https:\/\/blogs.deia.eus\/anasagasti\/wp-json\/wp\/v2\/posts"}],"about":[{"href":"https:\/\/blogs.deia.eus\/anasagasti\/wp-json\/wp\/v2\/types\/post"}],"author":[{"embeddable":true,"href":"https:\/\/blogs.deia.eus\/anasagasti\/wp-json\/wp\/v2\/users\/19"}],"replies":[{"embeddable":true,"href":"https:\/\/blogs.deia.eus\/anasagasti\/wp-json\/wp\/v2\/comments?post=5656"}],"version-history":[{"count":2,"href":"https:\/\/blogs.deia.eus\/anasagasti\/wp-json\/wp\/v2\/posts\/5656\/revisions"}],"predecessor-version":[{"id":5664,"href":"https:\/\/blogs.deia.eus\/anasagasti\/wp-json\/wp\/v2\/posts\/5656\/revisions\/5664"}],"wp:attachment":[{"href":"https:\/\/blogs.deia.eus\/anasagasti\/wp-json\/wp\/v2\/media?parent=5656"}],"wp:term":[{"taxonomy":"category","embeddable":true,"href":"https:\/\/blogs.deia.eus\/anasagasti\/wp-json\/wp\/v2\/categories?post=5656"},{"taxonomy":"post_tag","embeddable":true,"href":"https:\/\/blogs.deia.eus\/anasagasti\/wp-json\/wp\/v2\/tags?post=5656"}],"curies":[{"name":"wp","href":"https:\/\/api.w.org\/{rel}","templated":true}]}}