{"id":5665,"date":"2014-11-02T19:46:19","date_gmt":"2014-11-02T17:46:19","guid":{"rendered":"http:\/\/blogs.deia.com\/anasagasti\/?p=5665"},"modified":"2014-11-02T19:46:19","modified_gmt":"2014-11-02T17:46:19","slug":"guinea-ecuatorial-debe-desvelar-todos-los-detalles-de-la-amnistia-a-presos-politicos","status":"publish","type":"post","link":"https:\/\/blogs.deia.eus\/anasagasti\/2014\/11\/02\/guinea-ecuatorial-debe-desvelar-todos-los-detalles-de-la-amnistia-a-presos-politicos\/","title":{"rendered":"Guinea Ecuatorial debe desvelar todos los detalles de la amnist\u00eda a presos pol\u00edticos"},"content":{"rendered":"<p><strong>Domingo 2 de noviembre de 2014<\/strong><\/p>\n<p><a href=\"http:\/\/blogs.deia.com\/anasagasti\/files\/2014\/11\/Guinea-ecuatorial.png\"><img loading=\"lazy\" decoding=\"async\" class=\"alignleft size-full wp-image-5666\" src=\"http:\/\/blogs.deia.com\/anasagasti\/files\/2014\/11\/Guinea-ecuatorial.png\" alt=\"Guinea ecuatorial\" width=\"267\" height=\"189\" \/><\/a>El gobierno de Guinea Ecuatorial debe revelar los nombres y los motivos de detenci\u00f3n de todos los presos que se beneficiar\u00e1n de la reci\u00e9n anunciada amnist\u00eda por delitos pol\u00edticos, ha dicho hoy Amnist\u00eda Internacional.<\/p>\n<p>El presidente Obiang Nguema ha firmado esta semana un decreto concediendo una amnist\u00eda a todas las personas condenadas o en espera de juicio por delitos pol\u00edticos en el pa\u00eds. Sin embargo, el decreto no define claramente qu\u00e9 se entiende por \u00abdelitos pol\u00edticos\u00bb, ni aclara cu\u00e1ntas personas se beneficiar\u00e1n de la amnist\u00eda.<\/p>\n<p>\u00abEste decreto ser\u00eda un alentador paso para los derechos humanos en Guinea Ecuatorial si conduce a la liberaci\u00f3n de personas encarceladas \u00fanicamente por ejercer pac\u00edficamente sus derechos humanos, pero las autoridades deben ser transparentes sobre los detalles\u00bb, ha dicho Stephen Cockburn, director regional adjunto para \u00c1frica Occidental y Central de Amnist\u00eda Internacional.<\/p>\n<p>\u00abEl gobierno debe garantizar que estos presos quedan en libertad de inmediato y que se mantiene informados de todo el proceso a familiares y otras personas.\u00bb Esta amnist\u00eda es precursora de los debates previstos con pol\u00edticos de oposici\u00f3n, incluidos los exilados, sobre la reconciliaci\u00f3n nacional.<\/p>\n<p>Amnist\u00eda Internacional ha documentado las violaciones de derechos humanos que tienen lugar en Guinea Ecuatorial, incluido el uso de tortura, la detenci\u00f3n arbitraria de pol\u00edticos de oposici\u00f3n y el uso de tribunales militares para juzgar a civiles.<\/p>\n<p>\u00abTal amnist\u00eda debe ser una plataforma para que el gobierno aborde cuestiones m\u00e1s amplias de derechos humanos en Guinea Ecuatorial, especialmente garantizar la rendici\u00f3n de cuentas por violaciones y terminar con la tortura y la detenci\u00f3n arbitraria\u00bb, ha dicho Stephen Cockburn. Entre los actuales presos pol\u00edticos figuran Cipriano Nguema, secuestrado en Nigeria en diciembre de 2013 y posteriormente torturado por las autoridades en la sede de los Servicios de Seguridad Nacional de Guinea Ecuatorial en Malabo.<\/p>\n<p>El 27 de septiembre de 2014, otras cinco personas relacionadas con Cipriano Nguema (Ticiano Obama Nkogo, Timoteo Asumu, Antonio Nconi Sima, Mercedes Obono Nconi y Emilia Abeme Nzo) fueron condenadas a entre 15 y 27 a\u00f1os de c\u00e1rcel por un tribunal militar, en ausencia de sus abogados, por presunta amenaza a la seguridad del Estado. Otro hombre, Leoncio Abeso Meye, fue juzgado in absentia<\/p>\n<p>&nbsp;<\/p>\n<!-- AddThis Advanced Settings generic via filter on the_content --><!-- AddThis Share Buttons generic via filter on the_content -->","protected":false},"excerpt":{"rendered":"<p>Domingo 2 de noviembre de 2014 El gobierno de Guinea Ecuatorial debe revelar los nombres y los motivos de detenci\u00f3n de todos los presos que se beneficiar\u00e1n de la reci\u00e9n anunciada amnist\u00eda por delitos pol\u00edticos, ha dicho hoy Amnist\u00eda Internacional. El presidente Obiang Nguema ha firmado esta semana un decreto concediendo una amnist\u00eda a todas &hellip; <a href=\"https:\/\/blogs.deia.eus\/anasagasti\/2014\/11\/02\/guinea-ecuatorial-debe-desvelar-todos-los-detalles-de-la-amnistia-a-presos-politicos\/\" class=\"more-link\">Sigue leyendo <span class=\"screen-reader-text\">Guinea Ecuatorial debe desvelar todos los detalles de la amnist\u00eda a presos pol\u00edticos<\/span><\/a><!-- AddThis Advanced Settings generic via filter on get_the_excerpt --><!-- AddThis Share Buttons generic via filter on get_the_excerpt --><\/p>\n","protected":false},"author":19,"featured_media":0,"comment_status":"open","ping_status":"open","sticky":false,"template":"","format":"standard","meta":{"footnotes":""},"categories":[1],"tags":[],"class_list":["post-5665","post","type-post","status-publish","format-standard","hentry","category-general"],"_links":{"self":[{"href":"https:\/\/blogs.deia.eus\/anasagasti\/wp-json\/wp\/v2\/posts\/5665","targetHints":{"allow":["GET"]}}],"collection":[{"href":"https:\/\/blogs.deia.eus\/anasagasti\/wp-json\/wp\/v2\/posts"}],"about":[{"href":"https:\/\/blogs.deia.eus\/anasagasti\/wp-json\/wp\/v2\/types\/post"}],"author":[{"embeddable":true,"href":"https:\/\/blogs.deia.eus\/anasagasti\/wp-json\/wp\/v2\/users\/19"}],"replies":[{"embeddable":true,"href":"https:\/\/blogs.deia.eus\/anasagasti\/wp-json\/wp\/v2\/comments?post=5665"}],"version-history":[{"count":1,"href":"https:\/\/blogs.deia.eus\/anasagasti\/wp-json\/wp\/v2\/posts\/5665\/revisions"}],"predecessor-version":[{"id":5667,"href":"https:\/\/blogs.deia.eus\/anasagasti\/wp-json\/wp\/v2\/posts\/5665\/revisions\/5667"}],"wp:attachment":[{"href":"https:\/\/blogs.deia.eus\/anasagasti\/wp-json\/wp\/v2\/media?parent=5665"}],"wp:term":[{"taxonomy":"category","embeddable":true,"href":"https:\/\/blogs.deia.eus\/anasagasti\/wp-json\/wp\/v2\/categories?post=5665"},{"taxonomy":"post_tag","embeddable":true,"href":"https:\/\/blogs.deia.eus\/anasagasti\/wp-json\/wp\/v2\/tags?post=5665"}],"curies":[{"name":"wp","href":"https:\/\/api.w.org\/{rel}","templated":true}]}}