{"id":5677,"date":"2014-11-06T19:22:38","date_gmt":"2014-11-06T17:22:38","guid":{"rendered":"http:\/\/blogs.deia.com\/anasagasti\/?p=5677"},"modified":"2014-11-06T19:22:38","modified_gmt":"2014-11-06T17:22:38","slug":"ibarretxe-presenta-el-libro-de-eduard-sagarra-existe-el-derecho-a-decidir","status":"publish","type":"post","link":"https:\/\/blogs.deia.eus\/anasagasti\/2014\/11\/06\/ibarretxe-presenta-el-libro-de-eduard-sagarra-existe-el-derecho-a-decidir\/","title":{"rendered":"Ibarretxe presenta el libro de Eduard Sagarra \u00bfExiste el derecho a decidir?"},"content":{"rendered":"<p><strong><strong>Jueves 6 de noviembre de 2014<\/strong><\/strong><\/p>\n<p><a href=\"http:\/\/blogs.deia.com\/anasagasti\/files\/2014\/11\/Ibaretxe.jpg\"><img loading=\"lazy\" decoding=\"async\" class=\"alignleft size-large wp-image-5678\" src=\"http:\/\/blogs.deia.com\/anasagasti\/files\/2014\/11\/Ibaretxe-940x705.jpg\" alt=\"???????????????????????????????\" width=\"580\" height=\"435\" srcset=\"https:\/\/blogs.deia.eus\/anasagasti\/files\/2014\/11\/Ibaretxe-940x705.jpg 940w, https:\/\/blogs.deia.eus\/anasagasti\/files\/2014\/11\/Ibaretxe-580x435.jpg 580w, https:\/\/blogs.deia.eus\/anasagasti\/files\/2014\/11\/Ibaretxe.jpg 1024w\" sizes=\"auto, (max-width: 580px) 100vw, 580px\" \/><\/a>Fue el martes. Llov\u00eda a chorros. En la librer\u00eda Elkar, de la calle Licenciado Poza de Bilbao, la sala estaba llena. Gente joven, medios, curiosos. Ning\u00fan pol\u00edtico. Y al fondo el Lehendakari Ibarretxe con el autor del libro Eduard Sagarra, Profesor de Derecho Internacional P\u00fablico de la Facultad de Barcelona y su editor.<\/p>\n<p>\u00abEl derecho a decidir es el derecho de un pueblo para que pueda decidir su futuro en libertad. Los l\u00edmites del derecho a decidir son la libertad, la democracia y el derecho, entendido como justicia\u00bb, dec\u00eda Sagarra..<\/p>\n<p>\u00abExiste el derecho a la libertad, existe el derecho a la democracia, y tambi\u00e9n el derecho a la libertad de culto. Figuren en una ley o no, todos estos derechos fundamentales se tienen, no los da nadie. Y el derecho a decidir, tambi\u00e9n\u00bb, dec\u00eda Sagarra a manera de resumen de su interesante trabajo.<\/p>\n<p>A su lado el Lehendakari le escuchaba con inter\u00e9s. \u00abEl Lehendakari Ibarretxe fue a Madrid en 2004 y expuso lo que se denomin\u00f3 el Plan Ibarretxe, aunque el PP y el PSOE se pusieron de acuerdo y ni lo admitieron a tr\u00e1mite. Eran otras circunstancias. Ahora hubiera sido diferente. Espa\u00f1a era mucho menos madura y se viv\u00eda entre los r\u00e9ditos de la violencia en Euzkadi. Ibarretxe ten\u00eda una pesada mochila que hoy no planea en Euzkadi. Ahora se habla de los vascos por otras razones y no de ETA\u00bb dijo Sagarra.<\/p>\n<p>Cuando le toc\u00f3 el turno para cerrar, Ibarretxe se puso en pie y habl\u00f3 claro y largo del derecho a decidir y del derecho de autodeterminaci\u00f3n. Lo hizo con pasi\u00f3n.<\/p>\n<p>Y no se cort\u00f3 un pelo. Critic\u00f3 las sucesivas sentencias sobre la consulta catalana del Tribunal Constitucional, un \u00e1rbitro comprado.<\/p>\n<p>\u00abCuando tu explicas en Am\u00e9rica -dijo el lehendakari-c\u00f3mo se eligen sus miembros, se llevan\u00a0 las manos a la cabeza\u00bb agreg\u00f3. \u00abEl derecho a decidir, no tiene vuelta atr\u00e1s\u00bb.<\/p>\n<p>La gente compraba el libro. Tiene muchos datos interesantes. E Ibarretxe una gran autoridad moral.<\/p>\n<!-- AddThis Advanced Settings generic via filter on the_content --><!-- AddThis Share Buttons generic via filter on the_content -->","protected":false},"excerpt":{"rendered":"<p>Jueves 6 de noviembre de 2014 Fue el martes. Llov\u00eda a chorros. En la librer\u00eda Elkar, de la calle Licenciado Poza de Bilbao, la sala estaba llena. Gente joven, medios, curiosos. Ning\u00fan pol\u00edtico. Y al fondo el Lehendakari Ibarretxe con el autor del libro Eduard Sagarra, Profesor de Derecho Internacional P\u00fablico de la Facultad de &hellip; <a href=\"https:\/\/blogs.deia.eus\/anasagasti\/2014\/11\/06\/ibarretxe-presenta-el-libro-de-eduard-sagarra-existe-el-derecho-a-decidir\/\" class=\"more-link\">Sigue leyendo <span class=\"screen-reader-text\">Ibarretxe presenta el libro de Eduard Sagarra \u00bfExiste el derecho a decidir?<\/span><\/a><!-- AddThis Advanced Settings generic via filter on get_the_excerpt --><!-- AddThis Share Buttons generic via filter on get_the_excerpt --><\/p>\n","protected":false},"author":19,"featured_media":0,"comment_status":"open","ping_status":"open","sticky":false,"template":"","format":"standard","meta":{"footnotes":""},"categories":[1],"tags":[],"class_list":["post-5677","post","type-post","status-publish","format-standard","hentry","category-general"],"_links":{"self":[{"href":"https:\/\/blogs.deia.eus\/anasagasti\/wp-json\/wp\/v2\/posts\/5677","targetHints":{"allow":["GET"]}}],"collection":[{"href":"https:\/\/blogs.deia.eus\/anasagasti\/wp-json\/wp\/v2\/posts"}],"about":[{"href":"https:\/\/blogs.deia.eus\/anasagasti\/wp-json\/wp\/v2\/types\/post"}],"author":[{"embeddable":true,"href":"https:\/\/blogs.deia.eus\/anasagasti\/wp-json\/wp\/v2\/users\/19"}],"replies":[{"embeddable":true,"href":"https:\/\/blogs.deia.eus\/anasagasti\/wp-json\/wp\/v2\/comments?post=5677"}],"version-history":[{"count":1,"href":"https:\/\/blogs.deia.eus\/anasagasti\/wp-json\/wp\/v2\/posts\/5677\/revisions"}],"predecessor-version":[{"id":5679,"href":"https:\/\/blogs.deia.eus\/anasagasti\/wp-json\/wp\/v2\/posts\/5677\/revisions\/5679"}],"wp:attachment":[{"href":"https:\/\/blogs.deia.eus\/anasagasti\/wp-json\/wp\/v2\/media?parent=5677"}],"wp:term":[{"taxonomy":"category","embeddable":true,"href":"https:\/\/blogs.deia.eus\/anasagasti\/wp-json\/wp\/v2\/categories?post=5677"},{"taxonomy":"post_tag","embeddable":true,"href":"https:\/\/blogs.deia.eus\/anasagasti\/wp-json\/wp\/v2\/tags?post=5677"}],"curies":[{"name":"wp","href":"https:\/\/api.w.org\/{rel}","templated":true}]}}