{"id":5686,"date":"2014-11-09T20:09:05","date_gmt":"2014-11-09T18:09:05","guid":{"rendered":"http:\/\/blogs.deia.com\/anasagasti\/?p=5686"},"modified":"2014-11-09T20:09:05","modified_gmt":"2014-11-09T18:09:05","slug":"exito-en-catalunya","status":"publish","type":"post","link":"https:\/\/blogs.deia.eus\/anasagasti\/2014\/11\/09\/exito-en-catalunya\/","title":{"rendered":"\u00c9xito en Catalunya"},"content":{"rendered":"<p><strong><strong>Domingo 9 de noviembre de 2014<\/strong><\/strong><\/p>\n<p><a href=\"http:\/\/blogs.deia.com\/anasagasti\/files\/2014\/11\/Mosaico-Zurriola.jpg\"><img loading=\"lazy\" decoding=\"async\" class=\"alignleft size-full wp-image-5687\" src=\"http:\/\/blogs.deia.com\/anasagasti\/files\/2014\/11\/Mosaico-Zurriola.jpg\" alt=\"Mosaico Zurriola\" width=\"268\" height=\"188\" \/><\/a>A media tarde, carezco de noticias sobre la votaci\u00f3n en Catalunya y en los colegios extranjeros, incluyendo Euzkadi. Solo s\u00e9 que al mediod\u00eda\u00a0 la cifra de participaci\u00f3n era de un mill\u00f3n cien con alg\u00fan\u00a0 pico\u00a0 de votantes. Estupendo. Ojal\u00e1 lleguen a los dos millones.<\/p>\n<p>Me ha gustado\u00a0 que Pep Guardiola fuese a votar. La noticia catalana llega a Alemania del gesto personal\u00a0 de una de las figuras m\u00e1s respetadas del f\u00fatbol mundial. Estas cosas, aparentemente menores, van abriendo surco.<\/p>\n<p>Y solo desear que tras esta cita, los catalanes encuentren su futuro en paz y\u00a0 convivencia y sigan en su lucha.<\/p>\n<p><strong><strong>Caustico<\/strong><\/strong> me\u00a0ha enviado\u00a0este mensaje: <em>\u201dPreciosa la experiencia catalana. Veo a la gente con la misma ilusi\u00f3n que se ve\u00eda en las calles a la muerte de Franco. Sana envidia la que me provoca\u00a0 ver a los catalanes\u00a0 haciendo enormes colas\u00a0 para votar. Oigo en cambio las pat\u00e9ticas declaraciones\u00a0 al respecto de Idoia Mendia. Nada que envidiar a cualquier pepero. Zorionak Catalunya\u201d.<\/em><\/p>\n<!-- AddThis Advanced Settings generic via filter on the_content --><!-- AddThis Share Buttons generic via filter on the_content -->","protected":false},"excerpt":{"rendered":"<p>Domingo 9 de noviembre de 2014 A media tarde, carezco de noticias sobre la votaci\u00f3n en Catalunya y en los colegios extranjeros, incluyendo Euzkadi. Solo s\u00e9 que al mediod\u00eda\u00a0 la cifra de participaci\u00f3n era de un mill\u00f3n cien con alg\u00fan\u00a0 pico\u00a0 de votantes. Estupendo. Ojal\u00e1 lleguen a los dos millones. Me ha gustado\u00a0 que Pep &hellip; <a href=\"https:\/\/blogs.deia.eus\/anasagasti\/2014\/11\/09\/exito-en-catalunya\/\" class=\"more-link\">Sigue leyendo <span class=\"screen-reader-text\">\u00c9xito en Catalunya<\/span><\/a><!-- AddThis Advanced Settings generic via filter on get_the_excerpt --><!-- AddThis Share Buttons generic via filter on get_the_excerpt --><\/p>\n","protected":false},"author":19,"featured_media":0,"comment_status":"open","ping_status":"open","sticky":false,"template":"","format":"standard","meta":{"footnotes":""},"categories":[1],"tags":[],"class_list":["post-5686","post","type-post","status-publish","format-standard","hentry","category-general"],"_links":{"self":[{"href":"https:\/\/blogs.deia.eus\/anasagasti\/wp-json\/wp\/v2\/posts\/5686","targetHints":{"allow":["GET"]}}],"collection":[{"href":"https:\/\/blogs.deia.eus\/anasagasti\/wp-json\/wp\/v2\/posts"}],"about":[{"href":"https:\/\/blogs.deia.eus\/anasagasti\/wp-json\/wp\/v2\/types\/post"}],"author":[{"embeddable":true,"href":"https:\/\/blogs.deia.eus\/anasagasti\/wp-json\/wp\/v2\/users\/19"}],"replies":[{"embeddable":true,"href":"https:\/\/blogs.deia.eus\/anasagasti\/wp-json\/wp\/v2\/comments?post=5686"}],"version-history":[{"count":1,"href":"https:\/\/blogs.deia.eus\/anasagasti\/wp-json\/wp\/v2\/posts\/5686\/revisions"}],"predecessor-version":[{"id":5688,"href":"https:\/\/blogs.deia.eus\/anasagasti\/wp-json\/wp\/v2\/posts\/5686\/revisions\/5688"}],"wp:attachment":[{"href":"https:\/\/blogs.deia.eus\/anasagasti\/wp-json\/wp\/v2\/media?parent=5686"}],"wp:term":[{"taxonomy":"category","embeddable":true,"href":"https:\/\/blogs.deia.eus\/anasagasti\/wp-json\/wp\/v2\/categories?post=5686"},{"taxonomy":"post_tag","embeddable":true,"href":"https:\/\/blogs.deia.eus\/anasagasti\/wp-json\/wp\/v2\/tags?post=5686"}],"curies":[{"name":"wp","href":"https:\/\/api.w.org\/{rel}","templated":true}]}}