{"id":5689,"date":"2014-11-10T22:02:42","date_gmt":"2014-11-10T20:02:42","guid":{"rendered":"http:\/\/blogs.deia.com\/anasagasti\/?p=5689"},"modified":"2014-11-10T22:02:42","modified_gmt":"2014-11-10T20:02:42","slug":"la-pasta-ya-esta-fuera-del-dentifrico","status":"publish","type":"post","link":"https:\/\/blogs.deia.eus\/anasagasti\/2014\/11\/10\/la-pasta-ya-esta-fuera-del-dentifrico\/","title":{"rendered":"La pasta ya est\u00e1 fuera del dent\u00edfrico"},"content":{"rendered":"<p><strong><strong>Lunes 10 de noviembre de 2014<\/strong><\/strong><\/p>\n<p><a href=\"http:\/\/blogs.deia.com\/anasagasti\/files\/2014\/11\/Artur-Mas.jpg\"><img loading=\"lazy\" decoding=\"async\" class=\"alignleft size-full wp-image-5690\" src=\"http:\/\/blogs.deia.com\/anasagasti\/files\/2014\/11\/Artur-Mas.jpg\" alt=\"Artur Mas\" width=\"500\" height=\"451\" \/><\/a><\/p>\n<p>&nbsp;<\/p>\n<p>&nbsp;<\/p>\n<p>&nbsp;<\/p>\n<p>&nbsp;<\/p>\n<p>&nbsp;<\/p>\n<p>&nbsp;<\/p>\n<p>&nbsp;<\/p>\n<p>&nbsp;<\/p>\n<p>&nbsp;<\/p>\n<p>&nbsp;<\/p>\n<p>Es imposible meter de nuevo la pasta dental en un tubo dent\u00edfrico cuando \u00e9sta ya ha salido. Algo as\u00ed ocurre en Catalunya. Ya es muy tarde para las componendas. La parte m\u00e1s activa del pueblo catal\u00e1n, la que le importa lo que ocurre en su alrededor, habl\u00f3 el domingo\u00a0 contundentemente y dijo que quer\u00eda abordar su futuro de otra manera. Y lo hizo democr\u00e1ticamente, sin manipulaciones a la coreana. O a la bolivariana.<\/p>\n<p>Catalunya, su pueblo, las fuerzas que apostaron por el SI y el president Mas son los grandes triunfadores de una jornada c\u00edvica, festiva, pac\u00edfica y bien organizada. Es la foto de un pueblo en marcha, serio y eficaz.<\/p>\n<p>Dijo Rajoy la v\u00edspera en Extremadura que lo del 9 de noviembre en Catalunya ni era una Consulta, ni era un Refer\u00e9ndum. Lo curioso es que si no era ni una cosa ni la otra, \u00bfa qu\u00e9 tuvo que salir el ministro de justicia, Rafael \u00a0Catal\u00e1, a re\u00f1ir y amenazar al personal con el c\u00f3digo penal ?. \u00a0La derecha en Espa\u00f1a ni aprende nada, ni olvida nada.<\/p>\n<p>Hoy Pedro S\u00e1nchez se \u00a0ha reunido \u00a0con el PSC. En Madrid lo alaban por sus reflejos. No coincido con \u00e9sto. Ha sido la cl\u00e1sica reuni\u00f3n de marketing \u00a0vac\u00eda donde \u00a0han vuelto a reivindicar un gaseoso \u00a0federalismo, pero no asim\u00e9trico, como ped\u00eda Maragall. No se comprometer\u00e1\u00a0 a nada que ponga en duda la sacrosanta unidad de Espa\u00f1a. Y es el Partido socialista uno de los grandes culpables de esta situaci\u00f3n. Zapatero no cumpli\u00f3 su promesa de respetar lo que aprobara el Parlamento catal\u00e1n \u00a0y Alfonso Guerra se jact\u00f3 de haber cepillado el estatuto catal\u00e1n hasta hacerlo irreconocible.<\/p>\n<p>S\u00e1nchez, antes de abrir la boca, deber\u00eda pedir perd\u00f3n\u00a0 como \u00a0secretario general de un partido que le ha hecho tanto da\u00f1o a lo catal\u00e1n.<\/p>\n<p>De la derecha, mejor no hablar. Han perdido y est\u00e1n furiosos y negados a abordar con serenidad una situaci\u00f3n que se les escapa de las manos. No hay m\u00e1s que o\u00edr sus tertulias. Echan fuego l\u00edquido.<\/p>\n<p>Hoy el catalanismo pol\u00edtico est\u00e1 motorizado y ha perdido el miedo. Ha dado un aldabonazo al mundo y sabe que, o Madrid se mueve, o la situaci\u00f3n revienta.<\/p>\n<p>Finalmente un comentario sobre Pernando Barrena. Nos daba clases de democracia desde Barcelona una persona que durante dos d\u00e9cadas ha tratado de justificar los atentados de ETA. La Izquierda abertzale deber\u00eda prescindir de personajes de este tipo. Tienen mucha \u00a0gente limpia con la que se puede trabajar y no con sujetos como \u00e9ste\u00a0 que le han impedido al pueblo vasco durante d\u00e9cadas hacer planteamientos parecidos.<\/p>\n<p>En definitiva. Que estamos no ante el fin de algo, sino ante el comienzo de algo mucho m\u00e1s democr\u00e1tico. \u00a1Bien por Mas!. Visca Catalunya lliure.<\/p>\n<p>&nbsp;<\/p>\n<!-- AddThis Advanced Settings generic via filter on the_content --><!-- AddThis Share Buttons generic via filter on the_content -->","protected":false},"excerpt":{"rendered":"<p>Lunes 10 de noviembre de 2014 &nbsp; &nbsp; &nbsp; &nbsp; &nbsp; &nbsp; &nbsp; &nbsp; &nbsp; &nbsp; Es imposible meter de nuevo la pasta dental en un tubo dent\u00edfrico cuando \u00e9sta ya ha salido. Algo as\u00ed ocurre en Catalunya. Ya es muy tarde para las componendas. La parte m\u00e1s activa del pueblo catal\u00e1n, la que le &hellip; <a href=\"https:\/\/blogs.deia.eus\/anasagasti\/2014\/11\/10\/la-pasta-ya-esta-fuera-del-dentifrico\/\" class=\"more-link\">Sigue leyendo <span class=\"screen-reader-text\">La pasta ya est\u00e1 fuera del dent\u00edfrico<\/span><\/a><!-- AddThis Advanced Settings generic via filter on get_the_excerpt --><!-- AddThis Share Buttons generic via filter on get_the_excerpt --><\/p>\n","protected":false},"author":19,"featured_media":0,"comment_status":"open","ping_status":"open","sticky":false,"template":"","format":"standard","meta":{"footnotes":""},"categories":[1],"tags":[],"class_list":["post-5689","post","type-post","status-publish","format-standard","hentry","category-general"],"_links":{"self":[{"href":"https:\/\/blogs.deia.eus\/anasagasti\/wp-json\/wp\/v2\/posts\/5689","targetHints":{"allow":["GET"]}}],"collection":[{"href":"https:\/\/blogs.deia.eus\/anasagasti\/wp-json\/wp\/v2\/posts"}],"about":[{"href":"https:\/\/blogs.deia.eus\/anasagasti\/wp-json\/wp\/v2\/types\/post"}],"author":[{"embeddable":true,"href":"https:\/\/blogs.deia.eus\/anasagasti\/wp-json\/wp\/v2\/users\/19"}],"replies":[{"embeddable":true,"href":"https:\/\/blogs.deia.eus\/anasagasti\/wp-json\/wp\/v2\/comments?post=5689"}],"version-history":[{"count":2,"href":"https:\/\/blogs.deia.eus\/anasagasti\/wp-json\/wp\/v2\/posts\/5689\/revisions"}],"predecessor-version":[{"id":5692,"href":"https:\/\/blogs.deia.eus\/anasagasti\/wp-json\/wp\/v2\/posts\/5689\/revisions\/5692"}],"wp:attachment":[{"href":"https:\/\/blogs.deia.eus\/anasagasti\/wp-json\/wp\/v2\/media?parent=5689"}],"wp:term":[{"taxonomy":"category","embeddable":true,"href":"https:\/\/blogs.deia.eus\/anasagasti\/wp-json\/wp\/v2\/categories?post=5689"},{"taxonomy":"post_tag","embeddable":true,"href":"https:\/\/blogs.deia.eus\/anasagasti\/wp-json\/wp\/v2\/tags?post=5689"}],"curies":[{"name":"wp","href":"https:\/\/api.w.org\/{rel}","templated":true}]}}