{"id":5700,"date":"2014-11-12T20:34:52","date_gmt":"2014-11-12T18:34:52","guid":{"rendered":"http:\/\/blogs.deia.com\/anasagasti\/?p=5700"},"modified":"2014-11-12T20:34:52","modified_gmt":"2014-11-12T18:34:52","slug":"hablo-rajoy-como-si-fuera-el-cid","status":"publish","type":"post","link":"https:\/\/blogs.deia.eus\/anasagasti\/2014\/11\/12\/hablo-rajoy-como-si-fuera-el-cid\/","title":{"rendered":"Habl\u00f3 Rajoy como si fuera el CID"},"content":{"rendered":"<p><strong><strong>Mi\u00e9rcoles 12 de noviembre de 2014<\/strong><\/strong><\/p>\n<p><a href=\"http:\/\/blogs.deia.com\/anasagasti\/files\/2014\/11\/1317.14.png\"><img loading=\"lazy\" decoding=\"async\" class=\"alignleft size-full wp-image-5701\" src=\"http:\/\/blogs.deia.com\/anasagasti\/files\/2014\/11\/1317.14.png\" alt=\"1317.14\" width=\"182\" height=\"277\" \/><\/a>Habl\u00f3 Rajoy y dijo mu, o mejor dicho, no dijo ni mu. Amenazas, unidad de la patria, desprecio a la participaci\u00f3n manifestada el 9 de noviembre.<\/p>\n<p>La v\u00edspera lo hab\u00edamos visto en el Senado. La v\u00edspera, el martes, nos ven\u00eda Soraya S\u00e1enz de Santamar\u00eda, la vicepresidenta. Aplausos a su entrada. Como si la sala del senado fuera un plat\u00f3. Y pregunta del portavoz de CIU en el Senado, Josep lluis Cleries, para saber que pensaba el gobierno. Y contest\u00f3 la Do\u00f1a en tono chulesco. Pero no fue solo ella. Fueron los distintos ministros, incluso Montoro y Jorge Fern\u00e1ndez, los que estaban faltones y ofensivos. Han pasado de ridiculizar la consulta a estar tan irritados\u00a0 al insulto personal porque se ha puesto en cuesti\u00f3n la unidad indivisible de Espa\u00f1a. Esto sigue siendo intolerable. Es la madre del cordero.<\/p>\n<p>Los senadores de CIU han pasado de ser los buenos chicos a convertirse para el PP en los apestados de la C\u00e1mara. Ya no tienen el estado en la cabeza, ya no es Pujol el \u00abespa\u00f1ol del a\u00f1o\u00bb, ya la numerosa participaci\u00f3n del domingo es una minucia cuando ellos gobiernan con el 29 % del censo que les da una mayor\u00eda absoluta. Ya no les hace gracia que se hable catal\u00e1n en la intimidad. Ya se dan cuenta que la fantasiosa Marca Espa\u00f1a se agrieta por momentos porque en dos a\u00f1os, con sus torpezas, han creado diez mil independentistas por d\u00eda con sus desprecios, sus silencios, su incapacidad para abordar un problema cuando \u00e9ste se plantea.<\/p>\n<p>Y si piensan que dej\u00e1ndolo en silencio o acudiendo al Fiscal, lo van a solucionar. Lo van a empeorar. Aznar persigui\u00f3 a Carod Rovira y \u00e9ste pas\u00f3 de un diputado a ocho. Y si el fiscal persigue a Mas, adem\u00e1s de convertirlo en h\u00e9roe, lo sacraliza y lo hace un m\u00e1rtir.<\/p>\n<p>Ni aprenden nada, ni entienden nada.<\/p>\n<p>Un desastre total.<\/p>\n<p>\u00bfY Pedro S\u00e1nchez?.<\/p>\n<p>Este caballero cree que todo se\u00a0 resuelve con una reuni\u00f3n a tres: Rajoy, Mas y \u00e9l, como \u00abjefe de la oposici\u00f3n\u00bb. Este caballero no es jefe de oposici\u00f3n alguna. Es jefe de su partido y nada m\u00e1s.<\/p>\n<p>En definitiva que el campo de juego para Rajoy es una reforma de la Constituci\u00f3n llevada a las Cortes para aplastarlas con su voto, como hicieron con Ibarretxe. Rajoy sigue sin entender nada.<\/p>\n<p>Que sigan as\u00ed.<\/p>\n<p>&nbsp;<\/p>\n<p>&nbsp;<\/p>\n<!-- AddThis Advanced Settings generic via filter on the_content --><!-- AddThis Share Buttons generic via filter on the_content -->","protected":false},"excerpt":{"rendered":"<p>Mi\u00e9rcoles 12 de noviembre de 2014 Habl\u00f3 Rajoy y dijo mu, o mejor dicho, no dijo ni mu. Amenazas, unidad de la patria, desprecio a la participaci\u00f3n manifestada el 9 de noviembre. La v\u00edspera lo hab\u00edamos visto en el Senado. La v\u00edspera, el martes, nos ven\u00eda Soraya S\u00e1enz de Santamar\u00eda, la vicepresidenta. Aplausos a su &hellip; <a href=\"https:\/\/blogs.deia.eus\/anasagasti\/2014\/11\/12\/hablo-rajoy-como-si-fuera-el-cid\/\" class=\"more-link\">Sigue leyendo <span class=\"screen-reader-text\">Habl\u00f3 Rajoy como si fuera el CID<\/span><\/a><!-- AddThis Advanced Settings generic via filter on get_the_excerpt --><!-- AddThis Share Buttons generic via filter on get_the_excerpt --><\/p>\n","protected":false},"author":19,"featured_media":0,"comment_status":"open","ping_status":"open","sticky":false,"template":"","format":"standard","meta":{"footnotes":""},"categories":[1],"tags":[],"class_list":["post-5700","post","type-post","status-publish","format-standard","hentry","category-general"],"_links":{"self":[{"href":"https:\/\/blogs.deia.eus\/anasagasti\/wp-json\/wp\/v2\/posts\/5700","targetHints":{"allow":["GET"]}}],"collection":[{"href":"https:\/\/blogs.deia.eus\/anasagasti\/wp-json\/wp\/v2\/posts"}],"about":[{"href":"https:\/\/blogs.deia.eus\/anasagasti\/wp-json\/wp\/v2\/types\/post"}],"author":[{"embeddable":true,"href":"https:\/\/blogs.deia.eus\/anasagasti\/wp-json\/wp\/v2\/users\/19"}],"replies":[{"embeddable":true,"href":"https:\/\/blogs.deia.eus\/anasagasti\/wp-json\/wp\/v2\/comments?post=5700"}],"version-history":[{"count":1,"href":"https:\/\/blogs.deia.eus\/anasagasti\/wp-json\/wp\/v2\/posts\/5700\/revisions"}],"predecessor-version":[{"id":5702,"href":"https:\/\/blogs.deia.eus\/anasagasti\/wp-json\/wp\/v2\/posts\/5700\/revisions\/5702"}],"wp:attachment":[{"href":"https:\/\/blogs.deia.eus\/anasagasti\/wp-json\/wp\/v2\/media?parent=5700"}],"wp:term":[{"taxonomy":"category","embeddable":true,"href":"https:\/\/blogs.deia.eus\/anasagasti\/wp-json\/wp\/v2\/categories?post=5700"},{"taxonomy":"post_tag","embeddable":true,"href":"https:\/\/blogs.deia.eus\/anasagasti\/wp-json\/wp\/v2\/tags?post=5700"}],"curies":[{"name":"wp","href":"https:\/\/api.w.org\/{rel}","templated":true}]}}