{"id":5703,"date":"2014-11-13T21:51:21","date_gmt":"2014-11-13T19:51:21","guid":{"rendered":"http:\/\/blogs.deia.com\/anasagasti\/?p=5703"},"modified":"2014-11-13T21:51:21","modified_gmt":"2014-11-13T19:51:21","slug":"el-pais-de-soraya-da-por-amortizada-a-cospedal-2","status":"publish","type":"post","link":"https:\/\/blogs.deia.eus\/anasagasti\/2014\/11\/13\/el-pais-de-soraya-da-por-amortizada-a-cospedal-2\/","title":{"rendered":"&#8216;El Pa\u00eds&#8217; de Soraya da por amortizada a Cospedal"},"content":{"rendered":"<p><strong><strong>Jueves 13 de noviembre de 2014<\/strong><\/strong><\/p>\n<p><a href=\"http:\/\/blogs.deia.com\/anasagasti\/files\/2014\/11\/1282.141.png\"><img loading=\"lazy\" decoding=\"async\" class=\"alignleft size-full wp-image-5704\" src=\"http:\/\/blogs.deia.com\/anasagasti\/files\/2014\/11\/1282.141.png\" alt=\"1282.14\" width=\"275\" height=\"183\" \/><\/a>El peri\u00f3dico de Cebri\u00e1n y Soraya S\u00e1enz Santamar\u00eda maniobra, sin disimulo, para dejar a la vicepresidenta sin rivales dentro del partido.<\/p>\n<p>\u00abEl PP ha hecho todo lo que pod\u00eda hacer.<\/p>\n<p>La frase de Mar\u00eda Dolores de Cospedal tras la reuni\u00f3n de la c\u00fapula en Genova ha generado numerosas cr\u00edticas, de entre las que destacan unas: las que le dedica El Pa\u00eds, que la convierte en protagonista de la portada y le dedica un editorial lleno de dardos.<\/p>\n<p>Bajo el titular \u201cEl PP no cree necesario hacer nada m\u00e1s contra la corrupci\u00f3n\u201del art\u00edculo carga las tintas contra \u00abla c\u00fapula\u00bb del partido que controla lan\u00famero dos de Rajoy. Y critica la comparecencia de la secretariageneral, de quien dice que \u00abreaccion\u00f3 a la defensiva\u00bb ante los que pidenuna renovaci\u00f3n que \u00abincluya incluso un cambio generacional\u00bb. Unaafirmaci\u00f3n que llega en medio de las maniobras de Soraya S\u00e1enz de Santamar\u00eda,\u00edntima de Juan Luis Cebri\u00e1n y benefactora de Prisa,protagonista desde hace a\u00f1os de una soterrada lucha interna conCospedal.<\/p>\n<p>Desde que la mediaci\u00f3n de Soraya S\u00e1enz de Santamar\u00eda con los acreedores, 28 bancos y 17 fondos de inversi\u00f3n, evit\u00f3 la quiebra del Grupo Prisa -que tiene una deuda gigantesca de miles de millones de euros- El Pa\u00eds no disimula su apoyo incondicional a la vicepresidente, que parece marcar la l\u00ednea editorial del diario. Con episodios tan bochornosos como la presentaci\u00f3n en Barcelona de Elpais.cat con el d\u00fao Soraya-Cebri\u00e1n como maestros de ceremonias.<\/p>\n<p>El diario habla en el art\u00edculo de \u00abbloqueo\u00bb y se\u00f1ala el \u00abtono airado\u00bb empleado por Cospedal en su respuesta ante las cr\u00edticas internas. Su reacci\u00f3n, apunta, evidenci\u00f3 la \u00abtensi\u00f3n\u00bb que se vive dentro del PP. Y concluye se\u00f1alando que su comparecencia no sirvi\u00f3 para defender a Rajoy frente a la cascada de esc\u00e1ndalos de corrupci\u00f3n de las \u00faltimas semanas: \u00abRajoy no quiere comparecer en el Congreso con el argumento de que es el PP, y no el Gobierno, quien debe explicar los esc\u00e1ndalos que le afectan, pero Cospedal no aclar\u00f3 nada sobre los 1,7 millones pagados en B para las obras de la sede central de la calle G\u00e9nova, o la investigaci\u00f3n sobre la posible financiaci\u00f3n ilegal de su propia campa\u00f1a electoral\u00bb.<\/p>\n<p>En el editorial contin\u00faan las cr\u00edticas. El diario pide \u00abmedidas ejemplares\u00bb y ataca, en alusi\u00f3n a la n\u00famero dos del PP, a los \u00abresponsables pol\u00edticos que durante a\u00f1os han sostenido que sus conmilitones son v\u00edctimas de oscuros ataques cuando se hurga en la raz\u00f3n de decisiones discrecionales o en sus patrimonios, o que pretenden aplazarlo todo hasta que haya sentencias judiciales\u00bb.<\/p>\n<p>A\u00f1ade que los partidos s\u00ed pueden hacer cosas, como \u00abconducir indagaciones internas o aceptar comisiones de investigaci\u00f3n parlamentaria\u00bb. Y apunta que tachar de \u00bbcobardes\u00bb, como hizo Cospedal, a los cr\u00edticos que piden \u00abla renovaci\u00f3n de la direcci\u00f3n del PP o un congreso para dar paso a una nueva generaci\u00f3n\u00bb sit\u00faa \u00abel problema en t\u00e9rminos de mantenimiento del poder, y no de regeneraci\u00f3n\u00bb.<\/p>\n<p>&nbsp;<\/p>\n<!-- AddThis Advanced Settings generic via filter on the_content --><!-- AddThis Share Buttons generic via filter on the_content -->","protected":false},"excerpt":{"rendered":"<p>Jueves 13 de noviembre de 2014 El peri\u00f3dico de Cebri\u00e1n y Soraya S\u00e1enz Santamar\u00eda maniobra, sin disimulo, para dejar a la vicepresidenta sin rivales dentro del partido. \u00abEl PP ha hecho todo lo que pod\u00eda hacer. La frase de Mar\u00eda Dolores de Cospedal tras la reuni\u00f3n de la c\u00fapula en Genova ha generado numerosas cr\u00edticas, &hellip; <a href=\"https:\/\/blogs.deia.eus\/anasagasti\/2014\/11\/13\/el-pais-de-soraya-da-por-amortizada-a-cospedal-2\/\" class=\"more-link\">Sigue leyendo <span class=\"screen-reader-text\">&#8216;El Pa\u00eds&#8217; de Soraya da por amortizada a Cospedal<\/span><\/a><!-- AddThis Advanced Settings generic via filter on get_the_excerpt --><!-- AddThis Share Buttons generic via filter on get_the_excerpt --><\/p>\n","protected":false},"author":19,"featured_media":0,"comment_status":"open","ping_status":"open","sticky":false,"template":"","format":"standard","meta":{"footnotes":""},"categories":[1],"tags":[],"class_list":["post-5703","post","type-post","status-publish","format-standard","hentry","category-general"],"_links":{"self":[{"href":"https:\/\/blogs.deia.eus\/anasagasti\/wp-json\/wp\/v2\/posts\/5703","targetHints":{"allow":["GET"]}}],"collection":[{"href":"https:\/\/blogs.deia.eus\/anasagasti\/wp-json\/wp\/v2\/posts"}],"about":[{"href":"https:\/\/blogs.deia.eus\/anasagasti\/wp-json\/wp\/v2\/types\/post"}],"author":[{"embeddable":true,"href":"https:\/\/blogs.deia.eus\/anasagasti\/wp-json\/wp\/v2\/users\/19"}],"replies":[{"embeddable":true,"href":"https:\/\/blogs.deia.eus\/anasagasti\/wp-json\/wp\/v2\/comments?post=5703"}],"version-history":[{"count":1,"href":"https:\/\/blogs.deia.eus\/anasagasti\/wp-json\/wp\/v2\/posts\/5703\/revisions"}],"predecessor-version":[{"id":5705,"href":"https:\/\/blogs.deia.eus\/anasagasti\/wp-json\/wp\/v2\/posts\/5703\/revisions\/5705"}],"wp:attachment":[{"href":"https:\/\/blogs.deia.eus\/anasagasti\/wp-json\/wp\/v2\/media?parent=5703"}],"wp:term":[{"taxonomy":"category","embeddable":true,"href":"https:\/\/blogs.deia.eus\/anasagasti\/wp-json\/wp\/v2\/categories?post=5703"},{"taxonomy":"post_tag","embeddable":true,"href":"https:\/\/blogs.deia.eus\/anasagasti\/wp-json\/wp\/v2\/tags?post=5703"}],"curies":[{"name":"wp","href":"https:\/\/api.w.org\/{rel}","templated":true}]}}