{"id":5709,"date":"2014-11-15T22:17:27","date_gmt":"2014-11-15T20:17:27","guid":{"rendered":"http:\/\/blogs.deia.com\/anasagasti\/?p=5709"},"modified":"2014-11-15T22:17:27","modified_gmt":"2014-11-15T20:17:27","slug":"cosas-de-la-semana","status":"publish","type":"post","link":"https:\/\/blogs.deia.eus\/anasagasti\/2014\/11\/15\/cosas-de-la-semana\/","title":{"rendered":"Cosas de la semana"},"content":{"rendered":"<p><strong><strong>S\u00e1bado 15 de noviembre 2014<\/strong><\/strong><\/p>\n<p>El caso del presidente de la Junta de Extremadura, Jos\u00e9 Antonio Monago colete\u00f3 toda la semana. Monago tras sus lloros ante Rajoy en la reuni\u00f3n de Buenas Pr\u00e1cticas del PP, contraatac\u00f3 tratando de demostrar que se hab\u00eda pagado todos sus viajes a Canarias. Tres ruedas de prensa para decir y desdecirse.<\/p>\n<p>Alfonso Guerra se despidi\u00f3 y el presidente del Congreso, Posadas desde la presidencia le dijo que hab\u00eda sido un honor trabajar con \u00e9l. El viejo parlamentario de colmillo retorcido y enroscado, se desped\u00eda de la C\u00e1mara tras 35 a\u00f1os en ella. Isabel Pantoja no ingres\u00f3 en la c\u00e1rcel y Urdangarin fue denunciado por los privilegios que sigue ostentando en sus viajes. El Tribunal Supremo llam\u00f3 a Chaves y a Gri\u00f1\u00e1n a declarar. En Catalunya se digirieron los resultados de la consulta \u00a0y el PP mostr\u00f3 toda su agresividad ante Mas. Rajoy sali\u00f3 a los tres d\u00edas a valorar la consulta catalana y no se movi\u00f3 en nada. Felipe VI viaj\u00f3 a Luxemburgo y a B\u00e9lgica y Juncker fue acusado de haber gobernado un pa\u00eds que chupaba todos los impuestos de las multinacionales. La jueza Alaya segu\u00eda su instrucci\u00f3n del caso de los Eres de Andaluc\u00eda y sali\u00f3 mi \u00a0libro \u00abUna Monarqu\u00eda poco ejemplar\u00bb.<\/p>\n<p><strong><strong>Moren\u00e9s no desclasifica<\/strong><\/strong>.<\/p>\n<p><a href=\"http:\/\/blogs.deia.com\/anasagasti\/files\/2014\/11\/Moren\u00e9s.png\"><img loading=\"lazy\" decoding=\"async\" class=\"alignleft size-full wp-image-5710\" src=\"http:\/\/blogs.deia.com\/anasagasti\/files\/2014\/11\/Moren\u00e9s.png\" alt=\"Moren\u00e9s\" width=\"196\" height=\"257\" \/><\/a>Pregunt\u00e9 al ministro de Defensa Pedro Moren\u00e9s el por qu\u00e9 tiene diez mil legajos de documentos secuestrados \u00a0sin que los historiadores puedan consultarlos. Me contest\u00f3 diciendo que la ministra Carmen Chac\u00f3n no lo hizo, que\u00a0 esos papeles pueden \u00a0tener alguna alusi\u00f3n que afecte al honor de las personas, que hace falta tiempo y que no tiene presupuesto. En definitiva, nada de nada con excusas peregrinas para ocultar a los investigadores documentos fundamentales para trabajar en el an\u00e1lisis de la historia reciente de la dictadura \u00a0y desconociendo\u00a0 gravemente lo que la Uni\u00f3n Europea pide que es abrir los archivos a los treinta a\u00f1os.<\/p>\n<p><strong><strong>Visita a la UVE.<\/strong><\/strong><\/p>\n<p><a href=\"http:\/\/blogs.deia.com\/anasagasti\/files\/2014\/11\/UVE.jpg\"><img loading=\"lazy\" decoding=\"async\" class=\"alignleft size-full wp-image-5711\" src=\"http:\/\/blogs.deia.com\/anasagasti\/files\/2014\/11\/UVE.jpg\" alt=\"UVE\" width=\"1024\" height=\"768\" srcset=\"https:\/\/blogs.deia.eus\/anasagasti\/files\/2014\/11\/UVE.jpg 1024w, https:\/\/blogs.deia.eus\/anasagasti\/files\/2014\/11\/UVE-580x435.jpg 580w, https:\/\/blogs.deia.eus\/anasagasti\/files\/2014\/11\/UVE-940x705.jpg 940w\" sizes=\"auto, (max-width: 1024px) 100vw, 1024px\" \/><\/a>La UVE es la Unidad de Verificaci\u00f3n del Ej\u00e9rcito en Carabanchel \u00a0\u00a0y all\u00ed fuimos a visitarla las comisiones de defensa del Congreso y el Senado. Son sus presidentes Agust\u00edn Conde y Santiago L\u00f3pez Valdivieso respectivamente.<\/p>\n<p>Nos recibi\u00f3 el\u00a0 almirante Fernando Garc\u00eda S\u00e1nchez, jefe del Jemad, que es\u00a0 el m\u00e1ximo jefe \u00a0del ej\u00e9rcito y el coronel de la Unidad de Francisco \u00a0Lanza. Fundamentalmente se ocupan de verificar como se cumplen los acuerdos internacionales de desarme. Para ello tienen que tener una s\u00f3lida especializaci\u00f3n y conocer idiomas, sobre todo el ruso. Despu\u00e9s de escuchar las explicaciones de lo que hac\u00edan, muy interesantes,\u00a0pasamos por los distintos departamentos y terminamos tomando una copichuela y dos croquetas. La UVE quiere darse a conocer, son gentes que se desvivieron en la visita, su trabajo es t\u00e9cnico y engarzado en los compromisos europeos\u00a0 y est\u00e1n contentos con lo que hacen y desde donde lo hacen. Solo tuve una mini discusi\u00f3n con un oficial que teniendo un euf\u00f3nico apellido eusk\u00e9rico me dijo que su apellido no era vasco sino navarro. Ah\u00ed me desencant\u00f3 algo la apertura de mente de algunos.<\/p>\n<p><strong><strong>Un denso pleno<\/strong><\/strong><\/p>\n<p>Suelen hacerse c\u00e1lculos sobre lo que duran los plenos. Esta semana los agoreros se equivocaron meridianamente. Nos dec\u00edan que acabar\u00eda tarde el mi\u00e9rcoles y no fue as\u00ed pues termin\u00f3 el jueves a las cinco de la tarde. Tuvimos tres proyectos de ley, hicimos dos preguntas al gobierno, y discutimos una Interpelaci\u00f3n que defendi\u00f3 Bildarratz sobre\u00a0 las recomendaciones planteadas por el Relator de las Naciones Unidas en relaci\u00f3n\u00a0 con la investigaci\u00f3n de los graves cr\u00edmenes\u00a0 cometidos durante la guerra civil y el franquismo. El ministro de justicia Rafael Catal\u00e1 estuvo correcto en la descripci\u00f3n pero bas\u00f3 toda su argumentaci\u00f3n en que la ley de Amnist\u00eda del 77 hab\u00eda hecho que se consagrara el no mirar atr\u00e1s. Es decir, que aquello fue una ley de punto final. Y eso que los delitos de lesa humanidad no prescriben.<\/p>\n<p><a href=\"http:\/\/blogs.deia.com\/anasagasti\/files\/2014\/11\/Cocina-del-Alabardero.jpg\"><img loading=\"lazy\" decoding=\"async\" class=\"alignleft size-full wp-image-5712\" src=\"http:\/\/blogs.deia.com\/anasagasti\/files\/2014\/11\/Cocina-del-Alabardero.jpg\" alt=\"Cocina del Alabardero\" width=\"379\" height=\"560\" \/><\/a>En el pleno sal\u00ed en un receso al Museo del Traje donde el cura Lezama presentaba su libro sobre los cincuenta a\u00f1os de la Taberna del Alabardero ante cocineros, m\u00fasicos y una sala repleta. Tambi\u00e9n, por la ma\u00f1ana,\u00a0nos hicieron una representaci\u00f3n sobre el Desayuno Saludable. Cereales, jugos, yogures, panes integrales, en definitiva dieta mediterr\u00e1nea\u00a0 frente a los huevos fritos con bacon.<\/p>\n<p>Y comenzamos a poner en marcha el Intergrupo de Derechos Humanos y firmamos la petici\u00f3n, 77, para que se discuta la posibilidad de que Palestina pueda convertirse en estado reconocido. La postura del Parlamento franc\u00e9s ha acicateado a Margallo. Siempre los impulsos han de venir desde fuera.<\/p>\n<p>Al finalizar el pleno, el jueves 13, invit\u00e9 a comer a cuatro antiguos compa\u00f1eros de aula de los Marianistas de San Sebasti\u00e1n que viven en Madrid. Aristi, Escudero, Finat y Abascal que vino desde Zaragoza. Hac\u00eda m\u00e1s de cincuenta a\u00f1os que no nos ve\u00edamos. La de vueltas que da la vida. Y recib\u00ed una llamada del embajador de Ucrania para pedirnos les apoyemos ante la dif\u00edcil situaci\u00f3n que viven.<\/p>\n<p>Finalmente decir que todos los comentarios de pasillos se los ha llevado Monago y lo ocurrido el domingo anterior en Catalunya. El ex presidente Montilla, ante las amenazas de encausamiento al presidente Mas sali\u00f3 diciendo que \u00e9ste era su presidente y que estaba con \u00e9l. Le felicitamos.<\/p>\n<p>Acab\u00f3 la semana con una entrevista en ETB en el programa \u201cPor Fin Viernes\u201d sobre los \u00abprivilegios\u00bb de los pol\u00edticos. Estuvieron Ekaizer, Arantxa Furundarena y Paloma Zorrilla, dirigidos por Jon Bilbao. El debate pol\u00edtico est\u00e1 muy distorsionado y el caso Monago hace much\u00edsimo da\u00f1o.<\/p>\n<!-- AddThis Advanced Settings generic via filter on the_content --><!-- AddThis Share Buttons generic via filter on the_content -->","protected":false},"excerpt":{"rendered":"<p>S\u00e1bado 15 de noviembre 2014 El caso del presidente de la Junta de Extremadura, Jos\u00e9 Antonio Monago colete\u00f3 toda la semana. Monago tras sus lloros ante Rajoy en la reuni\u00f3n de Buenas Pr\u00e1cticas del PP, contraatac\u00f3 tratando de demostrar que se hab\u00eda pagado todos sus viajes a Canarias. Tres ruedas de prensa para decir y &hellip; <a href=\"https:\/\/blogs.deia.eus\/anasagasti\/2014\/11\/15\/cosas-de-la-semana\/\" class=\"more-link\">Sigue leyendo <span class=\"screen-reader-text\">Cosas de la semana<\/span><\/a><!-- AddThis Advanced Settings generic via filter on get_the_excerpt --><!-- AddThis Share Buttons generic via filter on get_the_excerpt --><\/p>\n","protected":false},"author":19,"featured_media":0,"comment_status":"open","ping_status":"open","sticky":false,"template":"","format":"standard","meta":{"footnotes":""},"categories":[1],"tags":[],"class_list":["post-5709","post","type-post","status-publish","format-standard","hentry","category-general"],"_links":{"self":[{"href":"https:\/\/blogs.deia.eus\/anasagasti\/wp-json\/wp\/v2\/posts\/5709","targetHints":{"allow":["GET"]}}],"collection":[{"href":"https:\/\/blogs.deia.eus\/anasagasti\/wp-json\/wp\/v2\/posts"}],"about":[{"href":"https:\/\/blogs.deia.eus\/anasagasti\/wp-json\/wp\/v2\/types\/post"}],"author":[{"embeddable":true,"href":"https:\/\/blogs.deia.eus\/anasagasti\/wp-json\/wp\/v2\/users\/19"}],"replies":[{"embeddable":true,"href":"https:\/\/blogs.deia.eus\/anasagasti\/wp-json\/wp\/v2\/comments?post=5709"}],"version-history":[{"count":1,"href":"https:\/\/blogs.deia.eus\/anasagasti\/wp-json\/wp\/v2\/posts\/5709\/revisions"}],"predecessor-version":[{"id":5713,"href":"https:\/\/blogs.deia.eus\/anasagasti\/wp-json\/wp\/v2\/posts\/5709\/revisions\/5713"}],"wp:attachment":[{"href":"https:\/\/blogs.deia.eus\/anasagasti\/wp-json\/wp\/v2\/media?parent=5709"}],"wp:term":[{"taxonomy":"category","embeddable":true,"href":"https:\/\/blogs.deia.eus\/anasagasti\/wp-json\/wp\/v2\/categories?post=5709"},{"taxonomy":"post_tag","embeddable":true,"href":"https:\/\/blogs.deia.eus\/anasagasti\/wp-json\/wp\/v2\/tags?post=5709"}],"curies":[{"name":"wp","href":"https:\/\/api.w.org\/{rel}","templated":true}]}}