{"id":5720,"date":"2014-11-17T21:54:55","date_gmt":"2014-11-17T19:54:55","guid":{"rendered":"http:\/\/blogs.deia.com\/anasagasti\/?p=5720"},"modified":"2014-11-17T21:54:55","modified_gmt":"2014-11-17T19:54:55","slug":"lo-que-nos-dijo-rajoy-sobre-trebino","status":"publish","type":"post","link":"https:\/\/blogs.deia.eus\/anasagasti\/2014\/11\/17\/lo-que-nos-dijo-rajoy-sobre-trebino\/","title":{"rendered":"Lo que nos dijo Rajoy sobre Trebi\u00f1o"},"content":{"rendered":"<p><strong><strong>Lunes 17 de noviembre de 2014<\/strong><\/strong><\/p>\n<p><a href=\"http:\/\/blogs.deia.com\/anasagasti\/files\/2014\/11\/Trebi\u00f1o-araba-da.png\"><img loading=\"lazy\" decoding=\"async\" class=\"alignleft size-full wp-image-5721\" src=\"http:\/\/blogs.deia.com\/anasagasti\/files\/2014\/11\/Trebi\u00f1o-araba-da.png\" alt=\"Trebi\u00f1o araba da\" width=\"245\" height=\"206\" \/><\/a>Hace a\u00f1os fui con el entonces vicelehendakari Juan Jos\u00e9 Ibarretxe a visitarle en su despacho de ministro de Administraciones P\u00fablicas a Mariano Rajoy. Lo ten\u00eda en Castellana 3.<\/p>\n<p>Ibarretxe le plante\u00f3 lo de siempre: el desarrollo estatutario. Hab\u00edamos pactado con Aznar\u00a0 las transferencias de competencias y aquello no se mov\u00eda. Y por eso fuimos donde \u00e9l. Y entre otras cuestiones le pedimos abordara la soluci\u00f3n de Trebi\u00f1o.<\/p>\n<p>Rajoy nos mir\u00f3 y con toda franqueza nos dijo:<\/p>\n<p>\u00abTen\u00e9is raz\u00f3n, pero es imposible. Si en lugar de en Araba, Trevi\u00f1o estuviese en Soria, hace a\u00f1os este asunto estar\u00eda resuelto, pero est\u00e1 en Araba, y todo lo que toca lo vasco es especial. \u00bfUna consulta sobre lo que piensan los trebi\u00f1eses? \u00a1Imposible!. Y adem\u00e1s el estatuto de Castilla Le\u00f3n cerr\u00f3 cualquier posibilidad\u00a0 de hacerlo. Se aprob\u00f3 despu\u00e9s del vuestro y los burgaleses lo cerraron\u00bb.<\/p>\n<p>Por lo menos fue sincero. El patriotismo espa\u00f1ol, esas cosas tan de embestir, funcionaba y sigue funcionando. Ten\u00e9is raz\u00f3n, pero no se hace. La extra\u00f1a \u00a0unidad de la Patria. \u00bfDe qu\u00e9 Patria?.<\/p>\n<p>Araba, seg\u00fan ellos, es Espa\u00f1a. \u00a1Pues deber\u00eda dar igual!. Una Puebla de Arganz\u00f3n a veinte kil\u00f3metros de Gasteiz y a 105 de Burgos. Pues parece que no.<\/p>\n<p>Y los diputados del PSE votar\u00e1n en contra de sus compa\u00f1eros del PSE alav\u00e9s. El partido vertebrador de Espa\u00f1a. Y el PP, por boca de Carmelo Barrios dice que no hay que abrir ese debate porque, puestos a ello,\u00a0nos quitar\u00edan el Concierto Econ\u00f3mico.<\/p>\n<p>Todo es muy \u00a0kafkiano, todo es muy antidemocr\u00e1tico, todo muy de juego de tah\u00fares, todo muy del Cid Campeador.<\/p>\n<p>\u00bfY el ciudadano?.<\/p>\n<p>Muy bien, gracias.<\/p>\n<p>&nbsp;<\/p>\n<p>&nbsp;<\/p>\n<!-- AddThis Advanced Settings generic via filter on the_content --><!-- AddThis Share Buttons generic via filter on the_content -->","protected":false},"excerpt":{"rendered":"<p>Lunes 17 de noviembre de 2014 Hace a\u00f1os fui con el entonces vicelehendakari Juan Jos\u00e9 Ibarretxe a visitarle en su despacho de ministro de Administraciones P\u00fablicas a Mariano Rajoy. Lo ten\u00eda en Castellana 3. Ibarretxe le plante\u00f3 lo de siempre: el desarrollo estatutario. Hab\u00edamos pactado con Aznar\u00a0 las transferencias de competencias y aquello no se &hellip; <a href=\"https:\/\/blogs.deia.eus\/anasagasti\/2014\/11\/17\/lo-que-nos-dijo-rajoy-sobre-trebino\/\" class=\"more-link\">Sigue leyendo <span class=\"screen-reader-text\">Lo que nos dijo Rajoy sobre Trebi\u00f1o<\/span><\/a><!-- AddThis Advanced Settings generic via filter on get_the_excerpt --><!-- AddThis Share Buttons generic via filter on get_the_excerpt --><\/p>\n","protected":false},"author":19,"featured_media":0,"comment_status":"open","ping_status":"open","sticky":false,"template":"","format":"standard","meta":{"footnotes":""},"categories":[1],"tags":[],"class_list":["post-5720","post","type-post","status-publish","format-standard","hentry","category-general"],"_links":{"self":[{"href":"https:\/\/blogs.deia.eus\/anasagasti\/wp-json\/wp\/v2\/posts\/5720","targetHints":{"allow":["GET"]}}],"collection":[{"href":"https:\/\/blogs.deia.eus\/anasagasti\/wp-json\/wp\/v2\/posts"}],"about":[{"href":"https:\/\/blogs.deia.eus\/anasagasti\/wp-json\/wp\/v2\/types\/post"}],"author":[{"embeddable":true,"href":"https:\/\/blogs.deia.eus\/anasagasti\/wp-json\/wp\/v2\/users\/19"}],"replies":[{"embeddable":true,"href":"https:\/\/blogs.deia.eus\/anasagasti\/wp-json\/wp\/v2\/comments?post=5720"}],"version-history":[{"count":1,"href":"https:\/\/blogs.deia.eus\/anasagasti\/wp-json\/wp\/v2\/posts\/5720\/revisions"}],"predecessor-version":[{"id":5722,"href":"https:\/\/blogs.deia.eus\/anasagasti\/wp-json\/wp\/v2\/posts\/5720\/revisions\/5722"}],"wp:attachment":[{"href":"https:\/\/blogs.deia.eus\/anasagasti\/wp-json\/wp\/v2\/media?parent=5720"}],"wp:term":[{"taxonomy":"category","embeddable":true,"href":"https:\/\/blogs.deia.eus\/anasagasti\/wp-json\/wp\/v2\/categories?post=5720"},{"taxonomy":"post_tag","embeddable":true,"href":"https:\/\/blogs.deia.eus\/anasagasti\/wp-json\/wp\/v2\/tags?post=5720"}],"curies":[{"name":"wp","href":"https:\/\/api.w.org\/{rel}","templated":true}]}}