{"id":5723,"date":"2014-11-18T23:06:40","date_gmt":"2014-11-18T21:06:40","guid":{"rendered":"http:\/\/blogs.deia.com\/anasagasti\/?p=5723"},"modified":"2014-11-18T23:06:40","modified_gmt":"2014-11-18T21:06:40","slug":"trevino-la-vieja-espana-y-el-psoe-no-tienen-remedio","status":"publish","type":"post","link":"https:\/\/blogs.deia.eus\/anasagasti\/2014\/11\/18\/trevino-la-vieja-espana-y-el-psoe-no-tienen-remedio\/","title":{"rendered":"Trevi\u00f1o. La vieja Espa\u00f1a y el PSOE no tienen remedio"},"content":{"rendered":"<p><strong><strong>Martes 18 de noviembre de 2014<\/strong><\/strong><\/p>\n<p><a href=\"http:\/\/blogs.deia.com\/anasagasti\/files\/2014\/11\/Javier-Agirre.jpg\"><img loading=\"lazy\" decoding=\"async\" class=\"alignleft size-full wp-image-5724\" src=\"http:\/\/blogs.deia.com\/anasagasti\/files\/2014\/11\/Javier-Agirre.jpg\" alt=\"Javier Agirre\" width=\"275\" height=\"183\" \/><\/a>En el Congreso de los Diputados, no en el Senado como le hubiera correspondido como C\u00e1mara de representaci\u00f3n territorial que es, se ha visto derrotada la iniciativa del Parlamento Vasco para que Trevi\u00f1o dejara de ser una anomal\u00eda hist\u00f3rica donde\u00a0 siguen primando\u00a0 m\u00e1s los intereses de la vieja Castilla que\u00a0 los \u00a0de la modernidad y el servicio a los ciudadanos.<\/p>\n<p>Trevi\u00f1o es Araba, pero un Conde en su d\u00eda y una distribuci\u00f3n territorial en el siglo XIX (cuando no contaban los habitantes sino los derechos de los Condes) lo hicieron pertenecer a Burgos estando a veinte kil\u00f3metros de Vitoria-Gasteiz y a ciento cinco de Burgos capital, que por cierto solo se ocupa de Trevi\u00f1o a la hora de colocar la bandera espa\u00f1ola, pero no para pagar los servicios m\u00e1s b\u00e1sicos.<\/p>\n<p>En tiempos de Franco, el gobernador Trillo (padre de Federico Trillo), quiso permutar Trevi\u00f1o por la Rioja alavesa. Afortunadamente aquello no prosper\u00f3.<\/p>\n<p>Charli Prieto ha representado al PSE y ha hecho el papel\u00f3n de su vida. El Partido de Pedro S\u00e1nchez, que es quien manda, pues el PSE es solo una sucursal\u00a0 sin el menor derecho a nada salvo a la sumisi\u00f3n genuflexa, no ha hecho suyo lo que el PSE hizo suyo, es decir, han vuelto a demostrar\u00a0 que no pintan absolutamente \u00a0nada.<\/p>\n<p>UP y D por lo menos dice que si tuviera un parlamentario en las Cortes de Castilla y Le\u00f3n plantear\u00edan que Trevi\u00f1o fuese Araba, porque Araba es Espa\u00f1a. Parece que, lo dicen con su negativa,\u00a0para el PSOE y el PP no. \u00a0Araba debe ser el extranjero. Buena noticia.<\/p>\n<p>El debate pues \u00a0ha sido un esperpento espa\u00f1olista m\u00e1s. Luego se quejan que los de Podemos les ladren en la cueva. Solo faltaron \u00a0Blas Pi\u00f1ar y Federico Jim\u00e9nez Losantos.<\/p>\n<p>Colgu\u00e9 ayer lo que nos dijo Mariano Rajoy\u00a0 en su despacho a Ibarretxe y a mi sobre Trevi\u00f1o \u00a0que fue comentado por la tarde \u00a0en el programa de Claudio Landa en ETB. Y es verdad. Si Trevi\u00f1o hubiera estado en Soria, en lugar de en Araba, el tema estar\u00eda resuelto. Pero es que detr\u00e1s de la anomal\u00eda de Trevi\u00f1o est\u00e1 la identidad patria de la espa\u00f1olidad m\u00e1s reaccionaria y eso solo lo paga el ciudadano de Trevi\u00f1o.<\/p>\n<p>Y es que el Estatuto de Gernika fue el primer estatuto aprobado. Y en \u00e9l se contemplaba el reingreso de Trevi\u00f1o. Pero vinieron los listos de los negociadores de Castilla y Le\u00f3n y cerraron con siete llaves la m\u00ednima posibilidad de que esto se pudiera arreglar civilizadamente a tres a\u00f1os de aprobado el de Gernika. Juego sucio de la peor especie.<\/p>\n<p>No s\u00e9 lo que pasar\u00eda si en Trevi\u00f1o hubiera petr\u00f3leo. Pero no lo hay. Solo hay esencias espa\u00f1olas.<\/p>\n<p>Ibarretxe fue en su d\u00eda al Congreso, no al Senado,\u00a0con su reforma del estatuto de autonom\u00eda de Gernika. Mariano Rajoy y Rodr\u00edguez Zapatero se pusieron de acuerdo y no lo admitieron ni \u00a0a tr\u00e1mite. Ha vuelto a ocurrir con Trevi\u00f1o.<\/p>\n<p>Luego se quejan de la desafecci\u00f3n vasca a la identidad y al proceder espa\u00f1ol.<\/p>\n<p>Y una vez m\u00e1s se demuestra que quien no quiere que el Senado sirva para algo es el Congreso.<\/p>\n<p>He ah\u00ed una vez m\u00e1s\u00a0se constata que el PSOE de Pedro S\u00e1nchez, sigue siendo lo mismo que el PP de Mariano Rajoy.<\/p>\n<p>Tres\u00a0 conclusiones pues:<\/p>\n<p>-El PSOE es igual que el PP.<\/p>\n<p>-El Congreso busca matar al Senado. No le da ni agua. Y los periodistas callan.<\/p>\n<p>-A Burgos le interesa m\u00e1s la bandera espa\u00f1ola en La Puebla de Arganz\u00f3n que sus ciudadanos.<\/p>\n<p>Nada nuevo bajo el sol.<\/p>\n<p>&nbsp;<\/p>\n<!-- AddThis Advanced Settings generic via filter on the_content --><!-- AddThis Share Buttons generic via filter on the_content -->","protected":false},"excerpt":{"rendered":"<p>Martes 18 de noviembre de 2014 En el Congreso de los Diputados, no en el Senado como le hubiera correspondido como C\u00e1mara de representaci\u00f3n territorial que es, se ha visto derrotada la iniciativa del Parlamento Vasco para que Trevi\u00f1o dejara de ser una anomal\u00eda hist\u00f3rica donde\u00a0 siguen primando\u00a0 m\u00e1s los intereses de la vieja Castilla &hellip; <a href=\"https:\/\/blogs.deia.eus\/anasagasti\/2014\/11\/18\/trevino-la-vieja-espana-y-el-psoe-no-tienen-remedio\/\" class=\"more-link\">Sigue leyendo <span class=\"screen-reader-text\">Trevi\u00f1o. La vieja Espa\u00f1a y el PSOE no tienen remedio<\/span><\/a><!-- AddThis Advanced Settings generic via filter on get_the_excerpt --><!-- AddThis Share Buttons generic via filter on get_the_excerpt --><\/p>\n","protected":false},"author":19,"featured_media":0,"comment_status":"open","ping_status":"open","sticky":false,"template":"","format":"standard","meta":{"footnotes":""},"categories":[1],"tags":[],"class_list":["post-5723","post","type-post","status-publish","format-standard","hentry","category-general"],"_links":{"self":[{"href":"https:\/\/blogs.deia.eus\/anasagasti\/wp-json\/wp\/v2\/posts\/5723","targetHints":{"allow":["GET"]}}],"collection":[{"href":"https:\/\/blogs.deia.eus\/anasagasti\/wp-json\/wp\/v2\/posts"}],"about":[{"href":"https:\/\/blogs.deia.eus\/anasagasti\/wp-json\/wp\/v2\/types\/post"}],"author":[{"embeddable":true,"href":"https:\/\/blogs.deia.eus\/anasagasti\/wp-json\/wp\/v2\/users\/19"}],"replies":[{"embeddable":true,"href":"https:\/\/blogs.deia.eus\/anasagasti\/wp-json\/wp\/v2\/comments?post=5723"}],"version-history":[{"count":1,"href":"https:\/\/blogs.deia.eus\/anasagasti\/wp-json\/wp\/v2\/posts\/5723\/revisions"}],"predecessor-version":[{"id":5725,"href":"https:\/\/blogs.deia.eus\/anasagasti\/wp-json\/wp\/v2\/posts\/5723\/revisions\/5725"}],"wp:attachment":[{"href":"https:\/\/blogs.deia.eus\/anasagasti\/wp-json\/wp\/v2\/media?parent=5723"}],"wp:term":[{"taxonomy":"category","embeddable":true,"href":"https:\/\/blogs.deia.eus\/anasagasti\/wp-json\/wp\/v2\/categories?post=5723"},{"taxonomy":"post_tag","embeddable":true,"href":"https:\/\/blogs.deia.eus\/anasagasti\/wp-json\/wp\/v2\/tags?post=5723"}],"curies":[{"name":"wp","href":"https:\/\/api.w.org\/{rel}","templated":true}]}}