{"id":5727,"date":"2014-11-19T21:59:25","date_gmt":"2014-11-19T19:59:25","guid":{"rendered":"http:\/\/blogs.deia.com\/anasagasti\/?p=5727"},"modified":"2014-11-19T21:59:25","modified_gmt":"2014-11-19T19:59:25","slug":"por-que-las-cuentas-parlamentarias-son-tan-opacas","status":"publish","type":"post","link":"https:\/\/blogs.deia.eus\/anasagasti\/2014\/11\/19\/por-que-las-cuentas-parlamentarias-son-tan-opacas\/","title":{"rendered":"\u00bfPor qu\u00e9 las cuentas parlamentarias son tan opacas?"},"content":{"rendered":"<p><strong><strong>Mi\u00e9rcoles 19 de noviembre de 2014<\/strong><\/strong><\/p>\n<p><a href=\"http:\/\/blogs.deia.com\/anasagasti\/files\/2014\/11\/Posada.jpg\"><img loading=\"lazy\" decoding=\"async\" class=\"alignleft size-full wp-image-5728\" src=\"http:\/\/blogs.deia.com\/anasagasti\/files\/2014\/11\/Posada.jpg\" alt=\"Posada\" width=\"180\" height=\"200\" \/><\/a>Escuchaba hoy por la tarde el programa de Klaudio Landa en ETB. El\u00a0 tema puesto a discusi\u00f3n era el de los viajes de los parlamentarios, los gastos y sueldos de los mismos y el abuso existente. Salvo Jos\u00e9 Ram\u00f3n Bl\u00e1zquez me llam\u00f3 la atenci\u00f3n el nivel de agresividad y desconocimiento del tema y las cosas que all\u00ed se dec\u00edan. Y llam\u00e9 al programa. Estuvo bloqueado mucho tiempo. Me imagino que por el n\u00famero de llamadas opinando en el aire\u00a0 y muy primariamente y con las v\u00edsceras \u00a0sobre tema tan sensible. Parec\u00eda que lo que se buscaba era que un avance de la democracia como es una representaci\u00f3n pol\u00edtica pagada con dinero p\u00fablico, frente\u00a0 a un pasado en el que solo pod\u00edan ser diputados y senadores los muy ricos o los funcionarios, se fuera por tierra.<\/p>\n<p>Y llam\u00e9. Y volv\u00ed a llamar. As\u00ed hasta seis veces. Al final me cogieron y me dieron entrada cuando ya empezaba la siguiente secci\u00f3n, la dedicada a la Duquesa de Alba.<\/p>\n<p>Y dije:<\/p>\n<p>1.- Franco muri\u00f3 en la cama y dej\u00f3 toda la estructura del franquismo intacta.<\/p>\n<p>2.- Los procuradores franquistas cobraban en Consejos de Administraci\u00f3n y puestos p\u00fablicos.<\/p>\n<p>3.- Tras las elecciones democr\u00e1ticas de 1977 se empez\u00f3 a pagar vergonzantemente, creo recordar que sesenta mil pesetas, que era muy poco. Y los diputados del PNV viajaban en tren porque el aeropuerto de Sondica \u00a0siempre estaba cerrado. Cobrar se ve\u00eda como acto de mal gusto. Ven\u00edamos de una dictadura y se valoraba la entrega y el sacrificio.<\/p>\n<p>4.- Se mejor\u00f3\u00a0 con el tiempo en algo el pago, pero se camufl\u00f3 en dos apartados. Un sueldo base peque\u00f1o y dietas varias que no cotizaban por ser portavoz, por ser presidente de comisi\u00f3n, por ser miembro de la mesa,&#8230;Y se dio un plus para los gastos de habitaci\u00f3n, desayuno, comida y cena a los que no viv\u00edan en Madrid, cantidad que no llega. Viva usted en Madrid pagando el taxi 300 euros al mes y viva usted en un hotel y haga las tres comidas por 1.200 euros que se ha aumentado a 1.800. Se me dir\u00e1 que los mileuristas cobran menos, pero no estamos hablando de esto, sino de una representaci\u00f3n p\u00fablica y de personas que deciden con su voto la vida de millones de ciudadanos. Juan Ajuriaguerra ante aquella penuria de 1977 quiso alquilar un piso y que los ocho diputados del PNV vivieran en \u00e9l.<\/p>\n<p>5.- El PNV siempre quiso sincerar esta situaci\u00f3n. \u00bfCu\u00e1l era el problema?. Pues que el PP ten\u00eda a su c\u00fapula en el Congreso y en el Senado con sobresueldos y han sido ellos, con ayuda del PSOE, quienes han mantenido la ficci\u00f3n de sueldos bajos y dietas sin cotizar. Al parlamentario de infanter\u00eda se le redondeaba el sueldo con pluses de participaci\u00f3n en la direcci\u00f3n de \u00a0comisiones, y a los jefes con sobresueldos. Y se negaban a cambiar esta situaci\u00f3n. Lo quiso hacer Loyola de Palacio cuando en los a\u00f1os noventa quisimos aprobar un nuevo reglamento \u00a0y fracas\u00f3. No le dejaron. El portavoz, \u00bfqui\u00e9n era?. .Pues un se\u00f1or llamado Rodrigo Rato.<\/p>\n<p>6.- El PP ha pagado \u00e9sto con sobres de La Puerta y de B\u00e1rcenas.<\/p>\n<p>7.- Quiz\u00e1s ha habido\u00a0 m\u00e1s picaresca en el kilometraje del gasto en coche que en el gasto de los aviones. El 90% de los parlamentarios lo han usado correctamente, entre otras cosas porque que va a hacer uno en Sevilla sin ton ni son, aunque tambi\u00e9n se han hecho este tipo de viajes tur\u00edsticos, sin m\u00e1s. Y en tren. Pero es lo que menos se ha hecho. Se ha utilizado m\u00e1s en actos de partido, que estaban permitidos, pues nada se dec\u00eda al respecto.<\/p>\n<p>8.- El reglamento de las Cortes Generales no le dice al parlamentario que cuentas debe dar de los viajes que realiza .Hasta ahora por\u00a0 lo que \u00a0no ha habido delito. Lo habr\u00e1 a partir de ahora si se incumple. Y no creo que la gente est\u00e9 por la labor.<\/p>\n<p>9.- El PP y el PSOE han pactado una nueva forma de dar cuentas. Como en el chotis, lo han hecho a\u00a0 dos. Sin contar con nadie m\u00e1s. El Bipartidismo perfecto de estos 35 a\u00f1os parece\u00a0pretender continuar con las mismas pr\u00e1cticas. El PSOE de Pedro S\u00e1nchez parecer\u00eda ser el\u00a0 mismo PSOE que el de Rubalcaba con alguna capa de pintura .Nada m\u00e1s.<\/p>\n<p>10.- Lo que habr\u00eda que dilucidar es si un parlamentario puede hacer uso del pase de libre circulaci\u00f3n para actos de partido. Si\u00a0 no es as\u00ed, ni Eduardo Madina, ni Pedro S\u00e1nchez, ni\u00a0 Borrell, ni Almunia, ni Rubalcaba, ni nadie hubieran podido hacer las campa\u00f1as que han hecho. Este dato es importante.<\/p>\n<p>11.- Y finalmente\u00a0 la mala conducta\u00a0 de Monago \u00a0es responsable de haber destapado todo esto por su irresponsabilidad. No hay mal que por bien no\u00a0 venga. No me creo fuera a Canarias a trabajar. Ni nadie se lo cree. Otra cosa es que si hubiera sabido que no pod\u00eda usar el talonario, quiz\u00e1s no lo hubiera hecho. Pero \u00e9l ha pagado el pato, sobre todo por bocazas.<\/p>\n<p>Se avanza a trompicones, pero se avanza.<\/p>\n<p>&nbsp;<\/p>\n<!-- AddThis Advanced Settings generic via filter on the_content --><!-- AddThis Share Buttons generic via filter on the_content -->","protected":false},"excerpt":{"rendered":"<p>Mi\u00e9rcoles 19 de noviembre de 2014 Escuchaba hoy por la tarde el programa de Klaudio Landa en ETB. El\u00a0 tema puesto a discusi\u00f3n era el de los viajes de los parlamentarios, los gastos y sueldos de los mismos y el abuso existente. Salvo Jos\u00e9 Ram\u00f3n Bl\u00e1zquez me llam\u00f3 la atenci\u00f3n el nivel de agresividad y &hellip; <a href=\"https:\/\/blogs.deia.eus\/anasagasti\/2014\/11\/19\/por-que-las-cuentas-parlamentarias-son-tan-opacas\/\" class=\"more-link\">Sigue leyendo <span class=\"screen-reader-text\">\u00bfPor qu\u00e9 las cuentas parlamentarias son tan opacas?<\/span><\/a><!-- AddThis Advanced Settings generic via filter on get_the_excerpt --><!-- AddThis Share Buttons generic via filter on get_the_excerpt --><\/p>\n","protected":false},"author":19,"featured_media":0,"comment_status":"open","ping_status":"open","sticky":false,"template":"","format":"standard","meta":{"footnotes":""},"categories":[1],"tags":[],"class_list":["post-5727","post","type-post","status-publish","format-standard","hentry","category-general"],"_links":{"self":[{"href":"https:\/\/blogs.deia.eus\/anasagasti\/wp-json\/wp\/v2\/posts\/5727","targetHints":{"allow":["GET"]}}],"collection":[{"href":"https:\/\/blogs.deia.eus\/anasagasti\/wp-json\/wp\/v2\/posts"}],"about":[{"href":"https:\/\/blogs.deia.eus\/anasagasti\/wp-json\/wp\/v2\/types\/post"}],"author":[{"embeddable":true,"href":"https:\/\/blogs.deia.eus\/anasagasti\/wp-json\/wp\/v2\/users\/19"}],"replies":[{"embeddable":true,"href":"https:\/\/blogs.deia.eus\/anasagasti\/wp-json\/wp\/v2\/comments?post=5727"}],"version-history":[{"count":1,"href":"https:\/\/blogs.deia.eus\/anasagasti\/wp-json\/wp\/v2\/posts\/5727\/revisions"}],"predecessor-version":[{"id":5729,"href":"https:\/\/blogs.deia.eus\/anasagasti\/wp-json\/wp\/v2\/posts\/5727\/revisions\/5729"}],"wp:attachment":[{"href":"https:\/\/blogs.deia.eus\/anasagasti\/wp-json\/wp\/v2\/media?parent=5727"}],"wp:term":[{"taxonomy":"category","embeddable":true,"href":"https:\/\/blogs.deia.eus\/anasagasti\/wp-json\/wp\/v2\/categories?post=5727"},{"taxonomy":"post_tag","embeddable":true,"href":"https:\/\/blogs.deia.eus\/anasagasti\/wp-json\/wp\/v2\/tags?post=5727"}],"curies":[{"name":"wp","href":"https:\/\/api.w.org\/{rel}","templated":true}]}}