{"id":5730,"date":"2014-11-20T17:45:44","date_gmt":"2014-11-20T15:45:44","guid":{"rendered":"http:\/\/blogs.deia.com\/anasagasti\/?p=5730"},"modified":"2014-11-20T17:45:44","modified_gmt":"2014-11-20T15:45:44","slug":"aquel-santi-brouard","status":"publish","type":"post","link":"https:\/\/blogs.deia.eus\/anasagasti\/2014\/11\/20\/aquel-santi-brouard\/","title":{"rendered":"Aquel Santi Brouard"},"content":{"rendered":"<p><strong><strong>Jueves 20 de noviembre de 2014<\/strong><\/strong><\/p>\n<p><a href=\"http:\/\/blogs.deia.com\/anasagasti\/files\/2014\/11\/Santi-Brouard.png\"><img loading=\"lazy\" decoding=\"async\" class=\"alignleft size-full wp-image-5731\" src=\"http:\/\/blogs.deia.com\/anasagasti\/files\/2014\/11\/Santi-Brouard.png\" alt=\"Santi Brouard\" width=\"249\" height=\"203\" \/><\/a>Le conoc\u00ed en el famoso bar Etxabe en San Juan de Luz. Estaba con D. Manuel de Irujo y vino a saludarle. Lo hizo muy respetuosamente. Lo recuerdo muy bien. Don Manuel me dijo que era un m\u00e9dico abertzale perseguido.<\/p>\n<p>Y recuerdo cuando le\u00a0 asesinaron. Le acompa\u00f1\u00e9 al Lehendakari Leizaola a la capilla ardiente que estaba en el ayuntamiento de Bilbao. La parte baja, la escalera, el sal\u00f3n \u00e1rabe, lleno hasta los topes de gentes de HB, gente joven enfurecida. Y all\u00ed subimos los dos. Nos abr\u00edan paso como en las pel\u00edculas. Sab\u00edan que Leizaola era un s\u00edmbolo del pueblo vasco, aunque no estuvieran de acuerdo con \u00e9l en casi nada.<\/p>\n<p>Un anciano digno que sub\u00eda aquellas escaleras para homenajear\u00a0 a un luchador, del que discrepaba.<\/p>\n<p>Hab\u00eda una gran tensi\u00f3n. Aquello se desbordaba. Y Benegas le llam\u00f3 a Arzalluz. \u00abHay que pactar\u00bb. Y se pact\u00f3. De ah\u00ed vino una \u00e9poca de acuerdos pol\u00edticos. La olla\u00a0 de presi\u00f3n estaba a punto de reventar.<\/p>\n<p>Santi Brouard fue asesinado vilmente porque era un s\u00edmbolo para mucha gente.<\/p>\n<p>Hoy me han venido a la memoria estos dos recuerdos.<\/p>\n<p>&nbsp;<\/p>\n<!-- AddThis Advanced Settings generic via filter on the_content --><!-- AddThis Share Buttons generic via filter on the_content -->","protected":false},"excerpt":{"rendered":"<p>Jueves 20 de noviembre de 2014 Le conoc\u00ed en el famoso bar Etxabe en San Juan de Luz. Estaba con D. Manuel de Irujo y vino a saludarle. Lo hizo muy respetuosamente. Lo recuerdo muy bien. Don Manuel me dijo que era un m\u00e9dico abertzale perseguido. Y recuerdo cuando le\u00a0 asesinaron. Le acompa\u00f1\u00e9 al Lehendakari &hellip; <a href=\"https:\/\/blogs.deia.eus\/anasagasti\/2014\/11\/20\/aquel-santi-brouard\/\" class=\"more-link\">Sigue leyendo <span class=\"screen-reader-text\">Aquel Santi Brouard<\/span><\/a><!-- AddThis Advanced Settings generic via filter on get_the_excerpt --><!-- AddThis Share Buttons generic via filter on get_the_excerpt --><\/p>\n","protected":false},"author":19,"featured_media":0,"comment_status":"open","ping_status":"open","sticky":false,"template":"","format":"standard","meta":{"footnotes":""},"categories":[1],"tags":[],"class_list":["post-5730","post","type-post","status-publish","format-standard","hentry","category-general"],"_links":{"self":[{"href":"https:\/\/blogs.deia.eus\/anasagasti\/wp-json\/wp\/v2\/posts\/5730","targetHints":{"allow":["GET"]}}],"collection":[{"href":"https:\/\/blogs.deia.eus\/anasagasti\/wp-json\/wp\/v2\/posts"}],"about":[{"href":"https:\/\/blogs.deia.eus\/anasagasti\/wp-json\/wp\/v2\/types\/post"}],"author":[{"embeddable":true,"href":"https:\/\/blogs.deia.eus\/anasagasti\/wp-json\/wp\/v2\/users\/19"}],"replies":[{"embeddable":true,"href":"https:\/\/blogs.deia.eus\/anasagasti\/wp-json\/wp\/v2\/comments?post=5730"}],"version-history":[{"count":1,"href":"https:\/\/blogs.deia.eus\/anasagasti\/wp-json\/wp\/v2\/posts\/5730\/revisions"}],"predecessor-version":[{"id":5732,"href":"https:\/\/blogs.deia.eus\/anasagasti\/wp-json\/wp\/v2\/posts\/5730\/revisions\/5732"}],"wp:attachment":[{"href":"https:\/\/blogs.deia.eus\/anasagasti\/wp-json\/wp\/v2\/media?parent=5730"}],"wp:term":[{"taxonomy":"category","embeddable":true,"href":"https:\/\/blogs.deia.eus\/anasagasti\/wp-json\/wp\/v2\/categories?post=5730"},{"taxonomy":"post_tag","embeddable":true,"href":"https:\/\/blogs.deia.eus\/anasagasti\/wp-json\/wp\/v2\/tags?post=5730"}],"curies":[{"name":"wp","href":"https:\/\/api.w.org\/{rel}","templated":true}]}}