{"id":5734,"date":"2014-11-21T16:47:05","date_gmt":"2014-11-21T14:47:05","guid":{"rendered":"http:\/\/blogs.deia.com\/anasagasti\/?p=5734"},"modified":"2014-11-21T16:47:05","modified_gmt":"2014-11-21T14:47:05","slug":"lo-que-pone-el-libro-una-familia-poco-ejemplar-sobre-la-familia-alba","status":"publish","type":"post","link":"https:\/\/blogs.deia.eus\/anasagasti\/2014\/11\/21\/lo-que-pone-el-libro-una-familia-poco-ejemplar-sobre-la-familia-alba\/","title":{"rendered":"Lo que pone el libro una familia poco ejemplar, sobre la familia Alba."},"content":{"rendered":"<p><strong><strong>Viernes 21 de noviembre de 2014<\/strong><\/strong><\/p>\n<p><a href=\"http:\/\/blogs.deia.com\/anasagasti\/files\/2014\/11\/Cayetana.jpg\"><img loading=\"lazy\" decoding=\"async\" class=\"alignleft size-full wp-image-5735\" src=\"http:\/\/blogs.deia.com\/anasagasti\/files\/2014\/11\/Cayetana.jpg\" alt=\"Cayetana\" width=\"300\" height=\"168\" \/><\/a>Acaba de aparecer mi libro \u201cUna familia poco ejemplar\u201d dedicado al silencio que nos han impuesto sobre la Familia Real.\u00a0 En la p\u00e1gina 249 inicio el cap\u00edtulo dedicado al Rey Alfonso XIII con una alusi\u00f3n al Duque de Alba, padre de la Cayetana que acaba de fallecer en Sevilla.\u00a0 Quiz\u00e1s les interese.\u00a0 Dice as\u00ed:<\/p>\n<p><em>Hace a\u00f1os le\u00ed un reportaje en una revista semanal hablando del Duque de Alba, padre de la actual Duquesa. Entre otras cosas dec\u00edan de \u00e9l que hab\u00eda sido embajador en Londres representando al r\u00e9gimen de Franco y que hab\u00eda actuado as\u00edmismo como un agente del almirante Canaris que era el jefe de espionaje de Adolfo Hitler y que en uno de sus informes hab\u00eda solicitado a los alemanes que a la hora de bombardear Londres tuvieran en cuenta la ubicaci\u00f3n de la embajada de Espa\u00f1a en el barrio de Belgravia y no les enviaran un ob\u00fas que acabara con ellos.<\/em><\/p>\n<p><em>Aquello me pareci\u00f3 de tal frescura y de tanta inmoralidad que deb\u00ed escribir algo contra este personaje amigo personal del rey Alfonso XIII. Al poco me llam\u00f3 el alcalde de San Sebasti\u00e1n, Ram\u00f3n Labayen, para decirme que la Duquesa de Alba estaba muy molesta conmigo y que barajaban querellase por los ep\u00edtetos que escrib\u00ed contra semejante servidor del r\u00e9gimen. Me recordaba adem\u00e1s el alcalde que Do\u00f1a Cayetana ten\u00eda un palacete en el monte Igeldo, Villa Arbaizenea, con preciosas vistas a la bah\u00eda de la Concha y que a la ciudad le conven\u00eda que la Sra. Duquesa siguiera veraneando y pasando unos d\u00edas en la Bella Easo.<\/em><\/p>\n<p><em>\u201cRam\u00f3n. Te equivocas. No har\u00e1n nada. La historia es tan vergonzosa y tiene tanta gusanera dentro que lo que menos quieren en esa casa es que se acuerden de ella con estas cosas y adem\u00e1s, si no viene, mejor\u201d, le repliqu\u00e9. Efectivamente, no hicieron nada, y han seguido viniendo a Donosti. En youtube se le puede ver y oir cantando el himno de San Ignacio en el paseo de La Concha\u00a0 y al poco comenzar a tronar.<\/em><\/p>\n<p><em>Pasado el tiempo y ojeando ejemplares en una librer\u00eda de Bilbao vi expuesto el libro que la periodista Emilia Landaluce le hab\u00eda dedicado a Jacobo Alba, padre de la actual Duquesa. Libro hagiogr\u00e1fico, como de encargo, le\u00ed con inter\u00e9s algunos pasajes en los que describ\u00eda la personalidad y los haceres de Alfonso XIII desde el conocimiento cercano del personaje. Transcribo dos pasajes ejemplares:<\/em><\/p>\n<p><em>\u201cY mientras este odio crec\u00eda, la aristocracia jugaba al polo y se reun\u00eda para asistir a las proyecciones de las pel\u00edculas seudopornogr\u00e1ficas que Romanones encargaba para el divertimiento del rey\u201d.<\/em><\/p>\n<p><em>\u201cEl gobierno de Primo de Rivera hab\u00eda liberado a Alfonso de gran parte de sus obligaciones; as\u00ed que el rey pod\u00eda dedicar m\u00e1s tiempo a su rijosidad, ya casi legendaria en las calles de Madrid. No hab\u00eda actriz de tercera, estrella o vedetucha que no hubiese recibido alguna vez flores del monarca\u201d. \u201cHa salido al padre\u201d, dec\u00edan los m\u00e1s viejos. Mar\u00eda Cristina se desesperaba con su Bubi, pero le justificaba. \u201cEs tan desgraciado\u201d.<\/em><\/p>\n<p><em>Anteriormente un senador del PNV, Rafael de Pikabea \u201cAlzibar\u201d, editor y director del diario donostiarra \u201cEl Pueblo Vasco\u201d hab\u00eda escrito una serie de art\u00edculos que llam\u00f3 \u201cDi\u00e1logos Insustanciales\u201d, en\u00a0 donde\u00a0 <\/em><em>se hablaba de \u00abun pr\u00edncipe tan vivaz de pensamiento como \u00e1gil y audaz en el volante. Los pr\u00edncipes son de carne y hueso y, por eso, necesitan distracciones y reposo. Pero los s\u00fabditos est\u00e1n profundamente preocupados: sus hijos van por las tierras africa\u00adnas embarcados en una guerra que detestan profundamente mientras el rey se divierte. Ser\u00e1 dif\u00edcil poner al rey de acuerdo con el pueblo si el pr\u00edncipe todav\u00eda quiere, con los tiempos que co\u00adrren, irse a Deauville, donde no hemos perdido nada, mientras que perdemos todo en Marruecos. Cuando los s\u00fabditos lloran, los pr\u00edncipes no deben jugar al polo\u00bb. Y por si fuera poco, en Par\u00eds se estren\u00f3 una obra, titulada \u201cLa lecci\u00f3n de historia de Alfonso <\/em><em>XIV\u201d, <\/em><em>que satirizaba al monarca espa\u00f1ol en sus diferentes correr\u00edas deportivas y er\u00f3ticas.<\/em><\/p>\n<!-- AddThis Advanced Settings generic via filter on the_content --><!-- AddThis Share Buttons generic via filter on the_content -->","protected":false},"excerpt":{"rendered":"<p>Viernes 21 de noviembre de 2014 Acaba de aparecer mi libro \u201cUna familia poco ejemplar\u201d dedicado al silencio que nos han impuesto sobre la Familia Real.\u00a0 En la p\u00e1gina 249 inicio el cap\u00edtulo dedicado al Rey Alfonso XIII con una alusi\u00f3n al Duque de Alba, padre de la Cayetana que acaba de fallecer en Sevilla.\u00a0 &hellip; <a href=\"https:\/\/blogs.deia.eus\/anasagasti\/2014\/11\/21\/lo-que-pone-el-libro-una-familia-poco-ejemplar-sobre-la-familia-alba\/\" class=\"more-link\">Sigue leyendo <span class=\"screen-reader-text\">Lo que pone el libro una familia poco ejemplar, sobre la familia Alba.<\/span><\/a><!-- AddThis Advanced Settings generic via filter on get_the_excerpt --><!-- AddThis Share Buttons generic via filter on get_the_excerpt --><\/p>\n","protected":false},"author":19,"featured_media":0,"comment_status":"open","ping_status":"open","sticky":false,"template":"","format":"standard","meta":{"footnotes":""},"categories":[1],"tags":[],"class_list":["post-5734","post","type-post","status-publish","format-standard","hentry","category-general"],"_links":{"self":[{"href":"https:\/\/blogs.deia.eus\/anasagasti\/wp-json\/wp\/v2\/posts\/5734","targetHints":{"allow":["GET"]}}],"collection":[{"href":"https:\/\/blogs.deia.eus\/anasagasti\/wp-json\/wp\/v2\/posts"}],"about":[{"href":"https:\/\/blogs.deia.eus\/anasagasti\/wp-json\/wp\/v2\/types\/post"}],"author":[{"embeddable":true,"href":"https:\/\/blogs.deia.eus\/anasagasti\/wp-json\/wp\/v2\/users\/19"}],"replies":[{"embeddable":true,"href":"https:\/\/blogs.deia.eus\/anasagasti\/wp-json\/wp\/v2\/comments?post=5734"}],"version-history":[{"count":1,"href":"https:\/\/blogs.deia.eus\/anasagasti\/wp-json\/wp\/v2\/posts\/5734\/revisions"}],"predecessor-version":[{"id":5736,"href":"https:\/\/blogs.deia.eus\/anasagasti\/wp-json\/wp\/v2\/posts\/5734\/revisions\/5736"}],"wp:attachment":[{"href":"https:\/\/blogs.deia.eus\/anasagasti\/wp-json\/wp\/v2\/media?parent=5734"}],"wp:term":[{"taxonomy":"category","embeddable":true,"href":"https:\/\/blogs.deia.eus\/anasagasti\/wp-json\/wp\/v2\/categories?post=5734"},{"taxonomy":"post_tag","embeddable":true,"href":"https:\/\/blogs.deia.eus\/anasagasti\/wp-json\/wp\/v2\/tags?post=5734"}],"curies":[{"name":"wp","href":"https:\/\/api.w.org\/{rel}","templated":true}]}}