{"id":5741,"date":"2014-11-22T11:49:10","date_gmt":"2014-11-22T09:49:10","guid":{"rendered":"http:\/\/blogs.deia.com\/anasagasti\/?p=5741"},"modified":"2014-11-22T11:49:10","modified_gmt":"2014-11-22T09:49:10","slug":"cosas-de-la-semana-2","status":"publish","type":"post","link":"https:\/\/blogs.deia.eus\/anasagasti\/2014\/11\/22\/cosas-de-la-semana-2\/","title":{"rendered":"Cosas de la semana"},"content":{"rendered":"<p><strong><strong>S\u00e1bado 22 de noviembre de 2014<\/strong><\/strong><\/p>\n<p>Manuel \u00d1u\u00f1ez, presidente del Barcelona muchos\u00a0 a\u00f1os, ingres\u00f3 en prisi\u00f3n con su hijo, mientras\u00a0 Jos\u00e9\u00a0 Antonio Monago se\u00a0 defend\u00eda de\u00a0 la acusaci\u00f3n de utilizar los viajes\u00a0 del Senado para ir a visitar en Tenerife\u00a0 a OIga Mar\u00eda Henao, que sali\u00f3\u00a0 diciendo\u00a0 que\u00a0 ten\u00eda que justificarlos. Todo esto\u00a0 ocasion\u00f3 que las Cortes Generales \u00a0regularan esta libre circulaci\u00f3n de\u00a0 los\u00a0 parlamentarios\u00a0 que\u00a0 a partir\u00a0 de ahora han de decir a donde y a qu\u00e9 van. \u201cPodemos\u201d\u00a0 sigui\u00f3 siendo foco incesante de\u00a0 noticias y en el\u00a0 Congreso\u00a0 se\u00a0 aprob\u00f3 \u00a0una iniciativa para que el estado\u00a0 espa\u00f1ol\u00a0 reconozca a Palestina. Se\u00a0 discuti\u00f3 en\u00a0 el Congreso, no\u00a0 en el\u00a0 senado, la posibilidad de que\u00a0 Trebi\u00f1o\u00a0 fuera Araba, siendo rechazada y falleci\u00f3 la Duquesa de Alba.<\/p>\n<p><strong><strong>Desayuno con Oregi<\/strong><\/strong><\/p>\n<p><a href=\"http:\/\/blogs.deia.com\/anasagasti\/files\/2014\/11\/Ana-Oregi-Forum1.jpg\"><img loading=\"lazy\" decoding=\"async\" class=\"alignleft size-full wp-image-5742\" src=\"http:\/\/blogs.deia.com\/anasagasti\/files\/2014\/11\/Ana-Oregi-Forum1.jpg\" alt=\"Ana Oregi Forum\" width=\"1024\" height=\"768\" srcset=\"https:\/\/blogs.deia.eus\/anasagasti\/files\/2014\/11\/Ana-Oregi-Forum1.jpg 1024w, https:\/\/blogs.deia.eus\/anasagasti\/files\/2014\/11\/Ana-Oregi-Forum1-580x435.jpg 580w, https:\/\/blogs.deia.eus\/anasagasti\/files\/2014\/11\/Ana-Oregi-Forum1-940x705.jpg 940w\" sizes=\"auto, (max-width: 1024px) 100vw, 1024px\" \/><\/a>El lunes, en el Nuevo\u00a0 F\u00f3rum Econom\u00eda y en el hotel Ercillala Consejera del Departamento de Medio Ambiente, y pol\u00edticos, Ana Oregi disert\u00f3 por espacio de una hora as\u00ed como contestando las preguntas que se le formularon. Estuvimos tres senadores, Iparraguirre, Cazalis y Anasagasti.<\/p>\n<p>Ana Oregi, volvi\u00f3 a reclamar al Ministerio de Fomento que pase \u201cde la teor\u00eda a los hechos\u201d y \u201cdeclare prioritaria\u201d la red de alta velocidad ferroviaria vasca para alcanzar el objetivo de que funcione en el a\u00f1o 2020.<\/p>\n<p>Oregi record\u00f3 que la ministra de Fomento, Ana Pastor, declar\u00f3 recientemente que la Y ferroviaria vasca entrar\u00eda en funcionamiento en 2020.<\/p>\n<p>\u201cLe tomamos la palabra\u201d enfatiz\u00f3 la consejera, quien no obstante destac\u00f3 que ser\u00e1 necesario \u201caplicarse mucho\u201d para llegar a esa fecha. Para Oregi la Y vasca forma parte de una red transeuropea \u201cprioritaria\u201d y \u201cdeber\u00eda estar en marcha hace mucho tiempo\u201d. Consider\u00f3 \u201cescasos\u201d los presupuestos previstos por Fomento para esta infraestructura en 2015. \u201cNo dir\u00e9 que son insuficientes, pero tendr\u00e1n que acelerar el ritmo y priorizar\u201d para lograr el objetivo de que est\u00e9 en marcha en 2020, que a su juicio \u201ces posible\u201d. Seg\u00fan los datos del propio Ministerio (Adif), la Y vasca es la de mayor demanda potencial del Estado y duplica o triplica la de otras infraestructuras de este tipo previstas en el Estado.<\/p>\n<p>En la misma conferencia, la consejera propuso un \u201cgran pacto\u201d con los ayuntamientos y las diputaciones con el objetivo de que en el a\u00f1o 2050 las ciudades vascas \u201cse acerquen a la neutralidad\u201d en emisiones de CO<sub>2<\/sub> para hacer frente al cambio clim\u00e1tico.<\/p>\n<p>Tal y como record\u00f3, el objetivo que persigue Lakua es la reducci\u00f3n de m\u00e1s de 5.000 toneladas anuales en las emisiones de CO<sub>2<\/sub>, en Euzkadi.<\/p>\n<p><strong><strong>El aeropuerto se mueve<\/strong><\/strong><\/p>\n<p>Llevo un tiempo preguntando sobre el aeropuerto de Loiu como es mi obligaci\u00f3n. En lo que va de a\u00f1o han sido tres las preguntas. Lugar para esperar pasajeros, falta de pintura y falta de informaci\u00f3n tras pasar el control de seguridad.<\/p>\n<p>Y el martes la directora del aeropuerto inform\u00f3 sobre el futuro lavado de cara de La Paloma. El d\u00eda en el que se cumpl\u00edan 14 a\u00f1os de la Terminal, Cristina Echevarr\u00eda nos dijo que Aena invertir\u00e1 dos millones de euros para arreglar la cubierta del edificio, la construcci\u00f3n de un nuevo parking r\u00e1pido, la renovaci\u00f3n de locales comerciales y de restauraci\u00f3n, el pintado de las zonas visibles del edificio, cambio de facturaci\u00f3n y embarque, tomas de corriente etc.<\/p>\n<p>Dijo que era una iniciativa del personal y que han trabajado veinte personas en veinte medidas. Estupendo. A m\u00ed el gobierno me minti\u00f3 en la pregunta sobre la informaci\u00f3n tras pasar el control de seguridad. Creo que verse vigilados por el parlamento agiliza las cosas. Yo seguir\u00e9 dando la tabarra.<\/p>\n<p><strong><strong>Industria<\/strong><\/strong><\/p>\n<p>Tuve el jueves dos reuniones industriales. Una en la Comisi\u00f3n de Industria\u00a0\u00a0\u00a0 del Senado\u00a0 en Madrid. Comparec\u00eda la Secretaria General de Industria y de las PYMES, Bego\u00f1a Cristeto, una salmantina de rompe y rasga que nos dijo que a ella no le gusta la palabra reindustrializar, sino la palabra \u00a0fortalecer. Y eso le origin\u00f3 un rifi rafe con el portavoz socialista Jes\u00fas Alique\u00a0 que le sac\u00f3 las veces que el ministro Soria utiliza esta palabra.<\/p>\n<p>Nos\u00a0 describi\u00f3 un paisaje id\u00edlico de lo que han hecho y pretenden hacer. Espa\u00f1a con un PIB cuyo 15% es la industria, al parecer quieren seguir apostando por algo que en Euzkadi siempre hemos tenido claro y que nos horroriz\u00f3 cuando aquel ministro socialista dijo que la mejor pol\u00edtica industrial era la que no se hac\u00eda.<\/p>\n<p>Le pregunt\u00e9 sobre el Tratado de Libre Comercio\u00a0 entre la Uni\u00f3n Europea y los Estados Unidos que ya est\u00e1 en su quinta ronda negociadora y donde excluye ,por presi\u00f3n de Francia, la industria audiovisual. Ese tratado puede ser bueno para las Pymes al no tener \u00e9sta ni idea de c\u00f3mo moverse en aquel inmenso mercado.<\/p>\n<p>Cog\u00ed el avi\u00f3n a las dos y a las tres estaba en Bilbao y a las cinco en Sabin Etxea en la reuni\u00f3n de la Comisi\u00f3n de Industria del EBB que coordina Gonzalo S\u00e1enz de Samaniego. Acudi\u00f3 asimismo la Consejera del Departamento Arantza Tapia. Y all\u00ed pasamos revista a las cosas pendientes y a los retos presupuestarios. Estaba contenta del viaje a M\u00e9xico y de lo bien que pitan algunas \u00e1reas industriales.<\/p>\n<p><strong><strong>EGI pregunta a protagonistas de la reciente historia<\/strong><\/strong><\/p>\n<p><a href=\"http:\/\/blogs.deia.com\/anasagasti\/files\/2014\/11\/EGI-pregunta.jpg\"><img loading=\"lazy\" decoding=\"async\" class=\"alignleft size-full wp-image-5743\" src=\"http:\/\/blogs.deia.com\/anasagasti\/files\/2014\/11\/EGI-pregunta.jpg\" alt=\"EGI pregunta\" width=\"1024\" height=\"576\" srcset=\"https:\/\/blogs.deia.eus\/anasagasti\/files\/2014\/11\/EGI-pregunta.jpg 1024w, https:\/\/blogs.deia.eus\/anasagasti\/files\/2014\/11\/EGI-pregunta-580x326.jpg 580w, https:\/\/blogs.deia.eus\/anasagasti\/files\/2014\/11\/EGI-pregunta-940x528.jpg 940w\" sizes=\"auto, (max-width: 1024px) 100vw, 1024px\" \/><\/a>De Sabin fui casi corriendo a la sede de la Fundaci\u00f3n Sabino Arana en la calle Mandobide. All\u00ed un grupo de Egi y de manera muy organizada preguntaban a Gerardo Bujanda de\u00a0 95 a\u00f1os, a Joseba Leizaola\u00a0 de 83 y a Mari Carmen Garmendia de 67 sobre c\u00f3mo hab\u00edan vivido la resistencia al franquismo, el resurgir de las ikastolas, los nombres de guerra, la escisi\u00f3n del\u00a0 PNV \u00a0\u00a0y lo que hab\u00eda hecho el PNV en la clandestinidad. Fue un acto simp\u00e1tico y a veces emotivo. Los recuerdos\u00a0 traen al hoy a gentes que lo han dado todo por Euzkadi y que ya no est\u00e1n entre nosotros.<\/p>\n<p>Y la idea es muy buena. Ojal\u00e1 se hubiera hecho antes. En Venezuela la hac\u00edamos en\u00a0 coloquios una vez al mes\u00a0 y que llam\u00e1bamos Amaiketakos. Y parte de la historia\u00a0 de aquel Centro la recogimos en aquellas jornadas. L\u00e1stima que no lo continu\u00e1ramos cuando viv\u00edan muchos de los protagonistas del Gobierno Vasco y de la guerra, as\u00ed como de la primera ETA.<\/p>\n<p>A continuaci\u00f3n las tres biograf\u00edas\u00a0 repartidas\u00a0 por \u00abUzturre Gazte Bilgunea\u00bb.<\/p>\n<p><strong>Gerardo Bujanda Sarasola (1919)<\/strong><\/p>\n<p><a href=\"http:\/\/blogs.deia.com\/anasagasti\/files\/2014\/11\/Bujanda.png\"><img loading=\"lazy\" decoding=\"async\" class=\"alignleft size-full wp-image-5744\" src=\"http:\/\/blogs.deia.com\/anasagasti\/files\/2014\/11\/Bujanda.png\" alt=\"Bujanda\" width=\"110\" height=\"132\" \/><\/a>Dirigente del PNV. Especialmente activo en la fase final de la dictadura de Franco.<\/p>\n<p>Naci\u00f3 en San Sebasti\u00e1n en 1919. Estallada la Guerra civil se alist\u00f3 voluntario para luchar en el frente. Tras ser apresado, prest\u00f3 servicio obligatorio en un batall\u00f3n de trabajadores hasta que finalmente march\u00f3 a \u00c1frica donde permanecer\u00eda por espacio de cinco a\u00f1os.<\/p>\n<p>Tras volver en 1947 a Euskadi entr\u00f3 a colaborar con la Resistencia antifranquista. De forma simult\u00e1nea, desde 1966 fue miembro del EBB del PNV en el \u00abInterior\u00bb en representaci\u00f3n del territorio gipuzkoano. A finales de diciembre de 1975 fue nuevamente elegido para el cargo una vez efectuada la renovaci\u00f3n de cargos internos en el PNV.<\/p>\n<p>Sigui\u00f3 formando parte de la ejecutiva nacionalista hasta enero de 1978 cuando fue sustituido por Jos\u00e9 Mar\u00eda Alkain. M\u00e1s tarde fue uno de los representantes del PNV en las conversaciones de Txiberta.<\/p>\n<p>Elegido diputado por Gipuzkoa en las elecciones celebradas en 1977, se present\u00f3 nuevamente para el cargo en las elecciones del 1 de marzo de 1979 no obteniendo esta vez acta de diputado.<\/p>\n<p>En 1984 ocup\u00f3 el cargo de vicepresidente en la ejecutiva gipuzkoana del PNV siendo a la vez miembro del EBB del PNV.<\/p>\n<p><strong>Joseba Andoni Leizaola Azpiazu (1931)<\/strong><\/p>\n<p><a href=\"http:\/\/blogs.deia.com\/anasagasti\/files\/2014\/11\/Joseba-Leizaola.png\"><img loading=\"lazy\" decoding=\"async\" class=\"alignleft size-full wp-image-5745\" src=\"http:\/\/blogs.deia.com\/anasagasti\/files\/2014\/11\/Joseba-Leizaola.png\" alt=\"Joseba Leizaola\" width=\"261\" height=\"193\" \/><\/a>Joseba Leizaola naci\u00f3 en Donostia el 3 de enero de 1931 en el seno de una familia de fuertes convicciones jeltzales. Es sobrino del Lehendakari Jes\u00fas Mar\u00eda Leizaola. Tras la derrota de la guerra civil la familia Leizaola se vio forzada a partir hacia el exilio.<\/p>\n<p>Pas\u00f3 sus a\u00f1os de juventud conviviendo con la comunidad de exiliados vascos de Caracas,. Curs\u00f3 estudios de ingenier\u00eda en universidades de Canad\u00e1. En su actividad en el exilio fue presidente de Euzko Gaztedi de Caracas. En los a\u00f1os 60 Joseba volvi\u00f3 a Euzkadi y pas\u00f3 a la actividad de oposici\u00f3n al r\u00e9gimen del Partido en el interior del Pa\u00eds. Mantuvo viva la actividad del GBB y del EBB en la clandestinidad. Destac\u00f3 su papel en la organizaci\u00f3n del Aberri Eguna de 1967 celebrado en Iru\u00f1a y que pas\u00f3 a la historia por ser duramente reprimidlo por las autoridades franquistas.<\/p>\n<p>Desde 1980 hasta 1998 fue parlamentario vasco por Gipuzkoa. Desempe\u00f1\u00f3 varios cargos de importancia en esta c\u00e1mara.<\/p>\n<p><strong>Mari Karmen Garmedia Lasa (1947)<\/strong><\/p>\n<p><a href=\"http:\/\/blogs.deia.com\/anasagasti\/files\/2014\/11\/Mari-Karmen-Garmendia.png\"><img loading=\"lazy\" decoding=\"async\" class=\"alignleft size-full wp-image-5746\" src=\"http:\/\/blogs.deia.com\/anasagasti\/files\/2014\/11\/Mari-Karmen-Garmendia.png\" alt=\"Mari Karmen Garmendia\" width=\"202\" height=\"140\" \/><\/a>Mari Karmen Garmendia Lasa naci\u00f3 en la localidad de Ormaiztegi en el a\u00f1o 1947. Desde bien joven inici\u00f3 su vocaci\u00f3n por la escritura en euskera. Con solo 14 a\u00f1os escribi\u00f3 su primer art\u00edculo<\/p>\n<p>Curs\u00f3 sus estudios universitarios de Magisterio en Donostia y de Filolog\u00eda Rom\u00e1nica en la Universidad de Deusto. Se doctor\u00f3 en Psicolog\u00eda en la Universidad Louis Pasteur de Estrasburgo. En los a\u00f1os 60 comenz\u00f3 su andadura como escritora en Zeruko Argia, convirti\u00e9ndose en la primera mujer miembro de esta publicaci\u00f3n.<\/p>\n<p>Colabor\u00f3 en la Resistencia al r\u00e9gimen franquista formando parte de Euzko Gaztedi. Como articulista de esta publicaci\u00f3n entr\u00f3 en contacto con la lucha andere\u00f1os pioneras de las ikastolas y defensoras de la ense\u00f1anza en euskera durante la clandestinidad.<\/p>\n<p>Entre los a\u00f1os 1986 y 2001 desempe\u00f1\u00f3 diversas labores dentro de los sucesivos gobiernos vascos de los lehendakaris Ardanza e Ibarretxe en el Departamento de Cultura como Secretaria de pol\u00edtica ling\u00fc\u00edstica y como Consejera de Cultura.<\/p>\n<p>&nbsp;<\/p>\n<p>&nbsp;<\/p>\n<p>&nbsp;<\/p>\n<p><span style=\"text-decoration: line-through\">\u00a0<\/span><\/p>\n<p>&nbsp;<\/p>\n<p>&nbsp;<\/p>\n<!-- AddThis Advanced Settings generic via filter on the_content --><!-- AddThis Share Buttons generic via filter on the_content -->","protected":false},"excerpt":{"rendered":"<p>S\u00e1bado 22 de noviembre de 2014 Manuel \u00d1u\u00f1ez, presidente del Barcelona muchos\u00a0 a\u00f1os, ingres\u00f3 en prisi\u00f3n con su hijo, mientras\u00a0 Jos\u00e9\u00a0 Antonio Monago se\u00a0 defend\u00eda de\u00a0 la acusaci\u00f3n de utilizar los viajes\u00a0 del Senado para ir a visitar en Tenerife\u00a0 a OIga Mar\u00eda Henao, que sali\u00f3\u00a0 diciendo\u00a0 que\u00a0 ten\u00eda que justificarlos. Todo esto\u00a0 ocasion\u00f3 que &hellip; <a href=\"https:\/\/blogs.deia.eus\/anasagasti\/2014\/11\/22\/cosas-de-la-semana-2\/\" class=\"more-link\">Sigue leyendo <span class=\"screen-reader-text\">Cosas de la semana<\/span><\/a><!-- AddThis Advanced Settings generic via filter on get_the_excerpt --><!-- AddThis Share Buttons generic via filter on get_the_excerpt --><\/p>\n","protected":false},"author":19,"featured_media":0,"comment_status":"open","ping_status":"open","sticky":false,"template":"","format":"standard","meta":{"footnotes":""},"categories":[1],"tags":[],"class_list":["post-5741","post","type-post","status-publish","format-standard","hentry","category-general"],"_links":{"self":[{"href":"https:\/\/blogs.deia.eus\/anasagasti\/wp-json\/wp\/v2\/posts\/5741","targetHints":{"allow":["GET"]}}],"collection":[{"href":"https:\/\/blogs.deia.eus\/anasagasti\/wp-json\/wp\/v2\/posts"}],"about":[{"href":"https:\/\/blogs.deia.eus\/anasagasti\/wp-json\/wp\/v2\/types\/post"}],"author":[{"embeddable":true,"href":"https:\/\/blogs.deia.eus\/anasagasti\/wp-json\/wp\/v2\/users\/19"}],"replies":[{"embeddable":true,"href":"https:\/\/blogs.deia.eus\/anasagasti\/wp-json\/wp\/v2\/comments?post=5741"}],"version-history":[{"count":1,"href":"https:\/\/blogs.deia.eus\/anasagasti\/wp-json\/wp\/v2\/posts\/5741\/revisions"}],"predecessor-version":[{"id":5747,"href":"https:\/\/blogs.deia.eus\/anasagasti\/wp-json\/wp\/v2\/posts\/5741\/revisions\/5747"}],"wp:attachment":[{"href":"https:\/\/blogs.deia.eus\/anasagasti\/wp-json\/wp\/v2\/media?parent=5741"}],"wp:term":[{"taxonomy":"category","embeddable":true,"href":"https:\/\/blogs.deia.eus\/anasagasti\/wp-json\/wp\/v2\/categories?post=5741"},{"taxonomy":"post_tag","embeddable":true,"href":"https:\/\/blogs.deia.eus\/anasagasti\/wp-json\/wp\/v2\/tags?post=5741"}],"curies":[{"name":"wp","href":"https:\/\/api.w.org\/{rel}","templated":true}]}}