{"id":5749,"date":"2014-11-23T21:26:50","date_gmt":"2014-11-23T19:26:50","guid":{"rendered":"http:\/\/blogs.deia.com\/anasagasti\/?p=5749"},"modified":"2014-11-23T21:26:50","modified_gmt":"2014-11-23T19:26:50","slug":"realmente-en-espana-pudo-haber-delitos-de-lesa-humanidad","status":"publish","type":"post","link":"https:\/\/blogs.deia.eus\/anasagasti\/2014\/11\/23\/realmente-en-espana-pudo-haber-delitos-de-lesa-humanidad\/","title":{"rendered":"\u201cRealmente, en Espa\u00f1a pudo haber delitos de lesa humanidad\u201d"},"content":{"rendered":"<p><strong><strong>Domingo 23 de noviembre de 2014<\/strong><\/strong><\/p>\n<p><a href=\"http:\/\/blogs.deia.com\/anasagasti\/files\/2014\/11\/Servini.jpg\"><img loading=\"lazy\" decoding=\"async\" class=\"alignleft size-full wp-image-5750\" src=\"http:\/\/blogs.deia.com\/anasagasti\/files\/2014\/11\/Servini.jpg\" alt=\"Servini\" width=\"657\" height=\"437\" srcset=\"https:\/\/blogs.deia.eus\/anasagasti\/files\/2014\/11\/Servini.jpg 657w, https:\/\/blogs.deia.eus\/anasagasti\/files\/2014\/11\/Servini-580x385.jpg 580w\" sizes=\"auto, (max-width: 657px) 100vw, 657px\" \/><\/a>Hace casi medio siglo que la juez argentina Mar\u00eda Servini de Cubr\u00eda trajina en el mismo Palacio de Tribunales de Buenos Aires que muestra la pel\u00edcula El secreto de sus ojos, protagonizada por el actor Ricardo Dar\u00edn. Ya ha perdido la cuenta de a cu\u00e1ntos represores ha procesado desde que detuvo aqu\u00ed mismo, por primera vez, al almirante Massera. Viuda de un oficial del Ej\u00e9rcito del Aire, se ha especializado en procesar a los militares que robaron los hijos a las prisioneras, antes de hacerlas desaparecer.<\/p>\n<p>Ahora Servini, de 77 a\u00f1os, se ha metido nada menos que a investigar los cr\u00edmenes del franquismo, en la \u00fanica causa abierta sobre el tema en el mundo. Por eso ya lleva pedidas a Espa\u00f1a la captura, con fines de [Enlace roto.], de ocho ex ministros franquistas, un ex capit\u00e1n, nueve ex polic\u00edas, dos antiguos jueces, un ginec\u00f3logo y un abogado.<\/p>\n<p><strong>Usted invoca el principio de la Justicia Universal. \u00bfPor qu\u00e9?<\/strong><\/p>\n<p>La Justicia Universal existe para actuar cuando se violan los derechos humanos en un pa\u00eds. Pero para que un juez pueda actuar en ese pa\u00eds tienen que haberse firmado una serie de pactos. Por ejemplo, el represor argentino Adolfo Scilingo est\u00e1 condenado y cumple pena en Espa\u00f1a por delitos de lesa humanidad cometidos en Argentina.<\/p>\n<p><strong>Pero la Justicia de Espa\u00f1a alega que desde 1977 rige una Ley de Amnist\u00eda para el franquismo&#8230;<\/strong><\/p>\n<p>Ac\u00e1 en Argentina tambi\u00e9n hab\u00eda una Ley de Amnist\u00eda que en 1983, con el Gobierno democr\u00e1tico, se declar\u00f3 inconstitucional por la Corte Suprema. Por eso nosotros hemos podido investigar a los militares que actuaron en la dictadura. En Espa\u00f1a, en ning\u00fan momento declararon inconstitucional la Ley de Amnist\u00eda. La tienen vigente. No s\u00e9 si los jueces podr\u00edan resolver que esa ley es inconstitucional porque afecta a los derechos humanos. No conozco la Constituci\u00f3n de Espa\u00f1a, as\u00ed que no puedo pronunciarme.<\/p>\n<p><strong>\u00bfC\u00f3mo se explica que a 13.000 kil\u00f3metros una juez investigue hechos que la propia Justicia espa\u00f1ola no investiga?<\/strong><\/p>\n<p>Por los tratados internacionales que varios pa\u00edses tenemos firmados con Espa\u00f1a. En ellos est\u00e1 estipulado que para los delitos de lesa humanidad no se pueden dictar leyes de amnist\u00eda y son imprescriptibles. Y Espa\u00f1a est\u00e1 desoyendo lo firmado con casi todos los pa\u00edses latinoamericanos, Francia y otros.<\/p>\n<p><strong>Al principio de la querella usted se declar\u00f3 no competente. \u00bfPor qu\u00e9 cambi\u00f3 de parecer?<\/strong><\/p>\n<p>El fiscal dictamin\u00f3 que los juzgados argentinos no \u00e9ramos competentes. Yo, por ley, estoy obligada a seguir los dict\u00e1menes de la Fiscal\u00eda. Por supuesto, la querellante apel\u00f3 y el Tribunal Superior resolvi\u00f3 que era prematuro desprenderme de la causa y me orden\u00f3 seguir investigando.<\/p>\n<p><strong>\u00bfY en qu\u00e9 momento de la investigaci\u00f3n vio que hab\u00eda sustancia como para abrir una causa penal de tanta envergadura?<\/strong><\/p>\n<p>A medida que uno va avanzando y escuchando a los testigos se va dando cuenta de que realmente, pudo haber delitos de lesa humanidad. Yo a\u00fan estoy escuchando testimonios, pero estamos analizando y querr\u00edamos indagar a la gente de la que hemos pedido la extradici\u00f3n.<\/p>\n<p><strong>En julio pasado visit\u00f3 Espa\u00f1a. \u00bfC\u00f3mo fue la toma de testimonios?<\/strong><\/p>\n<p>Todos nos trataron muy bien. Realmente no pens\u00e9 que iba a ser tan exitosa mi ida all\u00e1. Sobre todo cuando fuimos al archivo en Madrid. Los jueces espa\u00f1oles tomaron las declaraciones y prestaron mucha colaboraci\u00f3n. Salvo en el juzgado de M\u00e1laga, que no nos dej\u00f3 visitar tumbas.<\/p>\n<p><strong>\u00bfDe todos los testimonios, \u00bfcu\u00e1l le impresion\u00f3 m\u00e1s?<\/strong><\/p>\n<p>El caso de una familia que ten\u00eda un padre o un abuelo comunista y por eso sus descendientes nunca pudieron estudiar.<\/p>\n<p><strong>Corre el rumor de que Garz\u00f3n, que vive en Argentina, est\u00e1 impulsando esta causa&#8230;<\/strong><\/p>\n<p>No. Separen a Garz\u00f3n de esto. Yo no tengo relaci\u00f3n con \u00e9l.<\/p>\n<p>JUAN IGNACIO IRIGARAY<\/p>\n<!-- AddThis Advanced Settings generic via filter on the_content --><!-- AddThis Share Buttons generic via filter on the_content -->","protected":false},"excerpt":{"rendered":"<p>Domingo 23 de noviembre de 2014 Hace casi medio siglo que la juez argentina Mar\u00eda Servini de Cubr\u00eda trajina en el mismo Palacio de Tribunales de Buenos Aires que muestra la pel\u00edcula El secreto de sus ojos, protagonizada por el actor Ricardo Dar\u00edn. Ya ha perdido la cuenta de a cu\u00e1ntos represores ha procesado desde &hellip; <a href=\"https:\/\/blogs.deia.eus\/anasagasti\/2014\/11\/23\/realmente-en-espana-pudo-haber-delitos-de-lesa-humanidad\/\" class=\"more-link\">Sigue leyendo <span class=\"screen-reader-text\">\u201cRealmente, en Espa\u00f1a pudo haber delitos de lesa humanidad\u201d<\/span><\/a><!-- AddThis Advanced Settings generic via filter on get_the_excerpt --><!-- AddThis Share Buttons generic via filter on get_the_excerpt --><\/p>\n","protected":false},"author":19,"featured_media":0,"comment_status":"open","ping_status":"open","sticky":false,"template":"","format":"standard","meta":{"footnotes":""},"categories":[1],"tags":[],"class_list":["post-5749","post","type-post","status-publish","format-standard","hentry","category-general"],"_links":{"self":[{"href":"https:\/\/blogs.deia.eus\/anasagasti\/wp-json\/wp\/v2\/posts\/5749","targetHints":{"allow":["GET"]}}],"collection":[{"href":"https:\/\/blogs.deia.eus\/anasagasti\/wp-json\/wp\/v2\/posts"}],"about":[{"href":"https:\/\/blogs.deia.eus\/anasagasti\/wp-json\/wp\/v2\/types\/post"}],"author":[{"embeddable":true,"href":"https:\/\/blogs.deia.eus\/anasagasti\/wp-json\/wp\/v2\/users\/19"}],"replies":[{"embeddable":true,"href":"https:\/\/blogs.deia.eus\/anasagasti\/wp-json\/wp\/v2\/comments?post=5749"}],"version-history":[{"count":1,"href":"https:\/\/blogs.deia.eus\/anasagasti\/wp-json\/wp\/v2\/posts\/5749\/revisions"}],"predecessor-version":[{"id":5751,"href":"https:\/\/blogs.deia.eus\/anasagasti\/wp-json\/wp\/v2\/posts\/5749\/revisions\/5751"}],"wp:attachment":[{"href":"https:\/\/blogs.deia.eus\/anasagasti\/wp-json\/wp\/v2\/media?parent=5749"}],"wp:term":[{"taxonomy":"category","embeddable":true,"href":"https:\/\/blogs.deia.eus\/anasagasti\/wp-json\/wp\/v2\/categories?post=5749"},{"taxonomy":"post_tag","embeddable":true,"href":"https:\/\/blogs.deia.eus\/anasagasti\/wp-json\/wp\/v2\/tags?post=5749"}],"curies":[{"name":"wp","href":"https:\/\/api.w.org\/{rel}","templated":true}]}}