{"id":5752,"date":"2014-11-24T21:39:08","date_gmt":"2014-11-24T19:39:08","guid":{"rendered":"http:\/\/blogs.deia.com\/anasagasti\/?p=5752"},"modified":"2014-11-24T21:39:08","modified_gmt":"2014-11-24T19:39:08","slug":"la-asquerosa-manipulacion-de-television-espanola-sobre-la-situacion-catalana","status":"publish","type":"post","link":"https:\/\/blogs.deia.eus\/anasagasti\/2014\/11\/24\/la-asquerosa-manipulacion-de-television-espanola-sobre-la-situacion-catalana\/","title":{"rendered":"La asquerosa manipulaci\u00f3n de televisi\u00f3n espa\u00f1ola sobre la situaci\u00f3n catalana."},"content":{"rendered":"<p><strong><strong>Lunes 24 de noviembre de 2014<\/strong><\/strong><strong><strong>\u00a0<\/strong><\/strong><\/p>\n<p><a href=\"http:\/\/blogs.deia.com\/anasagasti\/files\/2014\/11\/TVE.png\"><img loading=\"lazy\" decoding=\"async\" class=\"alignleft size-full wp-image-5753\" src=\"http:\/\/blogs.deia.com\/anasagasti\/files\/2014\/11\/TVE.png\" alt=\"TVE\" width=\"151\" height=\"94\" srcset=\"https:\/\/blogs.deia.eus\/anasagasti\/files\/2014\/11\/TVE.png 151w, https:\/\/blogs.deia.eus\/anasagasti\/files\/2014\/11\/TVE-150x94.png 150w\" sizes=\"auto, (max-width: 151px) 100vw, 151px\" \/><\/a>Ignacio Moreno Blond tomen el dato, es el director adjunto de Informe Semanal, aquel programa magn\u00edfico que languidece en manos de sus nuevos responsables. Y si lo dudan, pinchen el apartado que dedicaron a la situaci\u00f3n catalana el pasado s\u00e1bado. Fue una verg\u00fcenza democr\u00e1tica.\u00a0Goebbels \u00a0no lo hubiera hecho mejor.<\/p>\n<p>Tras la noticia de las acusaciones a Artur Mas y dos conselleras de su gobierno por prevaricaci\u00f3n, usufructo de funciones, y otros dos terribles delitos m\u00e1s de esta monta, para avalar, afirmar y manipular \u00a0lo dicho por el Fiscal sacaron, como no pod\u00eda ser menos al ministro de Justicia espa\u00f1ol, Rafael Catal\u00e1 que abund\u00f3 en las descalificaciones, lo mismo que hizo uno de los fiscales m\u00e1s pugnaces.<\/p>\n<p>Pero para m\u00e1s inri pidieron en tres ocasiones \u00a0las opiniones a tres personas tan neutras, tan equilibradas, tan en b\u00fasqueda del consenso como Arcadi Espada, Ram\u00f3n Tamames y Joaqu\u00edn Leguina. Una pura bazofia.<\/p>\n<p>Independientemente que en Torrespa\u00f1a no guste nada ni Artur Mas ni la situac\u00edon catalana, un m\u00ednimo de seriedad ,un m\u00ednimo de objetividad, un m\u00ednimo de \u00e9tica, un m\u00ednimo de democracia se impone en un ente p\u00fablico.<\/p>\n<p>\u00bfD\u00f3nde est\u00e1n los trabajadores de TVE que no protestan ante semejante montaje que lo \u00fanico que logra es echar le\u00f1a al fuego y abrir a\u00fan m\u00e1s el abismo?. Me\u00a0 desenga\u00f1aron totalmente. Cre\u00ed ten\u00edan m\u00e1s coraje y eran m\u00e1s profesionales.<\/p>\n<p>Ya sabemos que Jos\u00e9 Antonio S\u00e1nchez es un manipulador de guante blanco, pero que no hay el menor contrapeso en la casa es lo que clama al cielo<\/p>\n<p>Y luego se quejan de la situaci\u00f3n catalana.<\/p>\n<p>Vean el Informe Semanal del S\u00e1bado y entender\u00e1n el porqu\u00e9.<\/p>\n<p>&nbsp;<\/p>\n<!-- AddThis Advanced Settings generic via filter on the_content --><!-- AddThis Share Buttons generic via filter on the_content -->","protected":false},"excerpt":{"rendered":"<p>Lunes 24 de noviembre de 2014\u00a0 Ignacio Moreno Blond tomen el dato, es el director adjunto de Informe Semanal, aquel programa magn\u00edfico que languidece en manos de sus nuevos responsables. Y si lo dudan, pinchen el apartado que dedicaron a la situaci\u00f3n catalana el pasado s\u00e1bado. Fue una verg\u00fcenza democr\u00e1tica.\u00a0Goebbels \u00a0no lo hubiera hecho mejor. &hellip; <a href=\"https:\/\/blogs.deia.eus\/anasagasti\/2014\/11\/24\/la-asquerosa-manipulacion-de-television-espanola-sobre-la-situacion-catalana\/\" class=\"more-link\">Sigue leyendo <span class=\"screen-reader-text\">La asquerosa manipulaci\u00f3n de televisi\u00f3n espa\u00f1ola sobre la situaci\u00f3n catalana.<\/span><\/a><!-- AddThis Advanced Settings generic via filter on get_the_excerpt --><!-- AddThis Share Buttons generic via filter on get_the_excerpt --><\/p>\n","protected":false},"author":19,"featured_media":0,"comment_status":"open","ping_status":"open","sticky":false,"template":"","format":"standard","meta":{"footnotes":""},"categories":[1],"tags":[],"class_list":["post-5752","post","type-post","status-publish","format-standard","hentry","category-general"],"_links":{"self":[{"href":"https:\/\/blogs.deia.eus\/anasagasti\/wp-json\/wp\/v2\/posts\/5752","targetHints":{"allow":["GET"]}}],"collection":[{"href":"https:\/\/blogs.deia.eus\/anasagasti\/wp-json\/wp\/v2\/posts"}],"about":[{"href":"https:\/\/blogs.deia.eus\/anasagasti\/wp-json\/wp\/v2\/types\/post"}],"author":[{"embeddable":true,"href":"https:\/\/blogs.deia.eus\/anasagasti\/wp-json\/wp\/v2\/users\/19"}],"replies":[{"embeddable":true,"href":"https:\/\/blogs.deia.eus\/anasagasti\/wp-json\/wp\/v2\/comments?post=5752"}],"version-history":[{"count":1,"href":"https:\/\/blogs.deia.eus\/anasagasti\/wp-json\/wp\/v2\/posts\/5752\/revisions"}],"predecessor-version":[{"id":5754,"href":"https:\/\/blogs.deia.eus\/anasagasti\/wp-json\/wp\/v2\/posts\/5752\/revisions\/5754"}],"wp:attachment":[{"href":"https:\/\/blogs.deia.eus\/anasagasti\/wp-json\/wp\/v2\/media?parent=5752"}],"wp:term":[{"taxonomy":"category","embeddable":true,"href":"https:\/\/blogs.deia.eus\/anasagasti\/wp-json\/wp\/v2\/categories?post=5752"},{"taxonomy":"post_tag","embeddable":true,"href":"https:\/\/blogs.deia.eus\/anasagasti\/wp-json\/wp\/v2\/tags?post=5752"}],"curies":[{"name":"wp","href":"https:\/\/api.w.org\/{rel}","templated":true}]}}