{"id":5755,"date":"2014-11-25T21:16:26","date_gmt":"2014-11-25T19:16:26","guid":{"rendered":"http:\/\/blogs.deia.com\/anasagasti\/?p=5755"},"modified":"2014-11-25T21:16:26","modified_gmt":"2014-11-25T19:16:26","slug":"el-grupo-parlamentario-vasco-en-el-senado-presenta-un-veto-a-los-presupuestos-generales-del-estado-para-2015","status":"publish","type":"post","link":"https:\/\/blogs.deia.eus\/anasagasti\/2014\/11\/25\/el-grupo-parlamentario-vasco-en-el-senado-presenta-un-veto-a-los-presupuestos-generales-del-estado-para-2015\/","title":{"rendered":"El Grupo Parlamentario Vasco en el Senado presenta un veto a los Presupuestos Generales del Estado para 2015"},"content":{"rendered":"<p><strong>Martes 25 de noviembre de 2014<\/strong><\/p>\n<p><a href=\"http:\/\/blogs.deia.com\/anasagasti\/files\/2014\/11\/Logo-partido.jpg.png\"><img loading=\"lazy\" decoding=\"async\" class=\"alignleft size-full wp-image-5756\" src=\"http:\/\/blogs.deia.com\/anasagasti\/files\/2014\/11\/Logo-partido.jpg.png\" alt=\"Logo partido.jpg\" width=\"200\" height=\"132\" \/><\/a>El Grupo Parlamentario Vasco EAJ-PNV en el Senado ha formulado un veto a los Presupuestos Generales del Estado para 2015 solicitando su devoluci\u00f3n al Gobierno. Entre los motivos esgrimido, el Grupo Vasco estima que el Gobierno ha desaprovechado la oportunidad de cambiar la receta exclusiva de austeridad y estricta aplicaci\u00f3n de las normas de reducci\u00f3n del d\u00e9ficit que han provocado recortes en el sistema de protecci\u00f3n social y han supuesto un excesivo ahogo econ\u00f3mico y social para la ciudadan\u00eda de los Estados Miembro, adem\u00e1s de que la demanda interna se ha derrumbado, las expectativas se han deprimido y las diferencias entre los m\u00e1s ricos y los m\u00e1s pobres se han disparado. \u201cNo ha demostrado capacidad para proponer una nueva pol\u00edtica econ\u00f3mica de est\u00edmulo. No hay nada de apoyo a la innovaci\u00f3n o a la inversi\u00f3n\u201d.<\/p>\n<p>Los jeltzales a\u00f1aden que el Gobierno del Partido Popular ha definido su proyecto pensando exclusivamente en los dos periodos electorales que afronta. \u201cEl problema es que estas equivocadas decisiones coyunturales tendr\u00e1n nefastas consecuencias estructurales. Sin apoyo a la empresa, sin diversificaci\u00f3n, innovaci\u00f3n, internacionalizaci\u00f3n, no hay futuro econ\u00f3mico de crecimiento sostenido, no hay recuperaci\u00f3n del empleo\u201d.<\/p>\n<p>El otro importante motivo para vetar los presupuestos del a\u00f1o que viene, es que \u201cEuzkadi no existe para el Gobierno espa\u00f1ol\u201d. La presencia de Euzkadi en esta propuesta presupuestaria raya el absurdo. No se atiende ninguna demanda (cero nuevas inversiones), no se soluciona ninguno de los problema creados (se mantiene el cierre de Foronda) y ni siquiera se atienden los compromisos previamente adquiridos (ejemplo TAV, Autopistas, Ferrocarriles o FOGASA).<\/p>\n<p><strong>Control al Gobierno <\/strong><\/p>\n<p><a href=\"http:\/\/blogs.deia.com\/anasagasti\/files\/2014\/11\/Bildarratz.png\"><img loading=\"lazy\" decoding=\"async\" class=\"alignleft size-full wp-image-5757\" src=\"http:\/\/blogs.deia.com\/anasagasti\/files\/2014\/11\/Bildarratz.png\" alt=\"Bildarratz\" width=\"160\" height=\"160\" srcset=\"https:\/\/blogs.deia.eus\/anasagasti\/files\/2014\/11\/Bildarratz.png 160w, https:\/\/blogs.deia.eus\/anasagasti\/files\/2014\/11\/Bildarratz-150x150.png 150w\" sizes=\"auto, (max-width: 160px) 100vw, 160px\" \/><\/a>Por otra parte, en la sesi\u00f3n de Control al Gobierno de este martes, el portavoz del Grupo, Jokin Bildarratz, cuestionar\u00e1 al presidente del Gobierno, qu\u00e9 pol\u00edticas piensa implementar el Gobierno espa\u00f1ol para promover la reinserci\u00f3n de presos y presas en desarrollo del art\u00edculo 25.2 de la Constituci\u00f3n espa\u00f1ola.<\/p>\n<p>&nbsp;<\/p>\n<p><a href=\"http:\/\/blogs.deia.com\/anasagasti\/files\/2014\/11\/Maria-Eugenia-Iparraguirre.png\"><img loading=\"lazy\" decoding=\"async\" class=\"alignleft size-full wp-image-5758\" src=\"http:\/\/blogs.deia.com\/anasagasti\/files\/2014\/11\/Maria-Eugenia-Iparraguirre.png\" alt=\"Maria Eugenia Iparraguirre\" width=\"202\" height=\"249\" \/><\/a>Asimismo, con motivo de que el pleno coincide con el d\u00eda Internacional contra la Violencia hacia la mujer, Mar\u00eda Eugenia Iparragirre solicitar\u00e1 al Gobierno espa\u00f1ol que valore sus pol\u00edticas para erradicar el problema de violencia contra<\/p>\n<!-- AddThis Advanced Settings generic via filter on the_content --><!-- AddThis Share Buttons generic via filter on the_content -->","protected":false},"excerpt":{"rendered":"<p>Martes 25 de noviembre de 2014 El Grupo Parlamentario Vasco EAJ-PNV en el Senado ha formulado un veto a los Presupuestos Generales del Estado para 2015 solicitando su devoluci\u00f3n al Gobierno. Entre los motivos esgrimido, el Grupo Vasco estima que el Gobierno ha desaprovechado la oportunidad de cambiar la receta exclusiva de austeridad y estricta &hellip; <a href=\"https:\/\/blogs.deia.eus\/anasagasti\/2014\/11\/25\/el-grupo-parlamentario-vasco-en-el-senado-presenta-un-veto-a-los-presupuestos-generales-del-estado-para-2015\/\" class=\"more-link\">Sigue leyendo <span class=\"screen-reader-text\">El Grupo Parlamentario Vasco en el Senado presenta un veto a los Presupuestos Generales del Estado para 2015<\/span><\/a><!-- AddThis Advanced Settings generic via filter on get_the_excerpt --><!-- AddThis Share Buttons generic via filter on get_the_excerpt --><\/p>\n","protected":false},"author":19,"featured_media":0,"comment_status":"open","ping_status":"open","sticky":false,"template":"","format":"standard","meta":{"footnotes":""},"categories":[1],"tags":[],"class_list":["post-5755","post","type-post","status-publish","format-standard","hentry","category-general"],"_links":{"self":[{"href":"https:\/\/blogs.deia.eus\/anasagasti\/wp-json\/wp\/v2\/posts\/5755","targetHints":{"allow":["GET"]}}],"collection":[{"href":"https:\/\/blogs.deia.eus\/anasagasti\/wp-json\/wp\/v2\/posts"}],"about":[{"href":"https:\/\/blogs.deia.eus\/anasagasti\/wp-json\/wp\/v2\/types\/post"}],"author":[{"embeddable":true,"href":"https:\/\/blogs.deia.eus\/anasagasti\/wp-json\/wp\/v2\/users\/19"}],"replies":[{"embeddable":true,"href":"https:\/\/blogs.deia.eus\/anasagasti\/wp-json\/wp\/v2\/comments?post=5755"}],"version-history":[{"count":1,"href":"https:\/\/blogs.deia.eus\/anasagasti\/wp-json\/wp\/v2\/posts\/5755\/revisions"}],"predecessor-version":[{"id":5759,"href":"https:\/\/blogs.deia.eus\/anasagasti\/wp-json\/wp\/v2\/posts\/5755\/revisions\/5759"}],"wp:attachment":[{"href":"https:\/\/blogs.deia.eus\/anasagasti\/wp-json\/wp\/v2\/media?parent=5755"}],"wp:term":[{"taxonomy":"category","embeddable":true,"href":"https:\/\/blogs.deia.eus\/anasagasti\/wp-json\/wp\/v2\/categories?post=5755"},{"taxonomy":"post_tag","embeddable":true,"href":"https:\/\/blogs.deia.eus\/anasagasti\/wp-json\/wp\/v2\/tags?post=5755"}],"curies":[{"name":"wp","href":"https:\/\/api.w.org\/{rel}","templated":true}]}}