{"id":5764,"date":"2014-11-27T22:09:03","date_gmt":"2014-11-27T20:09:03","guid":{"rendered":"http:\/\/blogs.deia.com\/anasagasti\/?p=5764"},"modified":"2014-11-27T22:09:03","modified_gmt":"2014-11-27T20:09:03","slug":"la-sucia-foto-del-senado-vacio","status":"publish","type":"post","link":"https:\/\/blogs.deia.eus\/anasagasti\/2014\/11\/27\/la-sucia-foto-del-senado-vacio\/","title":{"rendered":"La  sucia foto del Senado vac\u00edo"},"content":{"rendered":"<p><strong><strong>Jueves 27 de noviembre de 2014<\/strong><\/strong><\/p>\n<p><a href=\"http:\/\/blogs.deia.com\/anasagasti\/files\/2014\/11\/Senado-Noviembre-de-2014.jpg\"><img loading=\"lazy\" decoding=\"async\" class=\"alignleft size-full wp-image-5765\" src=\"http:\/\/blogs.deia.com\/anasagasti\/files\/2014\/11\/Senado-Noviembre-de-2014.jpg\" alt=\"Senado (Noviembre de 2014)\" width=\"992\" height=\"484\" srcset=\"https:\/\/blogs.deia.eus\/anasagasti\/files\/2014\/11\/Senado-Noviembre-de-2014.jpg 992w, https:\/\/blogs.deia.eus\/anasagasti\/files\/2014\/11\/Senado-Noviembre-de-2014-580x282.jpg 580w, https:\/\/blogs.deia.eus\/anasagasti\/files\/2014\/11\/Senado-Noviembre-de-2014-940x458.jpg 940w\" sizes=\"auto, (max-width: 992px) 100vw, 992px\" \/><\/a>Ayer fue trending topic una fotograf\u00eda del Senado medio vaci\u00f3 o casi vac\u00edo. Y como hay un ensa\u00f1amiento hacia lo pol\u00edtico muchos se regodearon en ella: \u201dles pagamos por no hacer nada\u201d.<\/p>\n<p>El mi\u00e9rcoles se discutieron los presupuestos generales del estado. La ley m\u00e1s importante del a\u00f1o. Primero los vetos y luego las secciones. Un debate que empez\u00f3 a las nueve de la ma\u00f1ana y termin\u00f3 a las doce y media de la noche sin interrumpir para comer. Quince horas y medias seguidas\u00a0 en una sala con mala ventilaci\u00f3n hubiera acabado con los senadores. Los periodistas brillaron por su ausencia.<\/p>\n<p>Pero \u00bfPor qu\u00e9 la pol\u00edtica se tiene que medir por culos de hierro que aguantan quince horas sin moverse?.<\/p>\n<p>La foto ten\u00eda una p\u00e9sima intenci\u00f3n.<\/p>\n<p>Yo no sal\u00ed del Senado. Durante el d\u00eda trabaj\u00e9 como un\u00a0 descosido. Seguir el debate desde el monitor del despacho, que es lo que hace la mayor\u00eda. Preparar enmiendas. Rellenar el impreso para justificar los viajes. Recibir a los representantes de la peque\u00f1a y mediana empresa que est\u00e1n alarmados por la subida de los alquileres. Recibir al embajador de Cuba. Reuni\u00f3n con la ponencia sobre el ciberacoso. Vamos a editar dicho trabajo y publicarlo en ingl\u00e9s. Atender a dos estudiantes sobre una tesis en relaci\u00f3n con la confederabilidad.\u00a0 Estar con una \u00a0delegaci\u00f3n francesa \u00a0de gentes que buscan invertir en Euskadi y deseaban orientaci\u00f3n. Preparar la reuni\u00f3n del Intergrupo de Derechos Humanos que vamos a crear en el Senado. Contestar unas diez cartas y una docena de correos. Y m\u00e1s y m\u00e1s.<\/p>\n<p>Pepa Bueno \u00a0tiene un programa en la Ser donde trabaja cuatro horas de cara al p\u00fablico. \u00bfQuiere eso decir que no trabaja el resto del d\u00eda o que \u00a0por preparar sus programa y porque no sale al aire hay que criticarle?.<\/p>\n<p>Me parece que es una verg\u00fcenza el ataque tan sistem\u00e1tico de ciertos medios a la pol\u00edtica y a los pol\u00edticos. Est\u00e1 muy bien hacerlo con el vago y con el corrupto, pero no con el 95% de los representantes p\u00fablicos que no paran y que hacen lo que pueden durante todo el d\u00eda.<\/p>\n<p>Y hay que establecer una distinci\u00f3n entre pol\u00edticos del partido de gobierno y pol\u00edticos de la oposici\u00f3n, aunque ya de hecho estos periodistas a la violeta le llaman a Pedro S\u00e1nchez, \u201djefe de la oposici\u00f3n\u201d. Precisen \u00a0por favor. Ese se\u00f1or es el secretario general del PSOE, pero no mi jefe. No tenemos jefe de la oposici\u00f3n, a\u00a0 no ser que quieran seguir consagrando el bipartidismo. No sean tan vagos.<\/p>\n<p>Pero es que hay mucho facha suelto. Y mucho desaprensivo sin la menor responsabilidad. Por una foto manipulable pierden la dignidad. Y les importa un comino sus consecuencias. Saben que son inmunes e impunes a cualquier protesta. Y est\u00e1n empe\u00f1ados en cargarse todo lo cargable. Y sobre todo haci\u00e9ndolo en unos medios cuyos due\u00f1os se frotan las manos. Es el negocio del siglo. El tiro al pol\u00edtico. Por narices.<\/p>\n<p>Y les molesta el control y un elenco de pol\u00edticos trabajando todo el d\u00eda. Por eso distorsionan la realidad como esa maldita foto, mentirosa y sucia. Y, encima, no se toman el trabajo de reflejar la realidad. Adem\u00e1s de un periodismo lamentable, de titulares y de gentes calentitas en el congreso sin buscar la noticia (no todos), hay una serie de gentes, en varios medios, empe\u00f1adas en hacer da\u00f1o. Como la dichosa fotograf\u00eda. Y no es man\u00eda persecutoria. Es simplemente observar la realidad. H\u00e1ganlo y ver\u00e1n.<\/p>\n<!-- AddThis Advanced Settings generic via filter on the_content --><!-- AddThis Share Buttons generic via filter on the_content -->","protected":false},"excerpt":{"rendered":"<p>Jueves 27 de noviembre de 2014 Ayer fue trending topic una fotograf\u00eda del Senado medio vaci\u00f3 o casi vac\u00edo. Y como hay un ensa\u00f1amiento hacia lo pol\u00edtico muchos se regodearon en ella: \u201dles pagamos por no hacer nada\u201d. El mi\u00e9rcoles se discutieron los presupuestos generales del estado. La ley m\u00e1s importante del a\u00f1o. Primero los &hellip; <a href=\"https:\/\/blogs.deia.eus\/anasagasti\/2014\/11\/27\/la-sucia-foto-del-senado-vacio\/\" class=\"more-link\">Sigue leyendo <span class=\"screen-reader-text\">La  sucia foto del Senado vac\u00edo<\/span><\/a><!-- AddThis Advanced Settings generic via filter on get_the_excerpt --><!-- AddThis Share Buttons generic via filter on get_the_excerpt --><\/p>\n","protected":false},"author":19,"featured_media":0,"comment_status":"open","ping_status":"open","sticky":false,"template":"","format":"standard","meta":{"footnotes":""},"categories":[1],"tags":[],"class_list":["post-5764","post","type-post","status-publish","format-standard","hentry","category-general"],"_links":{"self":[{"href":"https:\/\/blogs.deia.eus\/anasagasti\/wp-json\/wp\/v2\/posts\/5764","targetHints":{"allow":["GET"]}}],"collection":[{"href":"https:\/\/blogs.deia.eus\/anasagasti\/wp-json\/wp\/v2\/posts"}],"about":[{"href":"https:\/\/blogs.deia.eus\/anasagasti\/wp-json\/wp\/v2\/types\/post"}],"author":[{"embeddable":true,"href":"https:\/\/blogs.deia.eus\/anasagasti\/wp-json\/wp\/v2\/users\/19"}],"replies":[{"embeddable":true,"href":"https:\/\/blogs.deia.eus\/anasagasti\/wp-json\/wp\/v2\/comments?post=5764"}],"version-history":[{"count":1,"href":"https:\/\/blogs.deia.eus\/anasagasti\/wp-json\/wp\/v2\/posts\/5764\/revisions"}],"predecessor-version":[{"id":5766,"href":"https:\/\/blogs.deia.eus\/anasagasti\/wp-json\/wp\/v2\/posts\/5764\/revisions\/5766"}],"wp:attachment":[{"href":"https:\/\/blogs.deia.eus\/anasagasti\/wp-json\/wp\/v2\/media?parent=5764"}],"wp:term":[{"taxonomy":"category","embeddable":true,"href":"https:\/\/blogs.deia.eus\/anasagasti\/wp-json\/wp\/v2\/categories?post=5764"},{"taxonomy":"post_tag","embeddable":true,"href":"https:\/\/blogs.deia.eus\/anasagasti\/wp-json\/wp\/v2\/tags?post=5764"}],"curies":[{"name":"wp","href":"https:\/\/api.w.org\/{rel}","templated":true}]}}